{"id":2902,"date":"2013-07-31T18:51:16","date_gmt":"2013-07-31T21:51:16","guid":{"rendered":"http:\/\/catolicanet.net\/wp-cnet\/jmj-rio2013-superou-todas-as-expectativas\/"},"modified":"2017-03-22T13:39:09","modified_gmt":"2017-03-22T16:39:09","slug":"jmj-rio2013-superou-todas-as-expectativas","status":"publish","type":"post","link":"https:\/\/catolicanet.net\/wp-cnet\/jmj-rio2013-superou-todas-as-expectativas\/","title":{"rendered":"JMJ Rio2013 superou todas as expectativas"},"content":{"rendered":"<p style=\"text-align: justify;\"><img decoding=\"async\" src=\"http:\/\/catolicanet.com.br\/images\/stories\/jovensjmjrio.jpg\" border=\"0\" align=\"left\" \/>Os resultados alcan\u00e7ados pela Jornada Mundial da Juventude Rio 2013 superaram todas as expectativas, segundo o Arcebispo do Rio de Janeiro e Presidente do Comit\u00ea Organizador Local (COL), Dom Orani Tempesta. O p\u00fablico presente \u00e0 Missa de Envio chegou a 3,7 milh\u00f5es de pessoas, seis vezes maior que o n\u00famero presente no primeiro Ato Central &#8211; a Missa de Abertura -, estimado em 600 mil participantes. O impacto econ\u00f4mico tamb\u00e9m foi significativo. Os visitantes desembolsaram R$\u00a0\u00a0 1,8 bilh\u00f5es, segundo dados do Minist\u00e9rio do Turismo.<\/p>\n<p>Mas a renova\u00e7\u00e3o da f\u00e9 e da esperan\u00e7a \u00e9 o principal legado que a JMJ Rio2013 deixar\u00e1 no cora\u00e7\u00e3o dos jovens, de acordo com Dom Orani. \u0093Os jovens levaram consigo uma experi\u00eancia de f\u00e9, de esperan\u00e7a muito grande. Tenho certeza de que jamais esqueceremos. Os jovens j\u00e1 s\u00e3o protagonistas hoje. O meu cora\u00e7\u00e3o est\u00e1 muito agradecido\u0094, destacou. O Arcebispo disse ainda que est\u00e1 sendo viabilizada a cria\u00e7\u00e3o de um instituto para a juventude que ter\u00e1 a responsabilidade de guardar as experi\u00eancias da JMJ Rio2013 e trabalhar pelos jovens.<\/p>\n<p>No total, mais de 3,5 milh\u00f5es de pessoas participaram dos eventos da JMJ em Copacabana, Quinta da Boa Vista, Rio Centro e em diversas par\u00f3quias da cidade. A cerim\u00f4nia de acolhida do Papa Francisco, na quinta-feira, 25, reuniu 1,2 milh\u00f5es de pessoas em Copacabana, enquanto a Via-Sacra chegou a 2 milh\u00f5es na sexta-feira, 26. Na vig\u00edlia, cerca de 3,5 milh\u00f5es de jovens estiveram na praia de Copacabana.<\/p>\n<p>As inscri\u00e7\u00f5es foram 427 mil, com peregrinos de 175 pa\u00edses. Os inscritos com hospedagens foram cerca de 180 mil, enquanto as vagas disponibilizadas para hospedagem em casas de fam\u00edlia e institui\u00e7\u00f5es chegaram a 356,4 mil.<\/p>\n<p>O maior n\u00famero de participantes era de latino-americanos. Os pa\u00edses com o maior n\u00famero de inscritos foram, respectivamente, Brasil, Argentina, Estados Unidos, Chile, It\u00e1lia, Venezuela, Fran\u00e7a, Paraguai, Peru e M\u00e9xico. Do total dos inscritos internacionais, 72,7% estiveram no Brasil pela primeira vez e 86,9% nunca haviam participado de uma Jornada. Foram credenciados 6,4 mil jornalistas para cobrir a JMJ Rio2013 em 57 pa\u00edses.<\/p>\n<p>Foram mais de 70 mil downloads no site oficial da JMJ Rio2013 e mais de 200 mil acessos. O facebook recebeu mais de 1,1 milh\u00e3o de curtidas e o flickr superou 10 mil downloads.<\/p>\n<p>Entre os peregrinos inscritos, 55% s\u00e3o do sexo feminino; 60% do p\u00fablico tem entre 19 e 34 anos. Foram 644 Bispos inscritos, dos quais 28 s\u00e3o Cardeais. Al\u00e9m disso, foram 7814 sacerdotes inscritos e 632 di\u00e1conos. Para cobrir a JMJ Rio2013 em 57 pa\u00edses, foram credenciados 6,4 mil jornalistas.<\/p>\n<p>O evento tamb\u00e9m contou com 264 locais de catequese, em 25 idiomas. Foram 60 mil volunt\u00e1rios, mais de 800 artistas participantes dos Atos Centrais. Um total de 100 confession\u00e1rios foram expostos na Feira Vocacional e no Largo da Carioca e 4 milh\u00f5es de h\u00f3stias produzidas, 800 mil para Missa de Envio.<\/p>\n<p>A gera\u00e7\u00e3o de lixo foi inferior a outros eventos que acontecem em Copacabana, como o R\u00e9veillon. A Companhia Municipal de Limpeza Urbana (Comlurb) removeu 345 toneladas de res\u00edduos org\u00e2nicos e 45 toneladas de materiais recicl\u00e1veis, durante a JMJ Rio2013. O n\u00famero representa cerca de 10% a menos do registrado na noite do \u00faltimo Ano Novo.<\/p>\n<p>Entre os v\u00e1rios momentos significativos vividos junto ao Santo Padre, o Arcebispo do Rio destacou dois: a rela\u00e7\u00e3o de carinho com as crian\u00e7as e a ora\u00e7\u00e3o ao Cristo Redentor. \u0093Todas as vezes que nos desloc\u00e1vamos de helic\u00f3ptero, o Santo Padre olhava para o Cristo e rezava. Eu que estava atr\u00e1s dele, pude presenciar v\u00e1rias vezes esses momentos de ora\u00e7\u00e3o.<\/p>\n<p>A proximidade do Papa com as pessoas traz um testemunho para o mundo de que a Igreja est\u00e1 perto das pessoas, como uma m\u00e3e de seus filhos, explicou Dom Orani. \u0093A Igreja antes de mais nada anuncia uma boa not\u00edcia a todos\u0094, disse. Outro legado deixado pela JMJ Rio2013 foi a aten\u00e7\u00e3o do poder p\u00fablico e da m\u00eddia para a Regi\u00e3o Oeste, onde est\u00e1 Guaratiba.<\/p>\n<p>A cruz da JMJ e o \u00cdcone de Nossa Senhora ser\u00e3o entregues \u00e0 Crac\u00f3via, pr\u00f3xima cidade-sede, apenas em Roma. A tradi\u00e7\u00e3o \u00e9 que sejam enviados para o Pontif\u00edcio Conselho para os Leigos e no domingo de Ramos do pr\u00f3ximo ano, ser\u00e3o entregues aos jovens da Pol\u00f4nia em cerim\u00f4nia que dever\u00e1 acontecer em Roma.<\/p>\n<p><strong><br \/>Fonte: R\u00e1dio Vaticano<br \/>Local:<\/strong> Rio de Janeiro (RJ)<\/p>\n","protected":false},"excerpt":{"rendered":"<p>Os resultados alcan\u00e7ados pela Jornada Mundial da Juventude Rio 2013 superaram todas as expectativas, segundo o Arcebispo do Rio de Janeiro e Presidente do Comit\u00ea Organizador Local (COL), Dom Orani Tempesta. O p\u00fablico presente \u00e0 Missa de Envio chegou a 3,7 milh\u00f5es de pessoas, seis vezes maior que o n\u00famero presente no primeiro Ato Central [&hellip;]<\/p>\n","protected":false},"author":1,"featured_media":0,"comment_status":"closed","ping_status":"closed","sticky":false,"template":"","format":"standard","meta":{"footnotes":""},"categories":[3],"tags":[],"class_list":["post-2902","post","type-post","status-publish","format-standard","hentry","category-vaticano"],"_links":{"self":[{"href":"https:\/\/catolicanet.net\/wp-cnet\/wp-json\/wp\/v2\/posts\/2902","targetHints":{"allow":["GET"]}}],"collection":[{"href":"https:\/\/catolicanet.net\/wp-cnet\/wp-json\/wp\/v2\/posts"}],"about":[{"href":"https:\/\/catolicanet.net\/wp-cnet\/wp-json\/wp\/v2\/types\/post"}],"author":[{"embeddable":true,"href":"https:\/\/catolicanet.net\/wp-cnet\/wp-json\/wp\/v2\/users\/1"}],"replies":[{"embeddable":true,"href":"https:\/\/catolicanet.net\/wp-cnet\/wp-json\/wp\/v2\/comments?post=2902"}],"version-history":[{"count":1,"href":"https:\/\/catolicanet.net\/wp-cnet\/wp-json\/wp\/v2\/posts\/2902\/revisions"}],"predecessor-version":[{"id":7282,"href":"https:\/\/catolicanet.net\/wp-cnet\/wp-json\/wp\/v2\/posts\/2902\/revisions\/7282"}],"wp:attachment":[{"href":"https:\/\/catolicanet.net\/wp-cnet\/wp-json\/wp\/v2\/media?parent=2902"}],"wp:term":[{"taxonomy":"category","embeddable":true,"href":"https:\/\/catolicanet.net\/wp-cnet\/wp-json\/wp\/v2\/categories?post=2902"},{"taxonomy":"post_tag","embeddable":true,"href":"https:\/\/catolicanet.net\/wp-cnet\/wp-json\/wp\/v2\/tags?post=2902"}],"curies":[{"name":"wp","href":"https:\/\/api.w.org\/{rel}","templated":true}]}}