{"id":29010,"date":"2017-03-22T13:23:20","date_gmt":"2017-03-22T16:23:20","guid":{"rendered":"http:\/\/catolicanet.net\/wp-cnet\/2017\/03\/22\/etiopia-um-terco-em-prol-da-missao-na-regiao-somali\/"},"modified":"2017-06-12T10:19:32","modified_gmt":"2017-06-12T13:19:32","slug":"etiopia-um-terco-em-prol-da-missao-na-regiao-somali","status":"publish","type":"post","link":"https:\/\/catolicanet.net\/wp-cnet\/etiopia-um-terco-em-prol-da-missao-na-regiao-somali\/","title":{"rendered":"Eti\u00f3pia: um ter\u00e7o em prol da miss\u00e3o na regi\u00e3o somali"},"content":{"rendered":"<p style=\"text-align: justify;\"><img decoding=\"async\" src=\"http:\/\/www.catolicanet.com.br\/images\/stories\/noticias2017\/afp6411745_articolo.jpg\" border=\"0\" align=\"left\" \/>Gode (RV) \u2013 Mais de um ano sem \u00e1gua, o gado morto ao longo das estradas de barro, pessoas mortas cotidianamente por causa da c\u00f3lera, sem medicamentos e m\u00e9dicos, sem nenhum term\u00f4metro para mediar a febre, enquanto a temperatura passa de 45 graus. O cen\u00e1rio descrito \u00e9 o da regi\u00e3o somali da Eti\u00f3pia. Dentre as iniciativas promovidas para esta emerg\u00eancia, #AyunoXti convida a rezar um ter\u00e7o comunit\u00e1rio neste dia 22 de mar\u00e7o pela miss\u00e3o de miseric\u00f3rdia do Padre Christopher Hartley, mission\u00e1rio espanhol que vive desde 2008 em Gode, nesta \u00e1rea entre a Eti\u00f3pia e a Som\u00e1lia. \u201cN\u00f3s temos \u00e1gua, rem\u00e9dios, alimentos, e nos deixamos levar pelo consumismo e pelas comodidades. Ali, milhares de pessoas morrem porque n\u00e3o t\u00eam um copo de \u00e1gua. Rezemos para que Deus lhe d\u00ea for\u00e7a, sensibilize o Ocidente com a ora\u00e7\u00e3o intensa e ofertas materiais\u201d, consta no apelo.<\/p>\n<p>Ao convite \u00e0 ora\u00e7\u00e3o se une a mensagem de agradecimento que o pr\u00f3prio Padre Christopher enviou \u00e0s pessoas que ajudarem. \u201cQueridos amigos, obrigado por sua extraordin\u00e1ria generosidade. Ontem pude acompanhar o primeiro carro-pipa com \u00e1gua na primeira aldeia indicada pelo Governo\u201d revela \u00e0 Fides. \u201cO vilarejo se encontra a 70 km de Gode e tem 4.500 moradores. N\u00e3o consigo descrever a emo\u00e7\u00e3o e a alegria das pessoas, que continuavam a dizer: \u2018Abba, Ebbe, Xakubarakeyo\u2019 (pai, que Deus a abe\u00e7oe). Hoje, irei a outra aldeia e assim durante toda a semana. Cada caminh\u00e3o leva 24 mil litros de \u00e1gua. Pe\u00e7o-lhes somente que continuem a rezar intensamente por n\u00f3s a fim de que a Igreja continue sendo m\u00e3e em meio a este pobre territ\u00f3rio africano\u201d conclui Pe. Christopher.<\/p>\n<p style=\"text-align: justify;\">\u00a0<\/p>\n<p style=\"text-align: justify;\">Fonte: R\u00e1dio Vaticano<\/p>\n","protected":false},"excerpt":{"rendered":"<p>Gode (RV) \u2013 Mais de um ano sem \u00e1gua, o gado morto ao longo das estradas de barro, pessoas mortas cotidianamente por causa da c\u00f3lera, sem medicamentos e m\u00e9dicos, sem nenhum term\u00f4metro para mediar a febre, enquanto a temperatura passa de 45 graus. O cen\u00e1rio descrito \u00e9 o da regi\u00e3o somali da Eti\u00f3pia. Dentre as [&hellip;]<\/p>\n","protected":false},"author":1,"featured_media":29009,"comment_status":"open","ping_status":"open","sticky":false,"template":"","format":"standard","meta":{"footnotes":""},"categories":[3],"tags":[],"class_list":["post-29010","post","type-post","status-publish","format-standard","has-post-thumbnail","hentry","category-vaticano"],"_links":{"self":[{"href":"https:\/\/catolicanet.net\/wp-cnet\/wp-json\/wp\/v2\/posts\/29010","targetHints":{"allow":["GET"]}}],"collection":[{"href":"https:\/\/catolicanet.net\/wp-cnet\/wp-json\/wp\/v2\/posts"}],"about":[{"href":"https:\/\/catolicanet.net\/wp-cnet\/wp-json\/wp\/v2\/types\/post"}],"author":[{"embeddable":true,"href":"https:\/\/catolicanet.net\/wp-cnet\/wp-json\/wp\/v2\/users\/1"}],"replies":[{"embeddable":true,"href":"https:\/\/catolicanet.net\/wp-cnet\/wp-json\/wp\/v2\/comments?post=29010"}],"version-history":[{"count":1,"href":"https:\/\/catolicanet.net\/wp-cnet\/wp-json\/wp\/v2\/posts\/29010\/revisions"}],"predecessor-version":[{"id":31286,"href":"https:\/\/catolicanet.net\/wp-cnet\/wp-json\/wp\/v2\/posts\/29010\/revisions\/31286"}],"wp:featuredmedia":[{"embeddable":true,"href":"https:\/\/catolicanet.net\/wp-cnet\/wp-json\/wp\/v2\/media\/29009"}],"wp:attachment":[{"href":"https:\/\/catolicanet.net\/wp-cnet\/wp-json\/wp\/v2\/media?parent=29010"}],"wp:term":[{"taxonomy":"category","embeddable":true,"href":"https:\/\/catolicanet.net\/wp-cnet\/wp-json\/wp\/v2\/categories?post=29010"},{"taxonomy":"post_tag","embeddable":true,"href":"https:\/\/catolicanet.net\/wp-cnet\/wp-json\/wp\/v2\/tags?post=29010"}],"curies":[{"name":"wp","href":"https:\/\/api.w.org\/{rel}","templated":true}]}}