{"id":29004,"date":"2017-03-22T12:49:24","date_gmt":"2017-03-22T15:49:24","guid":{"rendered":"http:\/\/catolicanet.net\/wp-cnet\/2017\/03\/22\/papa-na-comunidade-nao-existem-fieis-da-qserie-aqe-qserie-bq\/"},"modified":"2017-06-12T10:21:11","modified_gmt":"2017-06-12T13:21:11","slug":"papa-na-comunidade-nao-existem-fieis-da-qserie-aqe-qserie-bq","status":"publish","type":"post","link":"https:\/\/catolicanet.net\/wp-cnet\/papa-na-comunidade-nao-existem-fieis-da-qserie-aqe-qserie-bq\/","title":{"rendered":"Papa: na comunidade n\u00e3o existem fi\u00e9is da &#8220;s\u00e9rie A&#8221;e &#8220;s\u00e9rie B&#8221;"},"content":{"rendered":"<p style=\"text-align: justify;\"><img decoding=\"async\" src=\"http:\/\/www.catolicanet.com.br\/images\/stories\/papas\/ansa1168373_articolo.jpg\" border=\"0\" align=\"left\" \/>Cidade do Vaticano (RV) &#8211; &#8220;\u00c9 nas Escrituras que o Pai do Senhor nosso Jesus Cristo se revela como Deus da perseveran\u00e7a e da consola\u00e7\u00e3o&#8221;. Na Audi\u00eancia Geral desta quarta-feira da terceira semana da Quaresma, a 11a de 2017, o Papa Francisco deu continuidade ao seu ciclo de catequeses sobre a esperan\u00e7a crist\u00e3, destacando a perseveran\u00e7a e a consola\u00e7\u00e3o, tratadas pelo Ap\u00f3stolo Paulo na Carta aos Romanos.<\/p>\n<p style=\"text-align: justify;\">\u00a0<\/p>\n<p style=\"text-align: justify;\"><a href=\"http:\/\/media02.radiovaticana.va\/audio\/audio2\/mp3\/00574682.mp3\">Clique aqui para ouvir:<\/a><\/p>\n<p style=\"text-align: justify;\">\u00a0<\/p>\n<p style=\"text-align: justify;\">Dirigindo-se aos cerca de 15 mil fieis presentes na Pra\u00e7a S\u00e3o Pedro, o Papa explicou que &#8220;a perseveran\u00e7a ou paci\u00eancia, \u00e9 a capacidade de suportar, permanecer fiel, mesmo quando o peso \u00e9 demasiado grande e somos tentados a abandonar tudo&#8221;.<\/p>\n<p style=\"text-align: justify;\">\u00a0<\/p>\n<p style=\"text-align: justify;\"><a href=\"https:\/\/www.youtube.com\/watch?v=aM7ozSB2OUU\">Clique aqui para assistir o v\u00eddeo:<\/a><\/p>\n<p style=\"text-align: justify;\">\u00a0<\/p>\n<p style=\"text-align: justify;\">A consola\u00e7\u00e3o, por sua vez, &#8220;\u00e9 a gra\u00e7a de saber perceber e manifestar a presen\u00e7a e a a\u00e7\u00e3o compassiva de Deus, em todas as circunst\u00e2ncias, mesmo quando marcadas pela decep\u00e7\u00e3o e sofrimentos. Deste modo nos tornamos fortes, a fim de poder permanecer pr\u00f3ximos aos irm\u00e3os mais fracos, ajudando-os em suas fragilidades&#8221;.<\/p>\n<p>Francisco recorda que a perseveran\u00e7a e a consola\u00e7\u00e3o nos s\u00e3o transmitidas em modo particular pelas Escrituras. &#8220;A Palavra de Deus, em primeiro lugar, nos leva a dirigir o olhar a Jesus, a conhec\u00ea-lo melhor a conformar-nos a Ele, a nos assemelhar a Ele. Em segundo lugar, a Palavra nos revela que o Senhor \u00e9 realmente &#8220;o Deus da perseveran\u00e7a e da consola\u00e7\u00e3o&#8221;, que permanece sempre fiel ao seu amor por n\u00f3s e que cuida de n\u00f3s, cobrindo as nossas feridas com o carinho da sua bondade e da sua miseric\u00f3rdia&#8221;.<\/p>\n<p>A express\u00e3o de S\u00e3o Paulo &#8220;n\u00f3s que somos fortes, devemos suportar a fraqueza dos fracos e n\u00e3o procurar o que nos agrada&#8221;\u00a0 &#8211;\u00a0 explica o Papa &#8211; poderia parecer presun\u00e7osa, &#8220;mas na l\u00f3gica do Evangelho sabemos que n\u00e3o \u00e9 assim, \u00e9 justamente o contr\u00e1rio, pois sabemos que a nossa for\u00e7a n\u00e3o vem de n\u00f3s, mas do Senhor&#8221;:<\/p>\n<p>&#8220;Quem experimenta na pr\u00f3pria vida o amor fiel de Deus e a sua consola\u00e7\u00e3o \u00e9 capaz, ou melhor, tem a obriga\u00e7\u00e3o de estar pr\u00f3ximo aos fieis mais fr\u00e1geis, assumindo as suas fragilidades. E pode fazer isto sem autosatisfa\u00e7\u00e3o, mas sentindo-se simplesmente como um &#8220;canal&#8221; que transmite os dons do Senhor; e assim se torna concretamente um &#8220;semeador&#8221; de esperan\u00e7a&#8221;.<\/p>\n<p>E o fruto deste estilo de vida &#8211; alerta o Santo Padre &#8211; n\u00e3o \u00e9 uma comunidade &#8220;em que alguns s\u00e3o de &#8220;s\u00e9rie A&#8221;, isto \u00e9 os fortes, e outros de &#8220;s\u00e9rie B&#8221;, isto \u00e9, os fracos. O fruto, ao contr\u00e1rio, como diz S\u00e3o Paulo, &#8220;\u00e9 ter os mesmos sentimentos uns com os outros. A Palavra de Deus alimenta uma esperan\u00e7a que se traduz concretamente na partilha e no servi\u00e7o rec\u00edproco&#8221;:<\/p>\n<p>&#8220;Porque tamb\u00e9m quem \u00e9 &#8220;forte&#8221; experimenta cedo ou tarde a fragilidade e tem necessidade do conforto dos outros; e vice-versa na fraqueza se pode sempre oferecer um sorriso ou uma m\u00e3o ao irm\u00e3o em dificuldade. E \u00e9 uma comunidade assim que &#8220;que a uma s\u00f3 voz d\u00e1 gl\u00f3ria a Deus&#8221;. Mas tudo isto \u00e9 poss\u00edvel somente se coloca no centro Jesus e a sua Palavra. Somente Ele \u00e9 o &#8220;irm\u00e3o forte&#8221; que cuida de cada um de n\u00f3s. De fato, todos temos necessidade de ser carregados pelo Bom Pastor e de sermos envolvidos pelo seu olhar terno e cuidadoso&#8221;.<\/p>\n<p>Ao final de sua catequese, Francisco lan\u00e7ou um apelo a todas as comunidades para viverem com f\u00e9 a iniciativa &#8220;24 horas com o Senhor&#8221;, de 23 a 24 de mar\u00e7o, voltado ao Sacramento da Reconcilia\u00e7\u00e3o: &#8220;Desejo que tamb\u00e9m este ano tal momento privilegiado de gra\u00e7a do caminho quaresmal seja vivido em tantas igrejas para experimentar o alegre encontro com a miseric\u00f3rdia do Pai, que todos acolhe e perdoa&#8221;.<\/p>\n<p style=\"text-align: justify;\">Fonte: R\u00e1dio Vaticano<\/p>\n","protected":false},"excerpt":{"rendered":"<p>Cidade do Vaticano (RV) &#8211; &#8220;\u00c9 nas Escrituras que o Pai do Senhor nosso Jesus Cristo se revela como Deus da perseveran\u00e7a e da consola\u00e7\u00e3o&#8221;. Na Audi\u00eancia Geral desta quarta-feira da terceira semana da Quaresma, a 11a de 2017, o Papa Francisco deu continuidade ao seu ciclo de catequeses sobre a esperan\u00e7a crist\u00e3, destacando a [&hellip;]<\/p>\n","protected":false},"author":1,"featured_media":29003,"comment_status":"open","ping_status":"open","sticky":false,"template":"","format":"standard","meta":{"footnotes":""},"categories":[3],"tags":[],"class_list":["post-29004","post","type-post","status-publish","format-standard","has-post-thumbnail","hentry","category-vaticano"],"_links":{"self":[{"href":"https:\/\/catolicanet.net\/wp-cnet\/wp-json\/wp\/v2\/posts\/29004","targetHints":{"allow":["GET"]}}],"collection":[{"href":"https:\/\/catolicanet.net\/wp-cnet\/wp-json\/wp\/v2\/posts"}],"about":[{"href":"https:\/\/catolicanet.net\/wp-cnet\/wp-json\/wp\/v2\/types\/post"}],"author":[{"embeddable":true,"href":"https:\/\/catolicanet.net\/wp-cnet\/wp-json\/wp\/v2\/users\/1"}],"replies":[{"embeddable":true,"href":"https:\/\/catolicanet.net\/wp-cnet\/wp-json\/wp\/v2\/comments?post=29004"}],"version-history":[{"count":1,"href":"https:\/\/catolicanet.net\/wp-cnet\/wp-json\/wp\/v2\/posts\/29004\/revisions"}],"predecessor-version":[{"id":31289,"href":"https:\/\/catolicanet.net\/wp-cnet\/wp-json\/wp\/v2\/posts\/29004\/revisions\/31289"}],"wp:featuredmedia":[{"embeddable":true,"href":"https:\/\/catolicanet.net\/wp-cnet\/wp-json\/wp\/v2\/media\/29003"}],"wp:attachment":[{"href":"https:\/\/catolicanet.net\/wp-cnet\/wp-json\/wp\/v2\/media?parent=29004"}],"wp:term":[{"taxonomy":"category","embeddable":true,"href":"https:\/\/catolicanet.net\/wp-cnet\/wp-json\/wp\/v2\/categories?post=29004"},{"taxonomy":"post_tag","embeddable":true,"href":"https:\/\/catolicanet.net\/wp-cnet\/wp-json\/wp\/v2\/tags?post=29004"}],"curies":[{"name":"wp","href":"https:\/\/api.w.org\/{rel}","templated":true}]}}