{"id":29000,"date":"2017-03-22T12:04:01","date_gmt":"2017-03-22T15:04:01","guid":{"rendered":"http:\/\/catolicanet.net\/wp-cnet\/2017\/03\/22\/papa-francisco-nomeia-bispo-coadjutor-para-montenegro-rs\/"},"modified":"2017-06-12T10:22:35","modified_gmt":"2017-06-12T13:22:35","slug":"papa-francisco-nomeia-bispo-coadjutor-para-montenegro-rs","status":"publish","type":"post","link":"https:\/\/catolicanet.net\/wp-cnet\/papa-francisco-nomeia-bispo-coadjutor-para-montenegro-rs\/","title":{"rendered":"Papa Francisco nomeia bispo coadjutor para Montenegro (RS)"},"content":{"rendered":"<p style=\"text-align: justify;\"><img decoding=\"async\" src=\"http:\/\/www.catolicanet.com.br\/images\/stories\/bispos\/pe-carlos-rmulo.jpg\" border=\"0\" align=\"left\" \/>Padre nomeado \u00e9 da arquidiocese de Pelotas, tamb\u00e9m no Rio Grande do Sul<\/p>\n<p>O papa Francisco, acolhendo a solicita\u00e7\u00e3o de dom Paulo Ant\u00f4nio de Conto, de poder contar com a colabora\u00e7\u00e3o de um coadjutor, nomeou nesta quarta-feira, 22, padre Carlos R\u00f4mulo Gon\u00e7alves e Silva como bispo coadjutor de Montenegro (RS). Atualmente, o presb\u00edtero exerce a fun\u00e7\u00e3o de vig\u00e1rio geral da arquidiocese de Pelotas (RS).<\/p>\n<p>Natural de Piratini (RS), padre Carlos R\u00f4mulo Gon\u00e7alves e Silva nasceu no dia 24 de janeiro de 1969. Recebeu a ordena\u00e7\u00e3o sacerdotal em 08 de dezembro de 1994, em sua cidade natal. \u00c9 graduado em Filosofia pela Universidade Cat\u00f3lica de Pelotas e em Teologia, pelo Instituto de Teologia Paulo VI. Possui mestrado em Teologia Espiritual pelo Instituto de Espiritualidade da Pontif\u00edcia Universidade Gregoriana em Roma. <\/p>\n<p>Na arquidiocese de Pelotas, padre Carlos atuou como assistente do Semin\u00e1rio Menor; assistente do Proped\u00eautico e assistente da Filosofia. Tamb\u00e9m foi vig\u00e1rio paroquial, p\u00e1roco, reitor do semin\u00e1rio e coordenador das miss\u00f5es populares e do Servi\u00e7o de Anima\u00e7\u00e3o Vocacional.<\/p>\n<p>Atualmente, o presb\u00edtero \u00e9 vig\u00e1rio geral da arquidiocese de Pelotas e respons\u00e1vel pela pastoral no colegiado, al\u00e9m de ser coordenador de Teologia e da Escola Diaconal Arquidiocesana.<\/p>\n<p>Fonte CNBB<\/p>\n","protected":false},"excerpt":{"rendered":"<p>Padre nomeado \u00e9 da arquidiocese de Pelotas, tamb\u00e9m no Rio Grande do Sul O papa Francisco, acolhendo a solicita\u00e7\u00e3o de dom Paulo Ant\u00f4nio de Conto, de poder contar com a colabora\u00e7\u00e3o de um coadjutor, nomeou nesta quarta-feira, 22, padre Carlos R\u00f4mulo Gon\u00e7alves e Silva como bispo coadjutor de Montenegro (RS). Atualmente, o presb\u00edtero exerce a [&hellip;]<\/p>\n","protected":false},"author":1,"featured_media":28999,"comment_status":"open","ping_status":"open","sticky":false,"template":"","format":"standard","meta":{"footnotes":""},"categories":[7],"tags":[],"class_list":["post-29000","post","type-post","status-publish","format-standard","has-post-thumbnail","hentry","category-cnbb"],"_links":{"self":[{"href":"https:\/\/catolicanet.net\/wp-cnet\/wp-json\/wp\/v2\/posts\/29000","targetHints":{"allow":["GET"]}}],"collection":[{"href":"https:\/\/catolicanet.net\/wp-cnet\/wp-json\/wp\/v2\/posts"}],"about":[{"href":"https:\/\/catolicanet.net\/wp-cnet\/wp-json\/wp\/v2\/types\/post"}],"author":[{"embeddable":true,"href":"https:\/\/catolicanet.net\/wp-cnet\/wp-json\/wp\/v2\/users\/1"}],"replies":[{"embeddable":true,"href":"https:\/\/catolicanet.net\/wp-cnet\/wp-json\/wp\/v2\/comments?post=29000"}],"version-history":[{"count":1,"href":"https:\/\/catolicanet.net\/wp-cnet\/wp-json\/wp\/v2\/posts\/29000\/revisions"}],"predecessor-version":[{"id":31291,"href":"https:\/\/catolicanet.net\/wp-cnet\/wp-json\/wp\/v2\/posts\/29000\/revisions\/31291"}],"wp:featuredmedia":[{"embeddable":true,"href":"https:\/\/catolicanet.net\/wp-cnet\/wp-json\/wp\/v2\/media\/28999"}],"wp:attachment":[{"href":"https:\/\/catolicanet.net\/wp-cnet\/wp-json\/wp\/v2\/media?parent=29000"}],"wp:term":[{"taxonomy":"category","embeddable":true,"href":"https:\/\/catolicanet.net\/wp-cnet\/wp-json\/wp\/v2\/categories?post=29000"},{"taxonomy":"post_tag","embeddable":true,"href":"https:\/\/catolicanet.net\/wp-cnet\/wp-json\/wp\/v2\/tags?post=29000"}],"curies":[{"name":"wp","href":"https:\/\/api.w.org\/{rel}","templated":true}]}}