{"id":28998,"date":"2017-03-21T21:35:50","date_gmt":"2017-03-22T00:35:50","guid":{"rendered":"http:\/\/catolicanet.net\/wp-cnet\/2017\/03\/21\/pastoral-da-saude-realiza-curso-qteorico-praticoq\/"},"modified":"2017-06-12T10:23:13","modified_gmt":"2017-06-12T13:23:13","slug":"pastoral-da-saude-realiza-curso-qteorico-praticoq","status":"publish","type":"post","link":"https:\/\/catolicanet.net\/wp-cnet\/pastoral-da-saude-realiza-curso-qteorico-praticoq\/","title":{"rendered":"Pastoral da Sa\u00fade realiza curso &#8220;Te\u00f3rico-Pr\u00e1tico&#8221;"},"content":{"rendered":"<p style=\"text-align: justify;\"><img decoding=\"async\" src=\"http:\/\/www.catolicanet.com.br\/images\/stories\/noticias2017\/saude_13.jpg\" border=\"0\" align=\"left\" \/>Forma\u00e7\u00e3o trabalha tr\u00eas dimens\u00f5es pastorais: Solid\u00e1ria, Comunit\u00e1ria e Pol\u00edtico-Institucional<\/p>\n<p>O primeiro m\u00f3dulo das Dimens\u00f5es Comunit\u00e1ria e Pol\u00edtico-Institucional do primeiro Curso Te\u00f3rico-Pr\u00e1tico em Pastoral da Sa\u00fade foram realizados no \u00faltimo s\u00e1bado, 18 de mar\u00e7o, em Recife (PE). O encontro contou com a presen\u00e7a de membros de pastorais, agentes de sa\u00fade e interessados pelo servi\u00e7o da pastoral.<\/p>\n<p>A programa\u00e7\u00e3o iniciou com a capacita\u00e7\u00e3o da Dimens\u00e3o Comunit\u00e1ria ministrada pelo coordenador da Pastoral da Sa\u00fade do regional Nordeste 2, Vandson Holanda. Ele trouxe defini\u00e7\u00f5es e o hist\u00f3rico da sa\u00fade desde a antiguidade at\u00e9 os tempos atuais e pontuou as a\u00e7\u00f5es que podem ser realizadas nesta dimens\u00e3o. \u201cO curso foi uma motiva\u00e7\u00e3o para que possamos sensibilizar os nossos agentes e futuros multiplicadores da dimens\u00e3o a fazerem acontecer na sua comunidade\u201d, destacou.<\/p>\n<p>Segundo a agente comunit\u00e1ria Rita Santos, do bairro de Nova Descoberta, a forma\u00e7\u00e3o trouxe mais conhecimentos. \u201cEu, enquanto agente de sa\u00fade, trabalho visitando casas, cuidando e educando pessoas, s\u00f3 que eu vi que h\u00e1 um diferencial no trabalho da Pastoral da Sa\u00fade porque al\u00e9m de cuidar e visitar a pessoa que est\u00e1 doente cuida-se tamb\u00e9m da espiritualidade desta pessoa e isso \u00e9 algo muito importante\u201d, enalteceu.<\/p>\n<p>No segundo momento da forma\u00e7\u00e3o foi abordado a Dimens\u00e3o Pol\u00edtico-Institucional, pela assessora t\u00e9cnica-cient\u00edfica da Pastoral da Sa\u00fade e pela mestre em Administra\u00e7\u00e3o P\u00fablica, Ivanise Marinho. Entre os assuntos trabalhados esteve a participa\u00e7\u00e3o da sociedade nos Conselhos de Direito. \u201cO grande desafio \u00e9 desmistificar o que pensam porque as pessoas, \u00e0s vezes, n\u00e3o t\u00eam conhecimento do que \u00e9 participar do Conselho de Sa\u00fade, por exemplo. E os Conselhos s\u00e3o locais onde todos podem participar e nada acontece sem que estejamos l\u00e1 para mudar a realidade\u201d, frisou Ivanise.<\/p>\n<p>Para o vendedor e agente da Pastoral da Sa\u00fade da Par\u00f3quia de Engenho do Meio, Carlos Henrique, a forma\u00e7\u00e3o foi de amadurecimento. \u201cEu aprendi que h\u00e1 muitas coisas que podemos correr atr\u00e1s porque eu sabia que existiam, mas n\u00e3o sabia onde buscar. E agora, abrirmos nossos olhos para junto \u00e0 comunidade para estarmos acompanhando as reuni\u00f5es do Conselho e correndo atr\u00e1s dos interesses dos pobres e dos nossos como sociedade\u201d, enfatizou.<\/p>\n<p>O primeiro Curso-Te\u00f3rico Pr\u00e1tico, realizado pela Pastoral da Sa\u00fade, trabalha \u00e0s tr\u00eas dimens\u00f5es pastorais: Solid\u00e1ria, Comunit\u00e1ria e Pol\u00edtico-Institucional. A forma\u00e7\u00e3o \u00e9 dividida em momentos distintos de aulas te\u00f3ricas e pr\u00e1ticas e t\u00eam previs\u00e3o de encerrar ainda neste primeiro semestre de 2017.<\/p>\n<p style=\"text-align: justify;\">\u00a0<\/p>\n<p style=\"text-align: justify;\">Com informa\u00e7\u00f5es da Pastoral da Sa\u00fade<\/p>\n<p style=\"text-align: justify;\">\u00a0<\/p>\n<p style=\"text-align: justify;\">Fonte: CNBB<\/p>\n","protected":false},"excerpt":{"rendered":"<p>Forma\u00e7\u00e3o trabalha tr\u00eas dimens\u00f5es pastorais: Solid\u00e1ria, Comunit\u00e1ria e Pol\u00edtico-Institucional O primeiro m\u00f3dulo das Dimens\u00f5es Comunit\u00e1ria e Pol\u00edtico-Institucional do primeiro Curso Te\u00f3rico-Pr\u00e1tico em Pastoral da Sa\u00fade foram realizados no \u00faltimo s\u00e1bado, 18 de mar\u00e7o, em Recife (PE). O encontro contou com a presen\u00e7a de membros de pastorais, agentes de sa\u00fade e interessados pelo servi\u00e7o da pastoral. [&hellip;]<\/p>\n","protected":false},"author":1,"featured_media":28997,"comment_status":"open","ping_status":"open","sticky":false,"template":"","format":"standard","meta":{"footnotes":""},"categories":[7],"tags":[],"class_list":["post-28998","post","type-post","status-publish","format-standard","has-post-thumbnail","hentry","category-cnbb"],"_links":{"self":[{"href":"https:\/\/catolicanet.net\/wp-cnet\/wp-json\/wp\/v2\/posts\/28998","targetHints":{"allow":["GET"]}}],"collection":[{"href":"https:\/\/catolicanet.net\/wp-cnet\/wp-json\/wp\/v2\/posts"}],"about":[{"href":"https:\/\/catolicanet.net\/wp-cnet\/wp-json\/wp\/v2\/types\/post"}],"author":[{"embeddable":true,"href":"https:\/\/catolicanet.net\/wp-cnet\/wp-json\/wp\/v2\/users\/1"}],"replies":[{"embeddable":true,"href":"https:\/\/catolicanet.net\/wp-cnet\/wp-json\/wp\/v2\/comments?post=28998"}],"version-history":[{"count":1,"href":"https:\/\/catolicanet.net\/wp-cnet\/wp-json\/wp\/v2\/posts\/28998\/revisions"}],"predecessor-version":[{"id":31292,"href":"https:\/\/catolicanet.net\/wp-cnet\/wp-json\/wp\/v2\/posts\/28998\/revisions\/31292"}],"wp:featuredmedia":[{"embeddable":true,"href":"https:\/\/catolicanet.net\/wp-cnet\/wp-json\/wp\/v2\/media\/28997"}],"wp:attachment":[{"href":"https:\/\/catolicanet.net\/wp-cnet\/wp-json\/wp\/v2\/media?parent=28998"}],"wp:term":[{"taxonomy":"category","embeddable":true,"href":"https:\/\/catolicanet.net\/wp-cnet\/wp-json\/wp\/v2\/categories?post=28998"},{"taxonomy":"post_tag","embeddable":true,"href":"https:\/\/catolicanet.net\/wp-cnet\/wp-json\/wp\/v2\/tags?post=28998"}],"curies":[{"name":"wp","href":"https:\/\/api.w.org\/{rel}","templated":true}]}}