{"id":28996,"date":"2017-03-21T21:31:53","date_gmt":"2017-03-22T00:31:53","guid":{"rendered":"http:\/\/catolicanet.net\/wp-cnet\/2017\/03\/21\/pastoral-da-crianca-apresenta-aplicativo-que-auxiliara-agentes-nas-visitas-domiciliares\/"},"modified":"2017-06-12T10:23:50","modified_gmt":"2017-06-12T13:23:50","slug":"pastoral-da-crianca-apresenta-aplicativo-que-auxiliara-agentes-nas-visitas-domiciliares","status":"publish","type":"post","link":"https:\/\/catolicanet.net\/wp-cnet\/pastoral-da-crianca-apresenta-aplicativo-que-auxiliara-agentes-nas-visitas-domiciliares\/","title":{"rendered":"Pastoral da Crian\u00e7a apresenta aplicativo que auxiliar\u00e1 agentes nas visitas domiciliares"},"content":{"rendered":"<p style=\"text-align: justify;\"><img decoding=\"async\" src=\"http:\/\/www.catolicanet.com.br\/images\/stories\/noticias2017\/centro-oeste-pastoraldacriana600.jpg\" border=\"0\" align=\"left\" \/>Novidade ir\u00e1 qualificar o trabalho dos agentes volunt\u00e1rios, possibilitando agilidade nos trabalhos e o envio instant\u00e2neo das informa\u00e7\u00f5es \u00e0 Pastoral<\/p>\n<p>Os agentes e l\u00edderes da Pastoral da Crian\u00e7a no regional Centro-Oeste da Confer\u00eancia Nacional dos Bispos do Brasil (CNBB) agora contam com uma nova ferramenta para realiza\u00e7\u00e3o do acompanhamento \u00e0s gestantes e \u00e0s crian\u00e7as. Entre os dias 16 e 19 de mar\u00e7o, a Pastoral da Crian\u00e7a realizou Encontro de Forma\u00e7\u00e3o para o Regional Centro-Oeste, que, na organiza\u00e7\u00e3o da Pastoral compreende o estado de Goi\u00e1s e o Distrito Federal mais os estados de Mato Grosso e Mato Grosso do Sul. O evento aconteceu na Casa de Retiros das Irm\u00e3s de Jesus Crucificado, em Goi\u00e2nia (GO), com o objetivo de apresentar o aplicativo Visita Domiciliar, que dever\u00e1 substituir o antigo caderno do l\u00edder.<\/p>\n<p>A novidade ir\u00e1 qualificar o trabalho dos agentes volunt\u00e1rios, segundo a designer do setor de comunica\u00e7\u00e3o da Pastoral da Crian\u00e7a e respons\u00e1vel pelo aplicativo, Daiane Priscila Kovalski Leite. \u201cO aplicativo ir\u00e1 ajudar nossos l\u00edderes das bases a fazerem visitas de melhor qualidade, possibilitando agilidade nos trabalhos e o envio instant\u00e2neo das informa\u00e7\u00f5es \u00e0 Pastoral, sem necessidade de postagem de material impresso via Correios\u201d, explicou.<\/p>\n<p>O regional Centro-Oeste foi o primeiro a receber a novidade, que ser\u00e1 levada a todos os estados do Brasil at\u00e9 o pr\u00f3ximo m\u00eas de julho. \u201cNosso objetivo \u00e9 fortalecer a miss\u00e3o da Pastoral da Crian\u00e7a a partir dessa ferramenta que ser\u00e1 disponibilizada nas bases e ajudar\u00e1 internamente nossos agentes como tamb\u00e9m refletir\u00e1 nas fam\u00edlias que s\u00e3o acompanhadas\u201d, completou Daiane.<br \/>Oficinas<\/p>\n<p>Al\u00e9m da apresenta\u00e7\u00e3o do aplicativo, durante os quatro dias de encontro, os volunt\u00e1rios passaram por oficinas de temas relacionados ao trabalho da Pastoral da Crian\u00e7a, como \u201cMiss\u00e3o e Coordena\u00e7\u00e3o\u201d, \u201cSetor Financeiro\u201d, \u201cDesenvolvimento infantil\u201d e \u201cAcompanhamento nutricional\u201d. Essas oficinas t\u00eam o objetivo tamb\u00e9m de fortalecer os trabalhos nas bases. <\/p>\n<p>Para a coordenadora nacional da Pastoral da Crian\u00e7a, irm\u00e3 Veneranda Alencar, a novidade apresentada e as demais forma\u00e7\u00f5es fortalecem a miss\u00e3o da pastoral. \u201cA Pastoral da Crian\u00e7a \u00e9, em primeiro lugar, uma a\u00e7\u00e3o evangelizadora da Igreja, portanto, precisamos estar sempre atentos ao fortalecimento da sua miss\u00e3o e todos os anos fazemos isso por meio dessas forma\u00e7\u00f5es que motivam e dinamizam os trabalhos nas comunidades de todo o Brasil\u201d, destacou a religiosa.<\/p>\n<p>A coordenadora da Pastoral no estado de Goi\u00e1s, Rosane Maria G\u00f3es, avaliou positivamente o encontro. \u201cFoi muito rico que possibilitou a troca de experi\u00eancias entre os membros dos quatro estados e trouxe novidades que ajudar\u00e3o em nossos trabalhos. Acredito que cada coordenador se empenhou e sai daqui motivado para assimilar ao m\u00e1ximo e transmitir o aprendizado aos seus l\u00edderes e coordenadores de par\u00f3quias, nas bases\u201d, declarou. O encontro tamb\u00e9m teve a participa\u00e7\u00e3o do coordenador nacional adjunto da Pastoral da Crian\u00e7a, Nelson Arns, que apresentou aspectos sobre o setor financeiro.<\/p>\n<p>O pr\u00f3ximo estado a receber a forma\u00e7\u00e3o ser\u00e1 o Par\u00e1.<\/p>\n<p style=\"text-align: justify;\">\u00a0<\/p>\n<p style=\"text-align: justify;\">Com informa\u00e7\u00f5es e fotos do regional Centro-Oeste da CNBB<\/p>\n<p style=\"text-align: justify;\">\u00a0<\/p>\n<p style=\"text-align: justify;\">Fonte: CNBB<\/p>\n","protected":false},"excerpt":{"rendered":"<p>Novidade ir\u00e1 qualificar o trabalho dos agentes volunt\u00e1rios, possibilitando agilidade nos trabalhos e o envio instant\u00e2neo das informa\u00e7\u00f5es \u00e0 Pastoral Os agentes e l\u00edderes da Pastoral da Crian\u00e7a no regional Centro-Oeste da Confer\u00eancia Nacional dos Bispos do Brasil (CNBB) agora contam com uma nova ferramenta para realiza\u00e7\u00e3o do acompanhamento \u00e0s gestantes e \u00e0s crian\u00e7as. Entre [&hellip;]<\/p>\n","protected":false},"author":1,"featured_media":28995,"comment_status":"open","ping_status":"open","sticky":false,"template":"","format":"standard","meta":{"footnotes":""},"categories":[7],"tags":[],"class_list":["post-28996","post","type-post","status-publish","format-standard","has-post-thumbnail","hentry","category-cnbb"],"_links":{"self":[{"href":"https:\/\/catolicanet.net\/wp-cnet\/wp-json\/wp\/v2\/posts\/28996","targetHints":{"allow":["GET"]}}],"collection":[{"href":"https:\/\/catolicanet.net\/wp-cnet\/wp-json\/wp\/v2\/posts"}],"about":[{"href":"https:\/\/catolicanet.net\/wp-cnet\/wp-json\/wp\/v2\/types\/post"}],"author":[{"embeddable":true,"href":"https:\/\/catolicanet.net\/wp-cnet\/wp-json\/wp\/v2\/users\/1"}],"replies":[{"embeddable":true,"href":"https:\/\/catolicanet.net\/wp-cnet\/wp-json\/wp\/v2\/comments?post=28996"}],"version-history":[{"count":1,"href":"https:\/\/catolicanet.net\/wp-cnet\/wp-json\/wp\/v2\/posts\/28996\/revisions"}],"predecessor-version":[{"id":31293,"href":"https:\/\/catolicanet.net\/wp-cnet\/wp-json\/wp\/v2\/posts\/28996\/revisions\/31293"}],"wp:featuredmedia":[{"embeddable":true,"href":"https:\/\/catolicanet.net\/wp-cnet\/wp-json\/wp\/v2\/media\/28995"}],"wp:attachment":[{"href":"https:\/\/catolicanet.net\/wp-cnet\/wp-json\/wp\/v2\/media?parent=28996"}],"wp:term":[{"taxonomy":"category","embeddable":true,"href":"https:\/\/catolicanet.net\/wp-cnet\/wp-json\/wp\/v2\/categories?post=28996"},{"taxonomy":"post_tag","embeddable":true,"href":"https:\/\/catolicanet.net\/wp-cnet\/wp-json\/wp\/v2\/tags?post=28996"}],"curies":[{"name":"wp","href":"https:\/\/api.w.org\/{rel}","templated":true}]}}