{"id":2898,"date":"2013-07-31T16:44:29","date_gmt":"2013-07-31T19:44:29","guid":{"rendered":"http:\/\/catolicanet.net\/wp-cnet\/oclaccsignis-realizam-assembleia-em-quito\/"},"modified":"2017-03-22T13:36:23","modified_gmt":"2017-03-22T16:36:23","slug":"oclaccsignis-realizam-assembleia-em-quito","status":"publish","type":"post","link":"https:\/\/catolicanet.net\/wp-cnet\/oclaccsignis-realizam-assembleia-em-quito\/","title":{"rendered":"OCLACCSignis realizam assembleia em Quito"},"content":{"rendered":"<p style=\"text-align: justify;\"><img decoding=\"async\" src=\"http:\/\/catolicanet.com.br\/images\/stories\/signisbrlogo.jpg\" border=\"0\" align=\"left\" \/>Realiza-se de 1\u00ba a 3 de agosto de 2013, no Centro de Espiritualidade Nossa Senhora da Quinche, Quito, Equador, a Assembleia da Organiza\u00e7\u00e3o Continental Latino-Americana e do Caribe Cat\u00f3lica Comunica\u00e7\u00e3o (OCLACC), e da Signis da Am\u00e9rica Latina.<\/p>\n<p>O Vice-presidente da entidade, Gustavo And\u00fajar, observou que este encontro tem uma caracter\u00edstica especial, pois \u00e9 &#8220;a primeira Assembleia da SignisOCLACC como representante exclusiva. A Presidente da Signis Brasil, Irm\u00e3 Helena Corazza e o presidente da Rede Cat\u00f3lica de R\u00e1dio, Frei Jo\u00e3o Carlos Romanini, representam o Brasil no evento.<\/p>\n<p>\u0093Um dos objetivos desta Assembleia \u0096 segundo o Diretor da Signis -, \u00e9 repensar o papel da Signis OCLACC. &#8220;Mais e mais representantes de parceiros nacionais t\u00eam vindo a confirmar a sua presen\u00e7a, porque nas \u00faltimas semanas temos tido grandes respostas, por isso vamos ter uma boa participa\u00e7\u00e3o&#8221;, disse ele.<\/p>\n<p>A Presidente da OCLACCSignis ALC, Ana B\u00e9lgica Guichard, da Rep\u00fablica Dominicana, disse que a reuni\u00e3o ir\u00e1 refletir sobre a miss\u00e3o e os desafios a serem assumidos pelos jornalistas latino-americanos, neste per\u00edodo de mudan\u00e7a. Ana relata ainda, que no primeiro dia da Assembl\u00e9ia, os delegados v\u00e3o avaliar o trabalho realizado no per\u00edodo 2010 &#8211; 2013, o Diret\u00f3rio Continental e OCLACC Secretaria Executiva e os v\u00e1rios Associados Nacionais.<\/p>\n<p>Na manh\u00e3 do segundo dia ser\u00e1 realizado o Painel: &#8220;Novos comunicadores para novos tempos na Am\u00e9rica Latina&#8221;, com a participa\u00e7\u00e3o da Dra. Susana Nuin, Diretora do Departamento de Comunica\u00e7\u00e3o do CELAM (via v\u00eddeo confer\u00eancia), do Dr. Mauro Cerbino, acad\u00eamico e pesquisador da FLACSO-Equador, e do Padre Rolando Rua SJ, s\u00f3cio e fundador da Signis Equador.<\/p>\n<p>Na tarde do dia 2 de agosto ser\u00e1 tratado o tema do processo de revis\u00e3o e reformas do estatuto institucional, antes da elei\u00e7\u00e3o do novo Comit\u00ea Gestor da Signis OCLACC-ALC, para 2013-2017.<\/p>\n<p>Para o terceiro dia da Assembleia est\u00e1 prevista a defini\u00e7\u00e3o do mandato e planejamento das atividades em que a organiza\u00e7\u00e3o ir\u00e1 trabalhar durante o per\u00edodo de administra\u00e7\u00e3o. O vice-presidente de Signis Internacional, o cubano Gustavo And\u00fajar, expressou a sua tristeza pelo cancelamento do Congresso Mundial que deveria acontecer em Beirute, no L\u00edbano, devido \u00e0s tens\u00f5es no Oriente M\u00e9dio.<\/p>\n<p><strong>Fonte: CNBB<br \/>Local: <\/strong>Bras\u00edlia (DF)<\/p>\n","protected":false},"excerpt":{"rendered":"<p>Realiza-se de 1\u00ba a 3 de agosto de 2013, no Centro de Espiritualidade Nossa Senhora da Quinche, Quito, Equador, a Assembleia da Organiza\u00e7\u00e3o Continental Latino-Americana e do Caribe Cat\u00f3lica Comunica\u00e7\u00e3o (OCLACC), e da Signis da Am\u00e9rica Latina. O Vice-presidente da entidade, Gustavo And\u00fajar, observou que este encontro tem uma caracter\u00edstica especial, pois \u00e9 &#8220;a primeira [&hellip;]<\/p>\n","protected":false},"author":1,"featured_media":0,"comment_status":"closed","ping_status":"closed","sticky":false,"template":"","format":"standard","meta":{"footnotes":""},"categories":[7],"tags":[],"class_list":["post-2898","post","type-post","status-publish","format-standard","hentry","category-cnbb"],"_links":{"self":[{"href":"https:\/\/catolicanet.net\/wp-cnet\/wp-json\/wp\/v2\/posts\/2898","targetHints":{"allow":["GET"]}}],"collection":[{"href":"https:\/\/catolicanet.net\/wp-cnet\/wp-json\/wp\/v2\/posts"}],"about":[{"href":"https:\/\/catolicanet.net\/wp-cnet\/wp-json\/wp\/v2\/types\/post"}],"author":[{"embeddable":true,"href":"https:\/\/catolicanet.net\/wp-cnet\/wp-json\/wp\/v2\/users\/1"}],"replies":[{"embeddable":true,"href":"https:\/\/catolicanet.net\/wp-cnet\/wp-json\/wp\/v2\/comments?post=2898"}],"version-history":[{"count":1,"href":"https:\/\/catolicanet.net\/wp-cnet\/wp-json\/wp\/v2\/posts\/2898\/revisions"}],"predecessor-version":[{"id":7279,"href":"https:\/\/catolicanet.net\/wp-cnet\/wp-json\/wp\/v2\/posts\/2898\/revisions\/7279"}],"wp:attachment":[{"href":"https:\/\/catolicanet.net\/wp-cnet\/wp-json\/wp\/v2\/media?parent=2898"}],"wp:term":[{"taxonomy":"category","embeddable":true,"href":"https:\/\/catolicanet.net\/wp-cnet\/wp-json\/wp\/v2\/categories?post=2898"},{"taxonomy":"post_tag","embeddable":true,"href":"https:\/\/catolicanet.net\/wp-cnet\/wp-json\/wp\/v2\/tags?post=2898"}],"curies":[{"name":"wp","href":"https:\/\/api.w.org\/{rel}","templated":true}]}}