{"id":28972,"date":"2017-03-21T17:07:05","date_gmt":"2017-03-21T20:07:05","guid":{"rendered":"http:\/\/catolicanet.net\/wp-cnet\/2017\/03\/21\/bispos-se-manifestarao-sobre-o-momento-nacional\/"},"modified":"2017-06-12T10:32:59","modified_gmt":"2017-06-12T13:32:59","slug":"bispos-se-manifestarao-sobre-o-momento-nacional","status":"publish","type":"post","link":"https:\/\/catolicanet.net\/wp-cnet\/bispos-se-manifestarao-sobre-o-momento-nacional\/","title":{"rendered":"Bispos se manifestar\u00e3o sobre o momento nacional"},"content":{"rendered":"<p style=\"text-align: justify;\"><img decoding=\"async\" src=\"http:\/\/www.catolicanet.com.br\/images\/stories\/noticias2017\/17408042.jpg\" border=\"0\" align=\"left\" \/>Uma ampla pauta de assuntos importantes da vida da Igreja no Brasil ser\u00e1 discutida pelos bispos<\/p>\n<p>A emiss\u00e3o de uma Nota Oficial da Confer\u00eancia Nacional dos Bispos do Brasil (CNBB) sobre o momento atual da realidade brasileira foi aprovada como ponto da pauta de trabalhos da reuni\u00e3o do Conselho Permanente da Confer\u00eancia que \u00e9 composto pelos presidentes das comiss\u00f5es pastorais e os presidentes dos regionais. O encontro, na sede da entidade, em Bras\u00edlia (DF), come\u00e7a nesta ter\u00e7a-feira, 21 de mar\u00e7o, e se estende at\u00e9 o dia 23, quinta-feira, ao meio dia.<\/p>\n<p>Presidido pelo cardeal arcebispo de Bras\u00edlia e presidente da CNBB, dom Sergio da Rocha, o encontro tamb\u00e9m acolhe participa\u00e7\u00e3o de representantes dos organismos ligados \u00e0 Confer\u00eancia e assessores especiais e aqueles que servem nas comiss\u00f5es pastorais. A pauta da reuni\u00e3o contempla v\u00e1rios outros pontos importantes da vida da Igreja no Brasil. O encontro teve in\u00edcio com uma celebra\u00e7\u00e3o de abertura dedicada a Campanha da Fraternidade deste ano.<\/p>\n<p>Foto: Maur\u00edcio Sant\u00b4Ana\/CNBB<\/p>\n<p style=\"text-align: justify;\">\u00a0<\/p>\n<p style=\"text-align: justify;\">Fonte: CNBB<\/p>\n","protected":false},"excerpt":{"rendered":"<p>Uma ampla pauta de assuntos importantes da vida da Igreja no Brasil ser\u00e1 discutida pelos bispos A emiss\u00e3o de uma Nota Oficial da Confer\u00eancia Nacional dos Bispos do Brasil (CNBB) sobre o momento atual da realidade brasileira foi aprovada como ponto da pauta de trabalhos da reuni\u00e3o do Conselho Permanente da Confer\u00eancia que \u00e9 composto [&hellip;]<\/p>\n","protected":false},"author":1,"featured_media":28971,"comment_status":"open","ping_status":"open","sticky":false,"template":"","format":"standard","meta":{"footnotes":""},"categories":[7],"tags":[],"class_list":["post-28972","post","type-post","status-publish","format-standard","has-post-thumbnail","hentry","category-cnbb"],"_links":{"self":[{"href":"https:\/\/catolicanet.net\/wp-cnet\/wp-json\/wp\/v2\/posts\/28972","targetHints":{"allow":["GET"]}}],"collection":[{"href":"https:\/\/catolicanet.net\/wp-cnet\/wp-json\/wp\/v2\/posts"}],"about":[{"href":"https:\/\/catolicanet.net\/wp-cnet\/wp-json\/wp\/v2\/types\/post"}],"author":[{"embeddable":true,"href":"https:\/\/catolicanet.net\/wp-cnet\/wp-json\/wp\/v2\/users\/1"}],"replies":[{"embeddable":true,"href":"https:\/\/catolicanet.net\/wp-cnet\/wp-json\/wp\/v2\/comments?post=28972"}],"version-history":[{"count":1,"href":"https:\/\/catolicanet.net\/wp-cnet\/wp-json\/wp\/v2\/posts\/28972\/revisions"}],"predecessor-version":[{"id":31305,"href":"https:\/\/catolicanet.net\/wp-cnet\/wp-json\/wp\/v2\/posts\/28972\/revisions\/31305"}],"wp:featuredmedia":[{"embeddable":true,"href":"https:\/\/catolicanet.net\/wp-cnet\/wp-json\/wp\/v2\/media\/28971"}],"wp:attachment":[{"href":"https:\/\/catolicanet.net\/wp-cnet\/wp-json\/wp\/v2\/media?parent=28972"}],"wp:term":[{"taxonomy":"category","embeddable":true,"href":"https:\/\/catolicanet.net\/wp-cnet\/wp-json\/wp\/v2\/categories?post=28972"},{"taxonomy":"post_tag","embeddable":true,"href":"https:\/\/catolicanet.net\/wp-cnet\/wp-json\/wp\/v2\/tags?post=28972"}],"curies":[{"name":"wp","href":"https:\/\/api.w.org\/{rel}","templated":true}]}}