{"id":28970,"date":"2017-03-21T17:02:13","date_gmt":"2017-03-21T20:02:13","guid":{"rendered":"http:\/\/catolicanet.net\/wp-cnet\/2017\/03\/21\/conselho-permanente-da-cnbb-aprofunda-reflexao-sobre-a-realidade-economica-brasileira\/"},"modified":"2017-06-12T10:35:03","modified_gmt":"2017-06-12T13:35:03","slug":"conselho-permanente-da-cnbb-aprofunda-reflexao-sobre-a-realidade-economica-brasileira","status":"publish","type":"post","link":"https:\/\/catolicanet.net\/wp-cnet\/conselho-permanente-da-cnbb-aprofunda-reflexao-sobre-a-realidade-economica-brasileira\/","title":{"rendered":"Conselho Permanente da CNBB aprofunda reflex\u00e3o sobre a realidade econ\u00f4mica brasileira"},"content":{"rendered":"<p style=\"text-align: justify;\"><img decoding=\"async\" src=\"http:\/\/www.catolicanet.com.br\/images\/stories\/noticias2017\/17453719_1656593174636204_1017008253_o.jpg\" border=\"0\" align=\"left\" \/>Segundo economista, raz\u00f5es da crise passam por equ\u00edvocos nas pol\u00edticas monet\u00e1ria, cambial e fiscal por parte dos \u00faltimos governos<\/p>\n<p>Convidado pela Confer\u00eancia Nacional dos Bispos do Brasil (CNBB), o presidente do Conselho Federal de Economia (Cofecon), o economista J\u00falio Miragaya, fez uma exposi\u00e7\u00e3o sobre as raz\u00f5es da atual crise econ\u00f4mica brasileira. Ele apontou para equ\u00edvocos recentes nas pol\u00edticas monet\u00e1ria, cambial e fiscal por parte dos \u00faltimos governos. As consequ\u00eancias desses equ\u00edvocos, al\u00e9m de outras, comprometeram o desenvolvimento econ\u00f4mico atingindo a produ\u00e7\u00e3o industrial e gerou alto desemprego.<\/p>\n<p>Miragaya lembrou os rem\u00e9dios receitados pelo capital financeiro para superar a crise atual: ajuste fiscal e reformas. Algumas sugest\u00f5es de medidas que poderiam ser adotadas, segundo o economista: mudar o modelo tribut\u00e1rio; preservar os direitos sociais e as pol\u00edticas p\u00fablicas de valoriza\u00e7\u00e3o do trabalho; mudar a pol\u00edtica macroecon\u00f4mica; combater a concentra\u00e7\u00e3o da renda e da riqueza. O economista fez algumas previs\u00f5es econ\u00f4micas para este ano de 2017.<\/p>\n<p>Os bispos tiveram oportunidade de questionar o economista sobre alguns pontos da exposi\u00e7\u00e3o feita. A palestra de Miragaya respondeu pela pr\u00e1tica do Conselho Permanente da CNBB que, em suas reuni\u00f5es ordin\u00e1rias, sempre dedica espa\u00e7o para a an\u00e1lise da conjuntura brasileira.<\/p>\n<p>Foto: Maur\u00edcio Sant\u00b4Ana\/CNBB<\/p>\n<p style=\"text-align: justify;\">\u00a0<\/p>\n<p style=\"text-align: justify;\">Fonte: CNBB<\/p>\n","protected":false},"excerpt":{"rendered":"<p>Segundo economista, raz\u00f5es da crise passam por equ\u00edvocos nas pol\u00edticas monet\u00e1ria, cambial e fiscal por parte dos \u00faltimos governos Convidado pela Confer\u00eancia Nacional dos Bispos do Brasil (CNBB), o presidente do Conselho Federal de Economia (Cofecon), o economista J\u00falio Miragaya, fez uma exposi\u00e7\u00e3o sobre as raz\u00f5es da atual crise econ\u00f4mica brasileira. Ele apontou para equ\u00edvocos [&hellip;]<\/p>\n","protected":false},"author":1,"featured_media":28969,"comment_status":"open","ping_status":"open","sticky":false,"template":"","format":"standard","meta":{"footnotes":""},"categories":[7],"tags":[],"class_list":["post-28970","post","type-post","status-publish","format-standard","has-post-thumbnail","hentry","category-cnbb"],"_links":{"self":[{"href":"https:\/\/catolicanet.net\/wp-cnet\/wp-json\/wp\/v2\/posts\/28970","targetHints":{"allow":["GET"]}}],"collection":[{"href":"https:\/\/catolicanet.net\/wp-cnet\/wp-json\/wp\/v2\/posts"}],"about":[{"href":"https:\/\/catolicanet.net\/wp-cnet\/wp-json\/wp\/v2\/types\/post"}],"author":[{"embeddable":true,"href":"https:\/\/catolicanet.net\/wp-cnet\/wp-json\/wp\/v2\/users\/1"}],"replies":[{"embeddable":true,"href":"https:\/\/catolicanet.net\/wp-cnet\/wp-json\/wp\/v2\/comments?post=28970"}],"version-history":[{"count":1,"href":"https:\/\/catolicanet.net\/wp-cnet\/wp-json\/wp\/v2\/posts\/28970\/revisions"}],"predecessor-version":[{"id":31306,"href":"https:\/\/catolicanet.net\/wp-cnet\/wp-json\/wp\/v2\/posts\/28970\/revisions\/31306"}],"wp:featuredmedia":[{"embeddable":true,"href":"https:\/\/catolicanet.net\/wp-cnet\/wp-json\/wp\/v2\/media\/28969"}],"wp:attachment":[{"href":"https:\/\/catolicanet.net\/wp-cnet\/wp-json\/wp\/v2\/media?parent=28970"}],"wp:term":[{"taxonomy":"category","embeddable":true,"href":"https:\/\/catolicanet.net\/wp-cnet\/wp-json\/wp\/v2\/categories?post=28970"},{"taxonomy":"post_tag","embeddable":true,"href":"https:\/\/catolicanet.net\/wp-cnet\/wp-json\/wp\/v2\/tags?post=28970"}],"curies":[{"name":"wp","href":"https:\/\/api.w.org\/{rel}","templated":true}]}}