{"id":28952,"date":"2017-03-20T17:43:26","date_gmt":"2017-03-20T20:43:26","guid":{"rendered":"http:\/\/catolicanet.net\/wp-cnet\/2017\/03\/20\/divulgado-programa-da-viagem-do-papa-a-fatima\/"},"modified":"2017-06-12T10:46:08","modified_gmt":"2017-06-12T13:46:08","slug":"divulgado-programa-da-viagem-do-papa-a-fatima","status":"publish","type":"post","link":"https:\/\/catolicanet.net\/wp-cnet\/divulgado-programa-da-viagem-do-papa-a-fatima\/","title":{"rendered":"Divulgado programa da viagem do Papa \u00e0 F\u00e1tima"},"content":{"rendered":"<p style=\"text-align: justify;\"><span style=\"font-size: 12.16px;\"><img decoding=\"async\" src=\"http:\/\/www.catolicanet.com.br\/images\/stories\/food\/epa2229325_articolo.jpg\" border=\"0\" align=\"left\" \/>Cidade do Vaticano (RV) \u2013 Foi divulgado nesta segunda-feira (20\/03) o programa oficial da peregrina\u00e7\u00e3o do Papa Francisco ao Santu\u00e1rio de Nossa Senhora de F\u00e1tima. Nos dias 12 e 13 de maio, o Pont\u00edfice ir\u00e1 a Portugal homenagear o centen\u00e1rio das Apari\u00e7\u00f5es de Nossa Senhora na Cova da Iria.<\/span><\/p>\n<p style=\"text-align: justify;\">O avi\u00e3o papal decola do aeroporto de Fiumicino \u00e0s 14h de sexta-feira (12\/05) com destino \u00e0 base a\u00e9rea de Monte Real. Localizado na localidade de Serra do Porto de Urso, freguesia de Leiria, neste aer\u00f3dromo militar da For\u00e7a A\u00e9rea Portuguesa o Papa ter\u00e1 seu primeiro compromisso em terras lusitanas: a cerim\u00f4nia de boas-vindas. Em seguida, numa sala fechada, haver\u00e1 tamb\u00e9m o encontro com o Presidente da Rep\u00fablica, Marcelo Rebelo de Sousa.<\/p>\n<p style=\"text-align: justify;\">Ap\u00f3s uma breve visita \u00e0 Capela da Base A\u00e9rea, o Pont\u00edfice vai ao est\u00e1dio de F\u00e1tima. O deslocamento ser\u00e1 de helic\u00f3ptero. Ali, com um carro aberto, Francisco ir\u00e1 ao Santu\u00e1rio.<\/p>\n<p style=\"text-align: justify;\">\u00c0s 18h15, est\u00e1 programada a visita \u00e0 Capelinha das Apari\u00e7\u00f5es e uma ora\u00e7\u00e3o, seguida pela b\u00ean\u00e7\u00e3o das velas. Nesta ocasi\u00e3o, o Papa far\u00e1 uma sauda\u00e7\u00e3o aos fi\u00e9is e rezar\u00e1 o Santo Ros\u00e1rio.<\/p>\n<p style=\"text-align: justify;\">A agenda de s\u00e1bado (13\/05), prev\u00ea um encontro com o primeiro-ministro, Ant\u00f3nio Costa, na Casa Nossa Senhora do Carmo; a visita \u00e0 Bas\u00edlica Nossa Senhora do Ros\u00e1rio e a Santa Missa, no adro do Santu\u00e1rio. O Papa deve tamb\u00e9m fazer uma sauda\u00e7\u00e3o aos enfermos.<\/p>\n<p style=\"text-align: justify;\">Ap\u00f3s o almo\u00e7o com os bispos portugueses na Casa Nossa Senhora do Carmo, Francisco retorna \u00e0 base a\u00e9rea de Monte Real, de onde parte para Roma. A chegada est\u00e1 prevista para 19h, hor\u00e1rio romano, no aeroporto de Ciampino.<\/p>\n<p style=\"text-align: justify;\">\u00a0<\/p>\n<p style=\"text-align: justify;\">Fonte: R\u00e1dio Vaticano<\/p>\n","protected":false},"excerpt":{"rendered":"<p>Cidade do Vaticano (RV) \u2013 Foi divulgado nesta segunda-feira (20\/03) o programa oficial da peregrina\u00e7\u00e3o do Papa Francisco ao Santu\u00e1rio de Nossa Senhora de F\u00e1tima. Nos dias 12 e 13 de maio, o Pont\u00edfice ir\u00e1 a Portugal homenagear o centen\u00e1rio das Apari\u00e7\u00f5es de Nossa Senhora na Cova da Iria. O avi\u00e3o papal decola do aeroporto [&hellip;]<\/p>\n","protected":false},"author":1,"featured_media":28951,"comment_status":"open","ping_status":"open","sticky":false,"template":"","format":"standard","meta":{"footnotes":""},"categories":[3],"tags":[],"class_list":["post-28952","post","type-post","status-publish","format-standard","has-post-thumbnail","hentry","category-vaticano"],"_links":{"self":[{"href":"https:\/\/catolicanet.net\/wp-cnet\/wp-json\/wp\/v2\/posts\/28952","targetHints":{"allow":["GET"]}}],"collection":[{"href":"https:\/\/catolicanet.net\/wp-cnet\/wp-json\/wp\/v2\/posts"}],"about":[{"href":"https:\/\/catolicanet.net\/wp-cnet\/wp-json\/wp\/v2\/types\/post"}],"author":[{"embeddable":true,"href":"https:\/\/catolicanet.net\/wp-cnet\/wp-json\/wp\/v2\/users\/1"}],"replies":[{"embeddable":true,"href":"https:\/\/catolicanet.net\/wp-cnet\/wp-json\/wp\/v2\/comments?post=28952"}],"version-history":[{"count":1,"href":"https:\/\/catolicanet.net\/wp-cnet\/wp-json\/wp\/v2\/posts\/28952\/revisions"}],"predecessor-version":[{"id":31314,"href":"https:\/\/catolicanet.net\/wp-cnet\/wp-json\/wp\/v2\/posts\/28952\/revisions\/31314"}],"wp:featuredmedia":[{"embeddable":true,"href":"https:\/\/catolicanet.net\/wp-cnet\/wp-json\/wp\/v2\/media\/28951"}],"wp:attachment":[{"href":"https:\/\/catolicanet.net\/wp-cnet\/wp-json\/wp\/v2\/media?parent=28952"}],"wp:term":[{"taxonomy":"category","embeddable":true,"href":"https:\/\/catolicanet.net\/wp-cnet\/wp-json\/wp\/v2\/categories?post=28952"},{"taxonomy":"post_tag","embeddable":true,"href":"https:\/\/catolicanet.net\/wp-cnet\/wp-json\/wp\/v2\/tags?post=28952"}],"curies":[{"name":"wp","href":"https:\/\/api.w.org\/{rel}","templated":true}]}}