{"id":28924,"date":"2017-03-16T20:22:36","date_gmt":"2017-03-16T23:22:36","guid":{"rendered":"http:\/\/catolicanet.net\/wp-cnet\/2017\/03\/16\/glorifica-minha-alma-ao-senhor\/"},"modified":"2017-06-12T11:15:15","modified_gmt":"2017-06-12T14:15:15","slug":"glorifica-minha-alma-ao-senhor","status":"publish","type":"post","link":"https:\/\/catolicanet.net\/wp-cnet\/glorifica-minha-alma-ao-senhor\/","title":{"rendered":"Glorifica minha alma ao Senhor"},"content":{"rendered":"<p class=\"MsoNormal\" style=\"text-align: center;\"><img decoding=\"async\" src=\"http:\/\/www.catolicanet.com.br\/images\/stories\/noticias\/glorifica-minha-alma-ao-senhor.jpg\" border=\"0\" \/><\/p>\n<p class=\"MsoNormal\" style=\"text-align: justify;\">\u00a0<\/p>\n<p class=\"MsoNormal\" style=\"text-align: justify;\">O CD &#8220;Glorifica minha alma ao Senhor&#8221; cont\u00e9m os cantos da Missa Jubilar em honra de Nossa Senhora Aparecida, nos seus 300 anos, com 18 cantos do Pr\u00f3prio e Comum, al\u00e9m de outras can\u00e7\u00f5es. Composto por Irm\u00e3 Miria T. Kolling e interpretado pelo Coral Baccarelli, foi produzido por Paulinas \/ COMEP, em parceria com o Santu\u00e1rio Nacional de Aparecida.<\/p>\n<p class=\"MsoNormal\" style=\"text-align: justify;\">Tamb\u00e9m as partituras a vozes se encontram dispon\u00edveis aqui no site http:\/\/www.irmamiria.com.br\/Pages\/Home.aspx.<\/p>\n<p class=\"MsoNormal\" style=\"text-align: justify;\">\u00a0<\/p>\n<p class=\"MsoNormal\" style=\"text-align: justify;\">Fonte: Irm\u00e3 Miria<\/p>\n<p>\u00a0<\/p>\n","protected":false},"excerpt":{"rendered":"<p>\u00a0 O CD &#8220;Glorifica minha alma ao Senhor&#8221; cont\u00e9m os cantos da Missa Jubilar em honra de Nossa Senhora Aparecida, nos seus 300 anos, com 18 cantos do Pr\u00f3prio e Comum, al\u00e9m de outras can\u00e7\u00f5es. Composto por Irm\u00e3 Miria T. Kolling e interpretado pelo Coral Baccarelli, foi produzido por Paulinas \/ COMEP, em parceria com [&hellip;]<\/p>\n","protected":false},"author":1,"featured_media":28923,"comment_status":"open","ping_status":"open","sticky":false,"template":"","format":"standard","meta":{"footnotes":""},"categories":[4],"tags":[],"class_list":["post-28924","post","type-post","status-publish","format-standard","has-post-thumbnail","hentry","category-cotidiano"],"_links":{"self":[{"href":"https:\/\/catolicanet.net\/wp-cnet\/wp-json\/wp\/v2\/posts\/28924","targetHints":{"allow":["GET"]}}],"collection":[{"href":"https:\/\/catolicanet.net\/wp-cnet\/wp-json\/wp\/v2\/posts"}],"about":[{"href":"https:\/\/catolicanet.net\/wp-cnet\/wp-json\/wp\/v2\/types\/post"}],"author":[{"embeddable":true,"href":"https:\/\/catolicanet.net\/wp-cnet\/wp-json\/wp\/v2\/users\/1"}],"replies":[{"embeddable":true,"href":"https:\/\/catolicanet.net\/wp-cnet\/wp-json\/wp\/v2\/comments?post=28924"}],"version-history":[{"count":1,"href":"https:\/\/catolicanet.net\/wp-cnet\/wp-json\/wp\/v2\/posts\/28924\/revisions"}],"predecessor-version":[{"id":31335,"href":"https:\/\/catolicanet.net\/wp-cnet\/wp-json\/wp\/v2\/posts\/28924\/revisions\/31335"}],"wp:featuredmedia":[{"embeddable":true,"href":"https:\/\/catolicanet.net\/wp-cnet\/wp-json\/wp\/v2\/media\/28923"}],"wp:attachment":[{"href":"https:\/\/catolicanet.net\/wp-cnet\/wp-json\/wp\/v2\/media?parent=28924"}],"wp:term":[{"taxonomy":"category","embeddable":true,"href":"https:\/\/catolicanet.net\/wp-cnet\/wp-json\/wp\/v2\/categories?post=28924"},{"taxonomy":"post_tag","embeddable":true,"href":"https:\/\/catolicanet.net\/wp-cnet\/wp-json\/wp\/v2\/tags?post=28924"}],"curies":[{"name":"wp","href":"https:\/\/api.w.org\/{rel}","templated":true}]}}