{"id":28912,"date":"2017-03-16T15:40:22","date_gmt":"2017-03-16T18:40:22","guid":{"rendered":"http:\/\/catolicanet.net\/wp-cnet\/2017\/03\/16\/vandalismo-igreja-e-alvo-de-pichacao-pela-segunda-vez\/"},"modified":"2017-06-12T11:20:29","modified_gmt":"2017-06-12T14:20:29","slug":"vandalismo-igreja-e-alvo-de-pichacao-pela-segunda-vez","status":"publish","type":"post","link":"https:\/\/catolicanet.net\/wp-cnet\/vandalismo-igreja-e-alvo-de-pichacao-pela-segunda-vez\/","title":{"rendered":"Vandalismo: Igreja \u00e9 alvo de picha\u00e7\u00e3o pela segunda vez"},"content":{"rendered":"<p style=\"text-align: justify;\"><img decoding=\"async\" src=\"http:\/\/www.catolicanet.com.br\/images\/stories\/noticias\/sao-francisco-church-bh-brazil.jpg\" border=\"0\" align=\"left\" \/>Crime aconteceu na Igrejinha da Pampulha, em Belo Horizonte<\/p>\n<p>A Igreja de S\u00e3o Francisco de Assis, mais conhecida como Igrejinha da Pampulha, em Belo Horizonte, MG, voltou a ser alvo de vandalismo. Na madrugada desta quinta-feira, 16 de mar\u00e7o, uma das paredes laterais da Igreja foi pichada com duas palavras iguais: \u201cPerfeita\u00edsmo\u201d.<\/p>\n<p>Guardas municipais descobriram as picha\u00e7\u00f5es e chamaram a Pol\u00edcia Militar, mas os autores do crime ainda n\u00e3o foram identificados.<\/p>\n<p>Esta \u00e9 a segunda vez que a igreja \u00e9 alvo de v\u00e2ndalos em menos de um ano. Em mar\u00e7o de 2016, um dos pain\u00e9is assinados pelo renomado artista brasileiro C\u00e2ndido Portinari, que fica na parte de tr\u00e1s do templo, tamb\u00e9m foi pichado. Na \u00e9poca, a limpeza e a restaura\u00e7\u00e3o custaram R$ 8 mil.<\/p>\n<p>A Igreja \u00e9 um cart\u00e3o-postal da cidade de Belo Horizonte e foi projetada pelo arquiteto Oscar Niemeyer.<\/p>\n<p>Mais do que falta de respeito com a f\u00e9 cat\u00f3lica, este \u00e9 um crime contra as artes e o patrim\u00f4nio p\u00fablico, j\u00e1 que a Igreja faz parte do Complexo Arquitet\u00f4nico da Pampulha, considerado Patrim\u00f4nio Cultural da Humanidade pela UNESCO.<\/p>\n<p style=\"text-align: justify;\">Fonte: Aleteia<\/p>\n","protected":false},"excerpt":{"rendered":"<p>Crime aconteceu na Igrejinha da Pampulha, em Belo Horizonte A Igreja de S\u00e3o Francisco de Assis, mais conhecida como Igrejinha da Pampulha, em Belo Horizonte, MG, voltou a ser alvo de vandalismo. Na madrugada desta quinta-feira, 16 de mar\u00e7o, uma das paredes laterais da Igreja foi pichada com duas palavras iguais: \u201cPerfeita\u00edsmo\u201d. Guardas municipais descobriram [&hellip;]<\/p>\n","protected":false},"author":1,"featured_media":28911,"comment_status":"open","ping_status":"open","sticky":false,"template":"","format":"standard","meta":{"footnotes":""},"categories":[4],"tags":[],"class_list":["post-28912","post","type-post","status-publish","format-standard","has-post-thumbnail","hentry","category-cotidiano"],"_links":{"self":[{"href":"https:\/\/catolicanet.net\/wp-cnet\/wp-json\/wp\/v2\/posts\/28912","targetHints":{"allow":["GET"]}}],"collection":[{"href":"https:\/\/catolicanet.net\/wp-cnet\/wp-json\/wp\/v2\/posts"}],"about":[{"href":"https:\/\/catolicanet.net\/wp-cnet\/wp-json\/wp\/v2\/types\/post"}],"author":[{"embeddable":true,"href":"https:\/\/catolicanet.net\/wp-cnet\/wp-json\/wp\/v2\/users\/1"}],"replies":[{"embeddable":true,"href":"https:\/\/catolicanet.net\/wp-cnet\/wp-json\/wp\/v2\/comments?post=28912"}],"version-history":[{"count":1,"href":"https:\/\/catolicanet.net\/wp-cnet\/wp-json\/wp\/v2\/posts\/28912\/revisions"}],"predecessor-version":[{"id":31341,"href":"https:\/\/catolicanet.net\/wp-cnet\/wp-json\/wp\/v2\/posts\/28912\/revisions\/31341"}],"wp:featuredmedia":[{"embeddable":true,"href":"https:\/\/catolicanet.net\/wp-cnet\/wp-json\/wp\/v2\/media\/28911"}],"wp:attachment":[{"href":"https:\/\/catolicanet.net\/wp-cnet\/wp-json\/wp\/v2\/media?parent=28912"}],"wp:term":[{"taxonomy":"category","embeddable":true,"href":"https:\/\/catolicanet.net\/wp-cnet\/wp-json\/wp\/v2\/categories?post=28912"},{"taxonomy":"post_tag","embeddable":true,"href":"https:\/\/catolicanet.net\/wp-cnet\/wp-json\/wp\/v2\/tags?post=28912"}],"curies":[{"name":"wp","href":"https:\/\/api.w.org\/{rel}","templated":true}]}}