{"id":2891,"date":"2013-07-24T14:45:32","date_gmt":"2013-07-24T17:45:32","guid":{"rendered":"http:\/\/catolicanet.net\/wp-cnet\/mesmo-com-frio-e-chuva-fieis-ja-estao-em-aparecida-para-missa-com-papa-francisco\/"},"modified":"2017-03-22T13:30:27","modified_gmt":"2017-03-22T16:30:27","slug":"mesmo-com-frio-e-chuva-fieis-ja-estao-em-aparecida-para-missa-com-papa-francisco","status":"publish","type":"post","link":"https:\/\/catolicanet.net\/wp-cnet\/mesmo-com-frio-e-chuva-fieis-ja-estao-em-aparecida-para-missa-com-papa-francisco\/","title":{"rendered":"Mesmo com frio e chuva, fi\u00e9is j\u00e1 est\u00e3o em Aparecida para missa com Papa Francisco"},"content":{"rendered":"<p style=\"text-align: justify;\"><img loading=\"lazy\" decoding=\"async\" src=\"http:\/\/catolicanet.com.br\/images\/stories\/santuarioaparecida.jpg\" border=\"0\" width=\"250\" height=\"127\" align=\"left\" \/>Milhares de pessoas enfrentaram a madrugada com sensa\u00e7\u00e3o t\u00e9rmica de 4 graus para participar da missa que ser\u00e1 presidida pelo Papa Francisco em Aparecida, logo mais \u00e0s 10h30, no Santu\u00e1rio Nacional. Por volta das 7 da manh\u00e3, enquanto os fi\u00e9is come\u00e7avam a passar pela revista da seguran\u00e7a, come\u00e7ou a chover.<\/p>\n<p style=\"text-align: justify;\">\u00a0<\/p>\n<p style=\"text-align: center;\"><img decoding=\"async\" src=\"http:\/\/catolicanet.com.br\/images\/stories\/ap.jpg\" border=\"0\" \/><\/p>\n<p style=\"text-align: justify;\">Dentro do Santu\u00e1rio Nacional, a Capela dos Ap\u00f3stolos &#8211; onde fica guardada a imagem de Nossa Senhora Aparecida &#8211; est\u00e1 tudo pronto. Neste local, o Papa Francisco far\u00e1 uma ora\u00e7\u00e3o \u00e0 Padroeira do Brasil. Acompanhar\u00e3o este momento o clero da Arquidiocese de Aparecida e os Missionarios Redentoristas que atuam no Santu\u00e1rio. Est\u00e1 presente tamb\u00e9m o Superior Geral dos Redentoristas, padre Michael Brehl.<\/p>\n<p><strong>Fonte: <\/strong>CNBB<strong><br \/>Local: <\/strong>Aparecida (SP)<\/p>\n","protected":false},"excerpt":{"rendered":"<p>Milhares de pessoas enfrentaram a madrugada com sensa\u00e7\u00e3o t\u00e9rmica de 4 graus para participar da missa que ser\u00e1 presidida pelo Papa Francisco em Aparecida, logo mais \u00e0s 10h30, no Santu\u00e1rio Nacional. Por volta das 7 da manh\u00e3, enquanto os fi\u00e9is come\u00e7avam a passar pela revista da seguran\u00e7a, come\u00e7ou a chover. \u00a0 Dentro do Santu\u00e1rio Nacional, [&hellip;]<\/p>\n","protected":false},"author":1,"featured_media":0,"comment_status":"closed","ping_status":"closed","sticky":false,"template":"","format":"standard","meta":{"footnotes":""},"categories":[7],"tags":[],"class_list":["post-2891","post","type-post","status-publish","format-standard","hentry","category-cnbb"],"_links":{"self":[{"href":"https:\/\/catolicanet.net\/wp-cnet\/wp-json\/wp\/v2\/posts\/2891","targetHints":{"allow":["GET"]}}],"collection":[{"href":"https:\/\/catolicanet.net\/wp-cnet\/wp-json\/wp\/v2\/posts"}],"about":[{"href":"https:\/\/catolicanet.net\/wp-cnet\/wp-json\/wp\/v2\/types\/post"}],"author":[{"embeddable":true,"href":"https:\/\/catolicanet.net\/wp-cnet\/wp-json\/wp\/v2\/users\/1"}],"replies":[{"embeddable":true,"href":"https:\/\/catolicanet.net\/wp-cnet\/wp-json\/wp\/v2\/comments?post=2891"}],"version-history":[{"count":1,"href":"https:\/\/catolicanet.net\/wp-cnet\/wp-json\/wp\/v2\/posts\/2891\/revisions"}],"predecessor-version":[{"id":7273,"href":"https:\/\/catolicanet.net\/wp-cnet\/wp-json\/wp\/v2\/posts\/2891\/revisions\/7273"}],"wp:attachment":[{"href":"https:\/\/catolicanet.net\/wp-cnet\/wp-json\/wp\/v2\/media?parent=2891"}],"wp:term":[{"taxonomy":"category","embeddable":true,"href":"https:\/\/catolicanet.net\/wp-cnet\/wp-json\/wp\/v2\/categories?post=2891"},{"taxonomy":"post_tag","embeddable":true,"href":"https:\/\/catolicanet.net\/wp-cnet\/wp-json\/wp\/v2\/tags?post=2891"}],"curies":[{"name":"wp","href":"https:\/\/api.w.org\/{rel}","templated":true}]}}