{"id":2888,"date":"2013-07-24T14:33:28","date_gmt":"2013-07-24T17:33:28","guid":{"rendered":"http:\/\/catolicanet.net\/wp-cnet\/aberta-oficialmente-a-jmj-rio-2013\/"},"modified":"2017-03-22T13:28:52","modified_gmt":"2017-03-22T16:28:52","slug":"aberta-oficialmente-a-jmj-rio-2013","status":"publish","type":"post","link":"https:\/\/catolicanet.net\/wp-cnet\/aberta-oficialmente-a-jmj-rio-2013\/","title":{"rendered":"Aberta oficialmente a JMJ RIO 2013"},"content":{"rendered":"<p style=\"text-align: justify;\"><img decoding=\"async\" src=\"http:\/\/catolicanet.com.br\/images\/stories\/aberturajmjrio2013.jpg\" border=\"0\" align=\"left\" \/>A Jornada Mundial da Juventude, Rio 2013, foi aberta oficialmente nesta ter\u00e7a-feira na Praia de Copacabana, numa Missa presidida pelo Arcebispo do Rio de Janeiro, Dom Orani Jo\u00e3o Tempesta. Sete Bispos auxiliares e cerca de 1.500 religiosos, entre Cardeais, Bispos e Sacerdotes acompanharam o Arcebispo na celebra\u00e7\u00e3o. Uma mensagem do Presidente do Pontif\u00edcio Conselho para os Leigos, Cardeal Stanislaw Rylko, saudando os jovens, concluiu a celebra\u00e7\u00e3o.<\/p>\n<p>Um pouco antes do in\u00edcio da Celebra\u00e7\u00e3o, foi anunciada oficialmente a Abertura da Jornada Mundial da Juventude Rio 2013. Um belo espet\u00e1culo de luzes e cores, mas especialmente de jovens de todos os continentes presentes no palco, recebeu os s\u00edmbolos da Jornada Mundial da Juventude (a Cruz e o \u00cdcone de Nossa Senhora), ao som do cl\u00e1ssico hino Emanuel, da JMJ 2000, realizada em Roma.<\/p>\n<p>A programa\u00e7\u00e3o come\u00e7ou \u00e0s 15h, com a acolhida de peregrinos de todo o mundo e apresenta\u00e7\u00f5es art\u00edsticas, al\u00e9m de momentos de ora\u00e7\u00e3o no palco montado na Praia de Copacabana. O \u0093Coral Carioca JMJ\u0094, formado por 100 m\u00fasicos cat\u00f3licos das Par\u00f3quias da Arquidiocese do Rio, apresentou-se para o p\u00fablico. O Hino da JMJ tamb\u00e9m foi cantado em outros idiomas, por volunt\u00e1rios internacionais.<\/p>\n<p>A Missa, que iniciou \u00e0s 17hs50min, sob uma temperatura de 19\u00b0C, teve a Primeira Leitura feita em espanhol, o Salmo e o Evangelho em portugu\u00eas e a Segunda Leitura em ingl\u00eas. Dom Orani, ap\u00f3s saudar os presentes, leu as inten\u00e7\u00f5es da missa, voltadas \u00e0s diversas dificuldades e desafios vividos pelos jovens.<\/p>\n<p>Na homilia, Dom Orani Tempesta recordou que \u0093a Arquidiocese do Rio de Janeiro acolheu com responsabilidade a escolha feita pelo Papa Bento XVI, ao final da Missa de Madri em agosto de 2011\u0094, a quem agradeceu a escolha e as orienta\u00e7\u00f5es. Ap\u00f3s acrescentou:<\/p>\n<p>\u0093No entanto, providencialmente, esta Jornada estava destinada a ser uma Jornada que, pela segunda vez, ao retornar \u00e0 Am\u00e9rica Latina depois de 26 anos, pudesse ser o lugar de acolhida da primeira viagem apost\u00f3lica do primeiro Papa latino-americano da hist\u00f3ria, o Papa Francisco, que veio para presidir este belo e importante momento da vida da Igreja nessas terras de S\u00e3o Sebasti\u00e3o. N\u00f3s o acolheremos solenemente aqui, nesse mesmo local, na pr\u00f3xima quinta-feira. O primeiro Papa latino-americano da hist\u00f3ria pisou como Sumo Pont\u00edfice o solo da Am\u00e9rica Latina neste Santu\u00e1rio Mundial da Juventude em que se transformou esta cidade nestes dias\u0094.<\/p>\n<p>Dom Orani salientou que nestes dias \u0093o Rio se torna o centro da Igreja, viva e jovem\u0094 e que a felicidade do encontro de jovens de tantas partes do mundo \u0093nos fortalece e nos convida a ir ao encontro dos demais jovens, a fazer-nos mission\u00e1rios em todas as na\u00e7\u00f5es. O melhor presente a darmos \u00e0s outras pessoas \u00e9 a presen\u00e7a de Cristo, que nos preenche e nos impulsiona a amar e a nos doar, sempre no di\u00e1logo fraterno\u0094, disse o Arcebispo do Rio de Janeiro, acrescentando que \u0093somos chamados a ser protagonistas de um mundo novo\u0094.<\/p>\n<p>Ap\u00f3s meditar sobre as leituras propostas pela Liturgia, que remetem ao chamado de Mateus e onde somos chamados a ser ap\u00f3stolos, Dom Orani observou que foi Jesus que \u0093uniu a todos nesse cen\u00e1rio maravilhoso da praia que recebe este nome por causa da inicial devo\u00e7\u00e3o a Nossa Senhora de Copacabana, sob o Cristo Redentor com Seu abra\u00e7o acolhedor\u0094. E recordando o Ano da F\u00e9, disse:<\/p>\n<p>\u0093O Mestre Jesus nos convida para um mergulho em \u00e1guas profundas, as \u00e1guas do nosso batismo. E este bonito encontro internacional est\u00e1 justamente no cora\u00e7\u00e3o do Ano da f\u00e9, tempo prop\u00edcio para renovar nossos compromissos assumidos na comunidade crist\u00e3. Somos chamados a viver profundamente a f\u00e9 nesse tempo plural e de tantos questionamentos, nessa mudan\u00e7a de \u00e9poca, mas com o entusiasmo e a coer\u00eancia de quem se deixa conduzir pela a\u00e7\u00e3o do Esp\u00edrito Santo\u0094.<\/p>\n<p>Dirigindo-se uma vez mais aos jovens, o Arcebispo do Rio disse que eles \u0093s\u00e3o o presente esperan\u00e7oso de uma sociedade que espera que sua crise de valores tenha uma solu\u00e7\u00e3o. S\u00e3o chamados a formar uma nova gera\u00e7\u00e3o que vive a f\u00e9 e a transmite para a gera\u00e7\u00e3o seguinte. Somos convidados a uma experi\u00eancia de f\u00e9 e dela sair revigorados\u0094 e recordou que \u0093o primeiro peregrino, que j\u00e1 est\u00e1 entre n\u00f3s, o Santo Padre, o Papa Francisco, se colocou conosco nesta caminhada e nos indicar\u00e1 caminhos durante estes dias\u0094.<\/p>\n<p>Ap\u00f3s, exortou os jovens: \u0093Temos muitas barreiras e injusti\u00e7as para superar. Vamos construir pontes ao inv\u00e9s de muros e obst\u00e1culos. O mundo todo, atrav\u00e9s de voc\u00eas, presente nessa cidade precisa testemunhar a solidariedade, a partilha e a acolhida do amor de Cristo Redentor. \u00c9 tempo de despertar confian\u00e7a e esperan\u00e7a para que se transformem em atitudes para um amanh\u00e3 de luz\u0094.<\/p>\n<p>Dom Orani confiou cada jovem a \u0093Maria, de tantos nomes e invoca\u00e7\u00f5es, e aqui no Brasil invocada com o t\u00edtulo de Nossa Senhora Aparecida como padroeira principal, mas tamb\u00e9m Nossa Senhora da Penha, Nossa Senhora de Nazar\u00e9, foi e continua sendo a companheira e m\u00e3e de todos os jovens\u0094.<\/p>\n<p>Ao final da cerim\u00f4nia, o Presidente do Pontif\u00edcio Conselho para os Leigos, Dom Stanislaw Rilko, saudou os jovens presentes nesta 28a edi\u00e7\u00e3o da Jornada Mundial da Juventude.<\/p>\n<p>Ap\u00f3s, a cerim\u00f4nia de lan\u00e7amento do selo especial por ocasi\u00e3o da visita do Papa Francisco ao Brasil e show de bandas cat\u00f3licas. (JE)<\/p>\n<p>Eis a \u00edntegra da homilia de Dom Orani Jo\u00e3o Tempesta:<\/p>\n<p>Queridos jovens!<br \/>Distintas autoridades eclesi\u00e1sticas, civis e militares!<br \/>Todas nomeadas pelo protocolo inicial.<br \/>Amado Povo de Deus!<\/p>\n<p>Estamos iniciando a Jornada Mundial da Juventude Rio 2013! Sejam todos bem-vindos! Esta cidade maravilhosa tornou-se ainda mais bela com a presen\u00e7a de voc\u00eas! Uma grande alegria nos invade: voc\u00eas est\u00e3o aqui! Vieram de todos os lugares da Terra! Durante estes dias, aqui ser\u00e1 a casa de todos voc\u00eas! Voc\u00eas est\u00e3o fazendo parte de nossa fam\u00edlia neste belo e importante momento da hist\u00f3ria!<br \/>A todos que chegam cansados pela demora da viagem ou de caminhada: este tempo \u00e9 de estar com o Senhor Jesus Cristo para viver como seu disc\u00edpulo. Essa nossa experi\u00eancia ter\u00e1 como consequ\u00eancia o entusiasmo mission\u00e1rio! Ir e fazer disc\u00edpulos!<br \/>Esta Arquidiocese de S\u00e3o Sebasti\u00e3o do Rio de Janeiro acolheu com grande responsabilidade a escolha feita pelo Papa Bento XVI, hoje em\u00e9rito, anunciada ao final da Missa em Madri em Agosto de 2011. Agradecemos a ele pela escolha e pelas orienta\u00e7\u00f5es, pelo tema da JMJ e incentivo.<br \/>No entanto, providencialmente, esta Jornada estava destinada a ser uma Jornada que, pela segunda vez, ao retornar \u00e0 Am\u00e9rica Latina depois de 26 anos, pudesse ser o lugar de acolhida da primeira viagem apost\u00f3lica do primeiro Papa latino-americano da hist\u00f3ria, o Papa Francisco, que veio para presidir este belo e importante momento da vida da Igreja nessas terras de S\u00e3o Sebasti\u00e3o. N\u00f3s o acolheremos solenemente aqui, nesse mesmo local, na pr\u00f3xima quinta-feira. O primeiro Papa latino-americano da hist\u00f3ria pisou como Sumo Pont\u00edfice o solo da Am\u00e9rica Latina neste Santu\u00e1rio Mundial da Juventude em que se transformou esta cidade nestes dias.<br \/>Nesta semana, o Rio se torna o centro da Igreja, viva e jovem. Todos os caminhos para c\u00e1 nos conduzem. Voc\u00eas vieram de diferentes partes do mundo para juntos partilharmos a f\u00e9 e a alegria do discipulado. Essa felicidade nos fortalece e nos convida a ir ao encontro dos demais jovens, a fazer-nos mission\u00e1rios em todas as na\u00e7\u00f5es. O melhor presente a darmos \u00e0s outras pessoas \u00e9 a presen\u00e7a de Cristo, que nos preenche e nos impulsiona a amar e a nos doar, sempre no di\u00e1logo fraterno.<br \/>Aqui chegamos, tamb\u00e9m, depois de quase dois anos de peregrina\u00e7\u00e3o dos s\u00edmbolos da JMJ pelo nosso pa\u00eds: a cruz da juventude e o \u00edcone de Nossa Senhora que agora estar\u00e3o presentes em nossos atos centrais. Quando esses s\u00edmbolos nos foram entregues em Madri, na Espanha, em Agosto de 2011, a como\u00e7\u00e3o tomou conta da juventude do nosso pa\u00eds que, com entusiasmo, acolheu-os em suas comunidades durante esse tempo.<br \/>Temos conosco, espalhadas pela cidade, muitas rel\u00edquias dos santos patronos e intercessores da JMJ, recordando que em todas as \u00e9pocas e locais do mundo temos jovens que se santificaram. Est\u00e3o conosco, tamb\u00e9m, parentes dessas pessoas que s\u00e3o exemplo de vida crist\u00e3 e que rezam conosco pela juventude hodierna.<br \/>O entusiasmo juvenil por todos os cantos demonstram o rosto do jovem crist\u00e3o, que procura unir o testemunho de uma vida autenticamente crist\u00e3 com as consequ\u00eancias sociais do Evangelho.<br \/>Somos chamados a ser protagonistas de um mundo novo. Tenho certeza de que voc\u00eas far\u00e3o isso em suas cidades e seus pa\u00edses. O mundo necessita de jovens como voc\u00eas!<br \/>Acabamos de ouvir o Evangelho no qual Jesus chama Mateus para o discipulado. E, ao cham\u00e1-lo, anuncia que Ele veio justamente para que os pecadores experimentem a miseric\u00f3rdia. Veio para n\u00f3s que estamos entre os povos chamados \u00e0 obedi\u00eancia da f\u00e9, conforme nos fala Paulo na carta aos Romanos. \u0093Recebemos a gra\u00e7a da voca\u00e7\u00e3o para o Apostolado, n\u00f3s que fomos chamados a ser disc\u00edpulos de Jesus Cristo, amados de Deus e santos por voca\u00e7\u00e3o.<br \/>A primeira leitura, juntamente com o salmo, nos indica que a nossa resposta deve ser de prontid\u00e3o, \u0096 dizendo: Eis-me aqui! Aqui estou! Fala que teu servo escuta! Pois viemos para fazer, com prazer, a vontade do Senhor (Sl 39\/40).<br \/>\u00c9 esta express\u00e3o b\u00edblica que gostar\u00edamos que estivesse nos l\u00e1bios e cora\u00e7\u00f5es de voc\u00eas hoje e sempre: Eis-nos aqui, Senhor! A exemplo de Mateus, tamb\u00e9m estamos prontos para as consequ\u00eancias do SIM a Deus, cheias de desafios e alegrias.<br \/>Foi a chamada d\u0092Ele que nos uniu nesse cen\u00e1rio maravilhoso da praia que recebe este nome por causa da inicial devo\u00e7\u00e3o a Nossa Senhora de Copacabana, sob o Cristo Redentor com Seu abra\u00e7o acolhedor. Este mar, a areia, a praia e a multid\u00e3o fazem lembrar a voca\u00e7\u00e3o dos outros disc\u00edpulos, al\u00e9m de Mateus. Esse cen\u00e1rio nos remete aos barcos deixados na praia por aqueles que foram chamados por Jesus para segui-lo. Hoje, tamb\u00e9m n\u00f3s somos chamados para seguir a Cristo Ressuscitado.<br \/>O Mestre Jesus nos convida para um mergulho em \u00e1guas profundas, as \u00e1guas do nosso batismo. E este bonito encontro internacional est\u00e1 justamente no cora\u00e7\u00e3o do Ano da f\u00e9, tempo prop\u00edcio para renovar nossos compromissos assumidos na comunidade crist\u00e3. Somos chamados a viver profundamente a f\u00e9 nesse tempo plural e de tantos questionamentos, nessa mudan\u00e7a de \u00e9poca, mas com o entusiasmo e a coer\u00eancia de quem se deixa conduzir pela a\u00e7\u00e3o do Esp\u00edrito Santo.<br \/>Refletindo sobre a resposta de Mateus a Jesus, ouvimos que, quando nos levantamos para responder positivamente ao Mestre, Ele vem cear em nossa casa e transforma nossa vida. Para Samuel, na primeira leitura, o chamado parecia um sonho, mas com a ajuda de um companheiro ele conseguiu discernir que a voz era de Deus, era real. O caminho mission\u00e1rio exige discernimento, utopia, sonho, mas tamb\u00e9m do aux\u00edlio de algu\u00e9m ao nosso lado que nos ajude a reconhecer a voz de Deus. Como Paulo, somos servos de Cristo, ap\u00f3stolos por voca\u00e7\u00e3o e escolhidos para o evangelho de Deus!<br \/>Queridos jovens, nossa Arquidiocese sentiu-se chamada por Deus para acolher voc\u00eas. Todos n\u00f3s respondemos assim como Samuel, Paulo e Mateus: Eis-nos aqui! Aqui estamos! Nossas par\u00f3quias, fam\u00edlias, escolas, pastorais, associa\u00e7\u00f5es, movimentos, grupos de servi\u00e7os. As nossas casas s\u00e3o as vossas casas! Existe uma revolu\u00e7\u00e3o de amor neste momento: o outro \u00e9 Cristo para n\u00f3s! O outro \u00e9 nosso irm\u00e3o! Que isso ressoe pelo mundo! Somos chamados a viver construindo um mundo de irm\u00e3os! Queremos que todos e cada um se sintam acolhidos no abra\u00e7o de Cristo, que chama a todos para estarem com Ele na constru\u00e7\u00e3o do Reino de Deus. Vamos juntos?<br \/>Cristo nos convida: venham, meus amigos! Vamos com Ele nas pegadas do sucessor de Pedro, do Vig\u00e1rio do Redentor peregrinar por este Rio, semeando fraternidade por onde passarmos. Que possamos ser arautos da paz e da conc\u00f3rdia, conclamando o mundo a viver a santidade que brota do Redentor do Homem.<br \/>E, ao redor do Mestre, junto com outros jovens disc\u00edpulos vindos de todos os recantos dessa Terra, diremos \u0093Senhor, como \u00e9 bom estarmos aqui\u0094 (Mt 17,4).<br \/>Andem por esta cidade, testemunhem Jesus Cristo, comprometam-se com o mundo novo, contagiem a todos com a alegria e a paz de Cristo, como sentinelas da manh\u00e1, trabalhando na renova\u00e7\u00e3o do mundo \u00e0 luz do plano de Deus.<br \/>Vivemos este tempo forte de peregrina\u00e7\u00e3o porque Jesus Cristo est\u00e1 vivo no meio de n\u00f3s, nos d\u00e1 o seu Esp\u00edrito Santo, e n\u00f3s somos chamados a viver esta realidade e transmiti-la aos outros de modo acess\u00edvel e compreens\u00edvel. Jesus Cristo \u00e9 sempre atual, sobretudo para os jovens que buscam a verdade, a justi\u00e7a e a paz \u0096e s\u00f3 podem encontr\u00e1-las em Jesus Cristo.<br \/>Voc\u00eas, queridos jovens, s\u00e3o o presente esperan\u00e7oso de uma sociedade que espera que sua crise de valores tenha uma solu\u00e7\u00e3o. S\u00e3o chamados a formar uma nova gera\u00e7\u00e3o que vive a f\u00e9 e a transmite para a gera\u00e7\u00e3o seguinte. Somos convidados a uma experi\u00eancia de f\u00e9 e dela sair revigorados! A participa\u00e7\u00e3o na comunidade com entusiasmo ser\u00e1 a oportunidade de, convivendo com os demais irm\u00e3os e irm\u00e3s, testemunharem que um outro mundo \u00e9 poss\u00edvel! O primeiro peregrino, que j\u00e1 est\u00e1 entre n\u00f3s, o Santo Padre, o Papa Francisco, se colocou conosco nesta caminhada e nos indicar\u00e1 caminhos durante estes dias. Queridos jovens: n\u00e3o tenham medo de abrir os seus cora\u00e7\u00f5es para Cristo!<br \/>Temos muitas barreiras e injusti\u00e7as para superar. Vamos construir pontes ao inv\u00e9s de muros e obst\u00e1culos. O mundo todo, atrav\u00e9s de voc\u00eas, presente nessa cidade precisa testemunhar a solidariedade, a partilha e a acolhida do amor de Cristo Redentor. \u00c9 tempo \u00e9 de despertar confian\u00e7a e esperan\u00e7a que se transformem em atitudes para um amanh\u00e3 de luz.<br \/>Maria, de tantos nomes e invoca\u00e7\u00f5es, e aqui no Brasil invocada com o t\u00edtulo de Nossa Senhora Aparecida como padroeira principal, mas tamb\u00e9m Nossa Senhora da Penha, Nossa Senhora de Nazar\u00e9, foi e continua sendo a companheira e m\u00e3e de todos os jovens. A ela confiamos cada um de voc\u00eas para que, acolhendo o Cristo que ela nos apresenta, caminhem pelo mundo como disc\u00edpulos misson\u00e1rios da nova evangeliza\u00e7\u00e3o, sendo protagonistas de um mundo novo, como sentinelas da manh\u00e3 despertando a esperan\u00e7a de um novo amanhecer: Cristo Ressuscitou e vai \u00e0 nossa frente! O Esp\u00edrito Santo nos iluminar\u00e1 em nossa vida e nos dar\u00e1 as luzes para que compreendamos a nossa miss\u00e3o de como conduzir as pessoas ao Pai.<br \/>Hoje, ao iniciarmos a Jornada, o Cristo Redentor nos diz \u0093Venham, meus amigos!\u0094 Durante a Jornada aprenderemos a dizer \u0093Fala, Senhor, que teu servo escuta\u0094! E ouviremos cada vez mais o Senhor a nos dizer: \u0093Sejam mission\u00e1rios\u0094. \u0093Ide e fazei disc\u00edpulos entre as na\u00e7\u00f5es\u0094! E todos n\u00f3s responderemos: \u0093Eis-nos aqui, Senhor, envia-nos!\u0094<\/p>\n<p>\u0086 Orani Jo\u00e3o Tempesta, O. Cist.<br \/>Arcebispo Metropolitano de S\u00e3o Sebasti\u00e3o do Rio de Janeiro, RJ<\/p>\n<p><strong>Fonte: <\/strong>R\u00e1dio Vaticano<strong><br \/>Local: <\/strong>Rio de Janeiro (RJ)<\/p>\n","protected":false},"excerpt":{"rendered":"<p>A Jornada Mundial da Juventude, Rio 2013, foi aberta oficialmente nesta ter\u00e7a-feira na Praia de Copacabana, numa Missa presidida pelo Arcebispo do Rio de Janeiro, Dom Orani Jo\u00e3o Tempesta. Sete Bispos auxiliares e cerca de 1.500 religiosos, entre Cardeais, Bispos e Sacerdotes acompanharam o Arcebispo na celebra\u00e7\u00e3o. Uma mensagem do Presidente do Pontif\u00edcio Conselho para [&hellip;]<\/p>\n","protected":false},"author":1,"featured_media":0,"comment_status":"closed","ping_status":"closed","sticky":false,"template":"","format":"standard","meta":{"footnotes":""},"categories":[3],"tags":[],"class_list":["post-2888","post","type-post","status-publish","format-standard","hentry","category-vaticano"],"_links":{"self":[{"href":"https:\/\/catolicanet.net\/wp-cnet\/wp-json\/wp\/v2\/posts\/2888","targetHints":{"allow":["GET"]}}],"collection":[{"href":"https:\/\/catolicanet.net\/wp-cnet\/wp-json\/wp\/v2\/posts"}],"about":[{"href":"https:\/\/catolicanet.net\/wp-cnet\/wp-json\/wp\/v2\/types\/post"}],"author":[{"embeddable":true,"href":"https:\/\/catolicanet.net\/wp-cnet\/wp-json\/wp\/v2\/users\/1"}],"replies":[{"embeddable":true,"href":"https:\/\/catolicanet.net\/wp-cnet\/wp-json\/wp\/v2\/comments?post=2888"}],"version-history":[{"count":1,"href":"https:\/\/catolicanet.net\/wp-cnet\/wp-json\/wp\/v2\/posts\/2888\/revisions"}],"predecessor-version":[{"id":7270,"href":"https:\/\/catolicanet.net\/wp-cnet\/wp-json\/wp\/v2\/posts\/2888\/revisions\/7270"}],"wp:attachment":[{"href":"https:\/\/catolicanet.net\/wp-cnet\/wp-json\/wp\/v2\/media?parent=2888"}],"wp:term":[{"taxonomy":"category","embeddable":true,"href":"https:\/\/catolicanet.net\/wp-cnet\/wp-json\/wp\/v2\/categories?post=2888"},{"taxonomy":"post_tag","embeddable":true,"href":"https:\/\/catolicanet.net\/wp-cnet\/wp-json\/wp\/v2\/tags?post=2888"}],"curies":[{"name":"wp","href":"https:\/\/api.w.org\/{rel}","templated":true}]}}