{"id":2884,"date":"2013-07-22T18:49:13","date_gmt":"2013-07-22T21:49:13","guid":{"rendered":"http:\/\/catolicanet.net\/wp-cnet\/dom-leonardo-steiner-participa-da-abertura-da-expocatolica-jmjrio-2013\/"},"modified":"2017-03-22T13:27:00","modified_gmt":"2017-03-22T16:27:00","slug":"dom-leonardo-steiner-participa-da-abertura-da-expocatolica-jmjrio-2013","status":"publish","type":"post","link":"https:\/\/catolicanet.net\/wp-cnet\/dom-leonardo-steiner-participa-da-abertura-da-expocatolica-jmjrio-2013\/","title":{"rendered":"Dom Leonardo Steiner participa da abertura da ExpoCat\u00f3lica JMJRio 2013"},"content":{"rendered":"<p style=\"text-align: justify;\"><img decoding=\"async\" src=\"http:\/\/catolicanet.com.br\/images\/stories\/domleonardonaexpocatolicajmjrio2013.jpg\" border=\"0\" align=\"left\" \/>A imagem peregrina de Nossa Senhora de Nazar\u00e9 foi recebida por milhares de devotos na abertura da ExpoCat\u00f3lica 2013 &#8211; Feira Internacional de Carismas, Turismo, Educa\u00e7\u00e3o, Livros e Artigos Religiosos, que \u00e9 realizada no pavilh\u00e3o de exposi\u00e7\u00f5es do Riocentro, no Rio de Janeiro (RJ), at\u00e9 o pr\u00f3ximo dia 26 de julho. . No s\u00e1bado, dia 20, ap\u00f3s um mini cortejo pelo Pavilh\u00e3o 3, a imagem foi conduzida por dirigentes da Arquidiocese de Bel\u00e9m (PA) e organismos do Turismo. A abertura oficial do evento contou com a participa\u00e7\u00e3o de representantes da Confer\u00eancia Nacional dos Bispos do Brasil (CNBB), Governo e Prefeitura do Rio de Janeiro, dirigentes do MTUR e Governo do Par\u00e1, entre outros. Durante a JMJRio 2013, o Papa Francisco ser\u00e1 presenteado com uma r\u00e9plica da imagem peregrina de Nossa Senhora de Nazar\u00e9.<\/p>\n<p>O secret\u00e1rio geral da CNBB, dom Leonardo Steiner lembrou que o importante n\u00e3o \u00e9 o culto \u00e0s imagens nos eventos cat\u00f3licos, mas a f\u00e9 que se propaga a partir dessas manifesta\u00e7\u00f5es. Na oportunidade, o bispo auxiliar de Bras\u00edlia, aben\u00e7oou os participantes do evento, pedindo a intercess\u00e3o de Nossa Senhora de Nazar\u00e9.<\/p>\n<p>Saiba mais<br \/>A Expocat\u00f3lica \u00e9 uma feira profissional voltada para a promo\u00e7\u00e3o do turismo religioso, a \u00fanica focada neste setor na Am\u00e9rica Latina, o que motivou a parceria entre Paratur, Secretaria de Estado de Turismo do Par\u00e1 (Setur) e Diretoria do C\u00edrio de Nazar\u00e9, com o intuito de levar a Imagem Peregrina at\u00e9 o evento, estendendo a participa\u00e7\u00e3o do maior \u00edcone da f\u00e9 cat\u00f3lica paraense \u00e0 Jornada Mundial da Juventude. Acesse tamb\u00e9m: www.cidadedaf\u00e9.com.br<\/p>\n<p><strong>Fonte:<\/strong> CNBB<br \/><strong>Local: <\/strong>Rio de Janeiro (RJ)<\/p>\n","protected":false},"excerpt":{"rendered":"<p>A imagem peregrina de Nossa Senhora de Nazar\u00e9 foi recebida por milhares de devotos na abertura da ExpoCat\u00f3lica 2013 &#8211; Feira Internacional de Carismas, Turismo, Educa\u00e7\u00e3o, Livros e Artigos Religiosos, que \u00e9 realizada no pavilh\u00e3o de exposi\u00e7\u00f5es do Riocentro, no Rio de Janeiro (RJ), at\u00e9 o pr\u00f3ximo dia 26 de julho. . No s\u00e1bado, dia [&hellip;]<\/p>\n","protected":false},"author":1,"featured_media":0,"comment_status":"closed","ping_status":"closed","sticky":false,"template":"","format":"standard","meta":{"footnotes":""},"categories":[7],"tags":[],"class_list":["post-2884","post","type-post","status-publish","format-standard","hentry","category-cnbb"],"_links":{"self":[{"href":"https:\/\/catolicanet.net\/wp-cnet\/wp-json\/wp\/v2\/posts\/2884","targetHints":{"allow":["GET"]}}],"collection":[{"href":"https:\/\/catolicanet.net\/wp-cnet\/wp-json\/wp\/v2\/posts"}],"about":[{"href":"https:\/\/catolicanet.net\/wp-cnet\/wp-json\/wp\/v2\/types\/post"}],"author":[{"embeddable":true,"href":"https:\/\/catolicanet.net\/wp-cnet\/wp-json\/wp\/v2\/users\/1"}],"replies":[{"embeddable":true,"href":"https:\/\/catolicanet.net\/wp-cnet\/wp-json\/wp\/v2\/comments?post=2884"}],"version-history":[{"count":1,"href":"https:\/\/catolicanet.net\/wp-cnet\/wp-json\/wp\/v2\/posts\/2884\/revisions"}],"predecessor-version":[{"id":7267,"href":"https:\/\/catolicanet.net\/wp-cnet\/wp-json\/wp\/v2\/posts\/2884\/revisions\/7267"}],"wp:attachment":[{"href":"https:\/\/catolicanet.net\/wp-cnet\/wp-json\/wp\/v2\/media?parent=2884"}],"wp:term":[{"taxonomy":"category","embeddable":true,"href":"https:\/\/catolicanet.net\/wp-cnet\/wp-json\/wp\/v2\/categories?post=2884"},{"taxonomy":"post_tag","embeddable":true,"href":"https:\/\/catolicanet.net\/wp-cnet\/wp-json\/wp\/v2\/tags?post=2884"}],"curies":[{"name":"wp","href":"https:\/\/api.w.org\/{rel}","templated":true}]}}