{"id":28816,"date":"2017-03-13T12:18:30","date_gmt":"2017-03-13T15:18:30","guid":{"rendered":"http:\/\/catolicanet.net\/wp-cnet\/2017\/03\/13\/dom-da-vocacao-presbiteral\/"},"modified":"2017-06-12T13:14:22","modified_gmt":"2017-06-12T16:14:22","slug":"dom-da-vocacao-presbiteral","status":"publish","type":"post","link":"https:\/\/catolicanet.net\/wp-cnet\/dom-da-vocacao-presbiteral\/","title":{"rendered":"Dom da voca\u00e7\u00e3o presbiteral"},"content":{"rendered":"<p style=\"text-align: justify;\">Neste m\u00eas, iniciamos o tempo de forma\u00e7\u00e3o dos nossos seminaristas nos quatro semin\u00e1rios arquidiocesanos. Pudemos celebrar juntos a Quarta-feira de Cinzas, fazer a investidura do h\u00e1bito talar com sobrepeliz para o uso lit\u00fargico aos que entram neste ano no Semin\u00e1rio Maior S\u00e3o Jos\u00e9, e celebrar a conclus\u00e3o das tr\u00eas semanas de conviv\u00eancia e do retiro dos propedeutas. De minha parte sempre \u00e9 um canto de louvor a Deus, testemunhando a Sua a\u00e7\u00e3o na vida desses jovens que deixam tudo para servir aos irm\u00e3os e irm\u00e3s por causa de Cristo. Realmente, testemunhar isso \u00e9 constatar a presen\u00e7a de Deus na hist\u00f3ria da vida das pessoas. Sempre \u00e9 um momento de grande alegria!<br \/>Sirvo-me da reflex\u00e3o que fez o Papa Francisco quando se encontrou, em 10 de dezembro de 2016, com os seminaristas e formadores do Pontif\u00edcio Semin\u00e1rio Pio XI da Regi\u00e3o da Ap\u00falia (Puglia). Tem o texto oficial que o Papa entregou aos formadores e o que ele fez de improviso, falando de cora\u00e7\u00e3o. Deste seu discurso, gostaria de refletir alguns itens recordando o grande dom da voca\u00e7\u00e3o ao sacerd\u00f3cio ministerial diocesano, que estamos testemunhando neste m\u00eas de mar\u00e7o. Embora tenham sido pronunciadas em dezembro de 2016, a meu ver s\u00e3o palavras bastante atuais, especialmente para a reflex\u00e3o quaresmal do clero e dos que se preparam para o minist\u00e9rio ordenado, reiniciando suas vidas de forma\u00e7\u00e3o em nossos semin\u00e1rios. <br \/>O Papa, al\u00e9m de recordar do exemplo e fazer mem\u00f3ria da religiosa e do sacerdote exemplar, como sempre gosta de concretizar suas ideias, ele coloca alguns pontos importantes para nossas vidas: o semin\u00e1rio como lugar de forma\u00e7\u00e3o dos futuros presb\u00edteros, a gra\u00e7a da mem\u00f3ria eclesial, a proximidade com o povo a exemplo do Verbo Encarnado, o perigo de descuidar da par\u00f3quia, a ora\u00e7\u00e3o diante do Sant\u00edssimo Sacramento, a f\u00e9 no Esp\u00edrito Santo e outras atitudes.<br \/>O semin\u00e1rio forma um pai para a comunidade: o Santo Padre afirma que ali \u00e9 um lugar privilegiado de forma\u00e7\u00e3o dos novos cl\u00e9rigos. Forma\u00e7\u00e3o que h\u00e1 de ser bem dada para os padres cada vez mais errarem menos, pois os erros de um padre valem muito na m\u00eddia; os esc\u00e2ndalos ganham ampla e r\u00e1pida repercuss\u00e3o manchando a face humana da Igreja e, por vezes, obscurecendo o seu aspecto divino, o que \u00e9 muito triste.<br \/>No entanto, n\u00e3o basta evitar o erro, \u00e9 preciso que a vida do padre seja fecunda. Para isso n\u00e3o basta termos um \u201cbom sacerdote que segue todas as regras. N\u00e3o, n\u00e3o. Que d\u00ea vida aos outros! Que seja pai de uma comunidade. Um sacerdote que n\u00e3o \u00e9 pai n\u00e3o serve\u201d. \u201cA paternidade da voca\u00e7\u00e3o pastoral: dar vida, fazer crescer a vida; n\u00e3o descuidar da vida de uma comunidade\u201d. \u201cE faz\u00ea-lo com coragem, com for\u00e7a, com ternura\u201d.<br \/>A gra\u00e7a da \u201cmem\u00f3ria eclesial\u201d: importa a cada seminarista ou padre ter presente que a Igreja n\u00e3o come\u00e7ou com ele, nem terminar\u00e1 com ele. Afinal, ele \u00e9 um elo, importante, sim, mas um elo \u2013 no presente \u2013 entre o passado e o futuro, olhando o bom exemplo dos antecessores. Com efeito, fala o Papa: \u201ctendes a vantagem de dispor de uma hist\u00f3ria de bons p\u00e1rocos, muito bons, que nos d\u00e3o o exemplo de como ir em frente. Olhai para os vossos pais na f\u00e9, olhai para eles e pedi ao Senhor a gra\u00e7a da mem\u00f3ria, a mem\u00f3ria eclesial. \u2018A hist\u00f3ria da salva\u00e7\u00e3o n\u00e3o come\u00e7ou comigo\u2019 \u2014 cada qual deve dizer isto. \u2018A minha igreja tem uma tradi\u00e7\u00e3o, uma longa tradi\u00e7\u00e3o de bons sacerdotes\u2019: assumir esta tradi\u00e7\u00e3o e lev\u00e1-la adiante. E n\u00e3o acabar\u00e1 contigo. Procura deixar a heran\u00e7a a quem ocupar o teu lugar. Pais que recebem a paternidade de algu\u00e9m e a d\u00e3o aos outros. Ser sacerdote assim \u00e9 bom. Certa vez encontrei o p\u00e1roco de uma aldeia, um bom p\u00e1roco: \u2018O que fazes?\u2019 \u2013 \u2018Conhe\u00e7o o nome de cada um dos meus paroquianos, das pessoas\u2019 \u2013 \u2018A s\u00e9rio, de todas?\u2019 \u2013 \u2018Todas! At\u00e9 o nome dos c\u00e3es!\u2019. Estava pr\u00f3ximo das pessoas\u201d.<br \/>Proximidade: este passo decorre do anterior e leva o padre a ser pr\u00f3ximo do seu povo, dos fi\u00e9is a ele confiados na par\u00f3quia em que atua. Jamais pode ser um divorciado da realidade, mas, sim, encarnado nela, a exemplo do Filho de Deus.<br \/>Sob essa \u00f3tica, fala longamente o Santo Padre: \u201cN\u00e3o se pode ser sacerdote afastado do povo. Proximidade ao povo\u201d. \u201cE quem nos deu o maior exemplo de proximidade foi o Senhor, n\u00e3o \u00e9 verdade\u201d? \u201cCom a sua synkatabasis fez-se pr\u00f3ximo, pr\u00f3ximo a ponto de assumir a nossa carne. Proximidade! Um sacerdote que se afasta do povo n\u00e3o \u00e9 capaz de transmitir a mensagem de Jesus. N\u00e3o \u00e9 capaz de dar as car\u00edcias de Jesus ao povo [&#8230;]. Proximidade ao povo. E proximidade significa paci\u00eancia; significa queimar [consumir] a vida, porque \u2013 digamos a verdade \u2013 o povo santo de Deus cansa, cansa! Mas como \u00e9 agrad\u00e1vel encontrar um sacerdote que termina o dia cansado e que n\u00e3o precisa de comprimidos para dormir bem! Aquele cansa\u00e7o sadio do trabalho, de animar os outros, continuamente ao servi\u00e7o dos outros&#8230;\u201d A pobreza \u201cfar\u00e1 crescer a tua doa\u00e7\u00e3o ao Senhor e que \u2013 a pobreza \u2013 servir\u00e1 de muro para te preservar, porque a pobreza na vida consagrada, na vida dos sacerdotes, \u2018\u00e9 m\u00e3e e muro\u2019\u201d. \u201c\u00c9 m\u00e3e e muro: d\u00e1 vida e preserva\u201d. \u201cUm sacerdote pr\u00f3ximo do povo, pr\u00f3ximo dos problemas das pessoas\u201d. \u201cEsta palavra, \u2018proximidade\u2019\u201d.<br \/>\u201c&#8230; Proximidade! Como Jesus esteve pr\u00f3ximo de n\u00f3s. N\u00e3o h\u00e1 outro caminho: \u00e9 a via da Encarna\u00e7\u00e3o. Hoje as propostas gn\u00f3sticas s\u00e3o tantas, e aquele pode at\u00e9 ser um bom sacerdote, mas n\u00e3o cat\u00f3lico, gn\u00f3stico, n\u00e3o cat\u00f3lico. N\u00e3o, n\u00e3o! Cat\u00f3lico, encarnado, pr\u00f3ximo, que sabe acariciar e sofrer com a carne de Jesus nos doentes, nas crian\u00e7as, no povo, nos problemas, nos tantos problemas que o nosso povo tem. Esta proximidade ajudar-vos-\u00e1 muito, tanto\u201d!<br \/>Junto a Cristo no sacr\u00e1rio: o padre h\u00e1 de ser homem de ora\u00e7\u00e3o, especialmente junto ao Sacr\u00e1rio onde est\u00e1 o Senhor Jesus, diuturnamente, presente em seu corpo, sangue, alma e divindade, a esperar a nossa visita nos v\u00e1rios momentos do nosso dia cheio de atividades ministeriais. <br \/>Mesmo cheios de atividades, precisamos do mais importante: um tempo para Jesus e com Jesus, centro de nossa vida sacerdotal, n\u00e3o obstante o cansa\u00e7o que nos assola e pode, inclusive, nos levar ao sono ou ao cochilo do corpo. Contudo, conforme rezamos no Of\u00edcio de Completas, devemos sempre pedir a Deus: \u201cSalvai-nos, Senhor, quando velamos, guardai-nos tamb\u00e9m quando dormimos! Nossa mente vigie com o Cristo, nosso corpo repouse em sua paz\u201d! \u00c9 isso que o Papa ensina ao indagar: \u201cquanto tempo passais por dia sentado diante do Tabern\u00e1culo? Uma das perguntas que fazia sempre aos sacerdotes, tamb\u00e9m bons, a todos, era: tu, \u00e0 noite, como vais para a cama? E eles n\u00e3o compreendiam: \u2018Mas o que me perguntas?\u2019 \u2013 \u2018Sim, sim! Como vais repousar? O que fazes?\u2019 \u2013 \u2018Oh, sim, volto cansado. Janto alguma coisa e depois vou dormir&#8230; Vejo a televis\u00e3o&#8230; Repouso um pouco&#8230;\u2019 \u2013 Ah, bom. Mas tu n\u00e3o sa\u00fadas \u2018Aquele\u2019 que te enviou ao povo? Pelo menos passar um momento diante do Tabern\u00e1culo\u2019 \u2013 Ah, sim, \u00e9 verdade! Mas adorme\u00e7o&#8230;\u2019. Bendito seja o Senhor! O que h\u00e1 de mais bonito do que adormecer diante do Senhor? Acontece-me&#8230; Isto n\u00e3o \u00e9 pecado, n\u00e3o \u00e9 pecado. Tamb\u00e9m Santa Teresinha do Menino Jesus nos ensina a fazer isto. Por favor, n\u00e3o deixeis o Senhor! N\u00e3o deixeis o Senhor sozinho no Tabern\u00e1culo! V\u00f3s precisais d\u2019Ele. \u2018Mas n\u00e3o me diz nada! Adorme\u00e7o&#8230;\u2019. Adormece. Mas \u00e9 Ele quem te envia, \u00e9 Ele quem te d\u00e1 a for\u00e7a. A ora\u00e7\u00e3o pessoal com o Senhor, porque tu deves ser para o teu povo como Jesus. \u2018Ah, mas eu n\u00e3o pensava, quando entrei no semin\u00e1rio, que este teria sido o caminho&#8230; Eu pensava em ser padre&#8230; Pensei que fazia muitas coisas belas&#8230;\u2019. E isto \u00e9 importante, mas mais importante \u00e9 encontrar Jesus, e partindo de Jesus fazer o resto. Porque a Igreja n\u00e3o \u00e9 uma ONG, e a pastoral n\u00e3o \u00e9 um plano pastoral. Isto ajuda, \u00e9 um instrumento; mas a pastoral \u00e9 o di\u00e1logo, o di\u00e1logo cont\u00ednuo \u2013 quer sacramental, quer catequ\u00e9tico, quer de ensino \u2013 com o povo\u201d.<br \/>Recorrer ao Esp\u00edrito Santo: outra dica de Francisco \u00e9 recorrer ao Esp\u00edrito Santo a fim de ser por Ele inspirado para que n\u00e3o fa\u00e7amos a nossa vontade, mas, sim, a de Deus em toda a nossa vida doada a Ele para o bem do pr\u00f3ximo, pois \u00e9 Ele, a terceira pessoa da Trindade, que nos leva adiante quando Lhe somos d\u00f3ceis.<br \/>Uma vez mais questiona o Papa: \u201c\u2018E diz-me, como \u00e9 a tua rela\u00e7\u00e3o com o Esp\u00edrito Santo?\u2019 \u2013 \u2018Ah, existe um Esp\u00edrito Santo?\u2019. Aquela pergunta que S\u00e3o Paulo fez [aos disc\u00edpulos de \u00c9feso] e aquela resposta, s\u00e3o sempre atuais (cf. At 19, 2). Todos recitamos o Gl\u00f3ria ao Pai, e Creio no Esp\u00edrito Santo\u2019; mas, na tua vida, como entra o Esp\u00edrito Santo? Sabes distinguir as inspira\u00e7\u00f5es do Esp\u00edrito no teu cora\u00e7\u00e3o? \u2018Mas, Padre, isto \u00e9 para os m\u00edsticos\u2019. N\u00e3o, \u00e9 para todos n\u00f3s! Quando o Esp\u00edrito nos leva a fazer uma coisa e quando o outro esp\u00edrito, o mau, nos leva a fazer outra, sabes distinguir um do outro? Ou a tua vida se rege apenas sobre \u2018tenho vontade de&#8230;\u2019? O Esp\u00edrito Santo. A docilidade ao Esp\u00edrito. Uma coisa na qual devemos pensar muito na nossa vida pastoral: a docilidade ao Esp\u00edrito.\u201d \u00c9 a Ele que se deve pedir o zelo apost\u00f3lico, t\u00e3o necess\u00e1rio a todo batizado, mas de um modo especial aos sacerdotes<br \/>Os quatro pilares! Descreve assim o Papa: \u201ca vida espiritual, a ora\u00e7\u00e3o; a vida comunit\u00e1ria com os companheiros; a vida de estudo, porque devemos estudar: o mundo n\u00e3o tolera a m\u00e1 figura de um sacerdote que n\u00e3o compreende as coisas, que n\u00e3o tem um m\u00e9todo para compreender as coisas e que n\u00e3o saiba dizer as coisas de Deus com fundamento; e quarto: a vida apost\u00f3lica; v\u00f3s no fim de semana ide \u00e0 par\u00f3quia e fazei esta experi\u00eancia. Estes quatro pilares, que estejam sempre presentes. \u2018Mas qual \u00e9 o mais importante\u2019? Os quatro s\u00e3o importantes. E v\u00f3s, superiores e formadores, tendes que ajudar para que isto se verifique, para que seja assim. O equil\u00edbrio destes quatro pilares n\u00e3o deve ser descuidado\u201d. Ponto a ser fortemente refletido!<br \/>O bom p\u00e1roco e o n\u00e3o \u00e0 fofoca: esse exemplo \u00e9 como que o fechamento do longo e oportuno discurso feito de improviso pelo Papa Francisco na ocasi\u00e3o, e leva-nos a examinar nossa consci\u00eancia de modo mais profundo com a seguinte quest\u00e3o: \u201ccomo tenho vivido o meu minist\u00e9rio ordenado\u201d? \u201cPenso mais em mim e nos meus pr\u00f3prios interesses ou no povo a mim confiado pela Igreja? Sou leal ou, \u00e0s vezes, bisbilhoto?\u201d<br \/>Eis o que relata o Santo Padre: \u201cquero terminar com um \u00edcone, um \u00edcone sem uma pessoa, mas que eu vi muitas vezes quando era jovem, o telefone \u2013 porque n\u00e3o havia o atendedor de chamadas, n\u00e3o havia os telefones \u2013 nem o telefone na mesa de cabeceira do p\u00e1roco. Estes bons sacerdotes, que se levantam a qualquer hora da noite para ir visitar um doente, dar os sacramentos. \u2018Mas eu tenho que repousar&#8230; O Senhor salva todos&#8230; Desligo o telefone\u2019. Isto [a disponibilidade] \u00e9 o zelo apost\u00f3lico, isto \u00e9 derreter [consumir] a vida ao servi\u00e7o dos outros. E no final o que te resta? O qu\u00ea? A alegria do servi\u00e7o do Senhor!\u201d<br \/>\u201cPensai na religiosa e pensai no telefone sobre a mesinha de cabeceira; pensai no povo; pensai no Tabern\u00e1culo; pensai nos quatro pilares. Muitas coisas nas quais pensar&#8230; E pensai tamb\u00e9m nos bispos, nos vossos sacerdotes: se tens alguma coisa contra ele, hoje ou amanh\u00e3, o primeiro que o deve saber \u00e9 ele, e n\u00e3o os outros com os enredos. Nunca bisbilhoteis, sede homens bons, que n\u00e3o fazem mexericos&#8230;\u201d<br \/>Que esta reflex\u00e3o do Papa Francisco, nesta semana em que ele comemora 4 anos de sua elei\u00e7\u00e3o e in\u00edcio de pontificado, proposta primeiramente para os Semin\u00e1rios de nossa Arquidiocese e seus respectivos seminaristas, mas tamb\u00e9m para os formadores, para os professores das Faculdades Eclesi\u00e1sticas, para os padres e di\u00e1conos de nossa Arquidiocese, bem como para todos os demais seminaristas, di\u00e1conos e sacerdotes que lerem este artigo, na abertura do itiner\u00e1rio quaresmal, nos ajude, \u00e0 luz do Esp\u00edrito Santo, numa convers\u00e3o profunda que fale alto a cada cora\u00e7\u00e3o\u00a0 e nos fa\u00e7a alegres no Senhor, ao dar a vida pelo Reino de Deus. Am\u00e9m!<\/p>\n","protected":false},"excerpt":{"rendered":"<p>Neste m\u00eas, iniciamos o tempo de forma\u00e7\u00e3o dos nossos seminaristas nos quatro semin\u00e1rios arquidiocesanos. Pudemos celebrar juntos a Quarta-feira de Cinzas, fazer a investidura do h\u00e1bito talar com sobrepeliz para o uso lit\u00fargico aos que entram neste ano no Semin\u00e1rio Maior S\u00e3o Jos\u00e9, e celebrar a conclus\u00e3o das tr\u00eas semanas de conviv\u00eancia e do retiro [&hellip;]<\/p>\n","protected":false},"author":5,"featured_media":0,"comment_status":"open","ping_status":"open","sticky":false,"template":"","format":"standard","meta":{"footnotes":""},"categories":[9],"tags":[],"class_list":["post-28816","post","type-post","status-publish","format-standard","hentry","category-artigos"],"_links":{"self":[{"href":"https:\/\/catolicanet.net\/wp-cnet\/wp-json\/wp\/v2\/posts\/28816","targetHints":{"allow":["GET"]}}],"collection":[{"href":"https:\/\/catolicanet.net\/wp-cnet\/wp-json\/wp\/v2\/posts"}],"about":[{"href":"https:\/\/catolicanet.net\/wp-cnet\/wp-json\/wp\/v2\/types\/post"}],"author":[{"embeddable":true,"href":"https:\/\/catolicanet.net\/wp-cnet\/wp-json\/wp\/v2\/users\/5"}],"replies":[{"embeddable":true,"href":"https:\/\/catolicanet.net\/wp-cnet\/wp-json\/wp\/v2\/comments?post=28816"}],"version-history":[{"count":1,"href":"https:\/\/catolicanet.net\/wp-cnet\/wp-json\/wp\/v2\/posts\/28816\/revisions"}],"predecessor-version":[{"id":31394,"href":"https:\/\/catolicanet.net\/wp-cnet\/wp-json\/wp\/v2\/posts\/28816\/revisions\/31394"}],"wp:attachment":[{"href":"https:\/\/catolicanet.net\/wp-cnet\/wp-json\/wp\/v2\/media?parent=28816"}],"wp:term":[{"taxonomy":"category","embeddable":true,"href":"https:\/\/catolicanet.net\/wp-cnet\/wp-json\/wp\/v2\/categories?post=28816"},{"taxonomy":"post_tag","embeddable":true,"href":"https:\/\/catolicanet.net\/wp-cnet\/wp-json\/wp\/v2\/tags?post=28816"}],"curies":[{"name":"wp","href":"https:\/\/api.w.org\/{rel}","templated":true}]}}