{"id":28815,"date":"2017-03-14T03:00:00","date_gmt":"2017-03-14T06:00:00","guid":{"rendered":"http:\/\/catolicanet.net\/wp-cnet\/2017\/03\/14\/jovens-e-transmissao-da-fe\/"},"modified":"2017-06-12T13:01:33","modified_gmt":"2017-06-12T16:01:33","slug":"jovens-e-transmissao-da-fe","status":"publish","type":"post","link":"https:\/\/catolicanet.net\/wp-cnet\/jovens-e-transmissao-da-fe\/","title":{"rendered":"Jovens e transmiss\u00e3o da f\u00e9"},"content":{"rendered":"<p style=\"text-align: justify;\">Catequese quaresmal &#8211; 1<\/p>\n<p>Iniciamos na Quarta-feira de Cinzas o Tempo Quaresmal de 2017. Estamos a caminho da P\u00e1scoa, refazendo a trajet\u00f3ria do \u00caxodo. Este \u00e9 o tempo da convers\u00e3o e da grande reflex\u00e3o para melhor colocar o nosso cora\u00e7\u00e3o e as nossas inten\u00e7\u00f5es em Deus. Ao longo deste per\u00edodo, como fizemos no ano passado, dedico as catequeses quaresmais aos jovens, dentro do contexto do tema proposto pelo Papa Francisco para o pr\u00f3ximo S\u00ednodo, que vai tratar da nossa amada juventude. <br \/>Nesta primeira catequese, fazendo a mem\u00f3ria de nossos pais e av\u00f3s, t\u00e3o lembrados pelo Papa Francisco, quero falar da import\u00e2ncia do papel dos pais e dos av\u00f3s na transmiss\u00e3o da f\u00e9 a seus filhos e netos. Essa transmiss\u00e3o da f\u00e9 podemos caracterizar como miss\u00e3o.<br \/>A miss\u00e3o \u00e9 parte constitutiva da identidade da Igreja, chamada pelo Senhor a evangelizar todos os povos. Sua raz\u00e3o de ser e agir como fermento e como alma da sociedade, que deve renovar-se em Cristo e transformar-se em fam\u00edlia de Deus. Por isso, a miss\u00e3o deve, antes de tudo, animar a voca\u00e7\u00e3o mission\u00e1ria dos crist\u00e3os, fortalecer as ra\u00edzes de sua f\u00e9 e despertar sua responsabilidade para que todas as comunidades crist\u00e3s ponham-se em estado de miss\u00e3o permanente. Trata-se de despertar, nos crist\u00e3os, a alegria e a fecundidade de serem disc\u00edpulos de Jesus Cristo, celebrando com verdadeiro gozo o \u201cestar-com-Ele\u201d e o \u201camar-com-Ele\u201d, para serem enviados para a miss\u00e3o. \u00c9 a vida do disc\u00edpulo mission\u00e1rio, que nos orientou o documento de Aparecida da V Confer\u00eancia.<br \/> A miss\u00e3o nos leva a viver o encontro com Jesus num dinamismo de convers\u00e3o pessoal, pastoral e eclesial, capaz de impulsionar \u00e0 santidade e ao apostolado os batizados e de atrair os que abandonaram a Igreja, os que est\u00e3o distantes do influxo do Evangelho e os que ainda n\u00e3o experimentaram o dom da f\u00e9. <br \/> A juventude tem sido caracterizada por diferentes vis\u00f5es. Para muitos estudiosos da sociologia, da psicologia e da antropologia, esse \u00e9 o momento primordial para as rela\u00e7\u00f5es da vida em grupo, para a rela\u00e7\u00e3o entre os grupos de iguais e para as profundas buscas e experi\u00eancias que interferem nos resultados de encontros, desencontros, inseguran\u00e7as, curiosidades, medos, confus\u00f5es, indefini\u00e7\u00f5es, mudan\u00e7as, crises e crescimentos. Devemos olhar para a juventude como um momento da vida em que se intensificam os questionamentos, discernimentos, entendimentos, sonhos. Tomemos cuidado para n\u00e3o cobrar da juventude algo que ainda n\u00e3o \u00e9 poss\u00edvel de ser oferecido, bem como desacreditar em suas potencialidades.<br \/> A realidade nos mostra que um grande n\u00famero de jovens \u00e9 interessado pela comunidade crist\u00e3 e se prepara com esmero para os sacramentos, em especial para o Sacramento da Crisma, mas nem todos perseveram. \u00c9 urgente pensarmos em algo que seja mais cont\u00ednuo para a participa\u00e7\u00e3o dos jovens na vida eclesial e, nesse sentido, o grande trabalho da \u201cinicia\u00e7\u00e3o crist\u00e3\u201d se insere de modo claro e necess\u00e1rio. Nas realidades a que temos assistido, nas comunidades por onde temos passado em miss\u00e3o, seja para cursos, seja para uma anima\u00e7\u00e3o da pastoral B\u00edblico-Catequ\u00e9tica, vemos a preocupa\u00e7\u00e3o dos catequistas com muitos jovens que n\u00e3o est\u00e3o iniciados \u00e0 vida crist\u00e3. Alguns, quando procuram, n\u00e3o encontram respaldo, n\u00e3o se tem o que oferecer a eles, e h\u00e1 centenas de jovens que nem atentos para isso est\u00e3o. Temos muitas ovelhas que n\u00e3o est\u00e3o no aprisco e que \u00e9 necess\u00e1rio atingir.<br \/> A evangeliza\u00e7\u00e3o com jovens deve ser feita de momentos de intera\u00e7\u00e3o que possibilitem o encontro com os outros, a partir da viv\u00eancia da f\u00e9 na vida em comunidade, e que os ajudem a fazer a experi\u00eancia do Deus de Jesus Cristo. N\u00e3o passar por cima das quest\u00f5es relativas \u00e0 sexualidade, mas abordar com aquilo que a f\u00e9 crist\u00e3 pode oferecer para ajudar os jovens a aprimorarem e a amadurecerem sua sexualidade; n\u00e3o simplesmente com moralismos e interditos, mas como um caminho para a maior felicidade, ao esclarecer o uso mercadol\u00f3gico que \u00e9 feito da exacerba\u00e7\u00e3o do sexo e as consequ\u00eancias disso na vida.<br \/> Os jovens de hoje vivem com urg\u00eancia a busca de sentido que d\u00ea respostas \u00e0s quest\u00f5es fundamentais do ser humano. Essa busca, e sua abertura experiencial ao religioso, s\u00e3o duas perspectivas que dever\u00e3o ser tidas em conta na catequese, j\u00e1 que potenciam o car\u00e1ter pessoal e personalizador que deve ter o ato de f\u00e9, sem menosprezo dos componentes racionais e institucionais da mesma f\u00e9. <br \/> Os jovens s\u00e3o de suma import\u00e2ncia para Igreja, pois a Igreja busca a cada dia evangeliz\u00e1-los com muito amor e carinho. Quantos jovens em nossas par\u00f3quias assumem lideran\u00e7as, quantos jovens est\u00e3o \u00e0 frente dos minist\u00e9rios de m\u00fasica, ou ainda quantos jovens est\u00e3o empenhados no setor da juventude! S\u00e3o v\u00e1rios jovens, e a eles damos gra\u00e7as por estarem na caminhada, e que estes busquem se espelhar em Cristo Jesus. Assim, como Cristo foi fiel ao Pai, que tamb\u00e9m voc\u00eas possam fazer o mesmo. <br \/> Portanto, a catequese bem feita ajuda os jovens a sentirem-se incomodados, inquietos com a realidade social que os cerca, cheia de injusti\u00e7as, discrimina\u00e7\u00f5es e atentados \u00e0 vida, e, a partir disso, leva-os a uma atitude de solidariedade, de compaix\u00e3o ativa e de compromisso com o bem, com a verdade, a justi\u00e7a e a vida, como fez Jesus. A educa\u00e7\u00e3o da f\u00e9 que aponta para o compromisso com a transforma\u00e7\u00e3o da sociedade conduzir\u00e1 o jovem para a realiza\u00e7\u00e3o do seu \u201cser jovem\u201d, como agente transformador e protagonista dentro de uma sociedade que nem sempre o acolhe. Com isso, a catequese tem este papel de unir f\u00e9 e vida, formando cidad\u00e3os do Reino, disc\u00edpulos jovens que sejam apaixonados e seguidores de Jesus. \u00c9 claro que terminado o per\u00edodo catequ\u00e9tico dos jovens, cada par\u00f3quia deve oferecer momentos de ora\u00e7\u00e3o, retiros, encontros e louvores para estes. Podemos citar como o grande exemplo desta express\u00e3o jovem na e da Igreja a Jornada Mundial da Juventude. Aqui no Rio de Janeiro, na JMJ 2013, foi marcante a presen\u00e7a e a Evangeliza\u00e7\u00e3o dos Jovens. Eles deram vivo testemunho da f\u00e9 cat\u00f3lica e demonstraram como \u00e9 poss\u00edvel viver publicamente o que o Evangelho pede, sem renunciar ao que proclama a M\u00e3e Igreja. <br \/> Esta \u00e9 a grande miss\u00e3o dos pais e av\u00f3s: transmitirem a f\u00e9 que receberam de seus antepassados na integralidade proclamada pela Igreja. Assim cremos e assim deveremos testemunhar o seguimento crist\u00e3o!<\/p>\n","protected":false},"excerpt":{"rendered":"<p>Catequese quaresmal &#8211; 1 Iniciamos na Quarta-feira de Cinzas o Tempo Quaresmal de 2017. Estamos a caminho da P\u00e1scoa, refazendo a trajet\u00f3ria do \u00caxodo. Este \u00e9 o tempo da convers\u00e3o e da grande reflex\u00e3o para melhor colocar o nosso cora\u00e7\u00e3o e as nossas inten\u00e7\u00f5es em Deus. Ao longo deste per\u00edodo, como fizemos no ano passado, [&hellip;]<\/p>\n","protected":false},"author":5,"featured_media":0,"comment_status":"open","ping_status":"open","sticky":false,"template":"","format":"standard","meta":{"footnotes":""},"categories":[9],"tags":[],"class_list":["post-28815","post","type-post","status-publish","format-standard","hentry","category-artigos"],"_links":{"self":[{"href":"https:\/\/catolicanet.net\/wp-cnet\/wp-json\/wp\/v2\/posts\/28815","targetHints":{"allow":["GET"]}}],"collection":[{"href":"https:\/\/catolicanet.net\/wp-cnet\/wp-json\/wp\/v2\/posts"}],"about":[{"href":"https:\/\/catolicanet.net\/wp-cnet\/wp-json\/wp\/v2\/types\/post"}],"author":[{"embeddable":true,"href":"https:\/\/catolicanet.net\/wp-cnet\/wp-json\/wp\/v2\/users\/5"}],"replies":[{"embeddable":true,"href":"https:\/\/catolicanet.net\/wp-cnet\/wp-json\/wp\/v2\/comments?post=28815"}],"version-history":[{"count":1,"href":"https:\/\/catolicanet.net\/wp-cnet\/wp-json\/wp\/v2\/posts\/28815\/revisions"}],"predecessor-version":[{"id":31383,"href":"https:\/\/catolicanet.net\/wp-cnet\/wp-json\/wp\/v2\/posts\/28815\/revisions\/31383"}],"wp:attachment":[{"href":"https:\/\/catolicanet.net\/wp-cnet\/wp-json\/wp\/v2\/media?parent=28815"}],"wp:term":[{"taxonomy":"category","embeddable":true,"href":"https:\/\/catolicanet.net\/wp-cnet\/wp-json\/wp\/v2\/categories?post=28815"},{"taxonomy":"post_tag","embeddable":true,"href":"https:\/\/catolicanet.net\/wp-cnet\/wp-json\/wp\/v2\/tags?post=28815"}],"curies":[{"name":"wp","href":"https:\/\/api.w.org\/{rel}","templated":true}]}}