{"id":28802,"date":"2017-03-09T03:00:00","date_gmt":"2017-03-09T06:00:00","guid":{"rendered":"http:\/\/catolicanet.net\/wp-cnet\/2017\/03\/09\/a-mulher-e-a-igreja\/"},"modified":"2017-06-12T13:35:50","modified_gmt":"2017-06-12T16:35:50","slug":"a-mulher-e-a-igreja","status":"publish","type":"post","link":"https:\/\/catolicanet.net\/wp-cnet\/a-mulher-e-a-igreja\/","title":{"rendered":"A mulher e a Igreja"},"content":{"rendered":"<p style=\"text-align: justify;\">Comemoramos no \u00faltimo dia 08 de mar\u00e7o o Dia Internacional da Mulher. Este dia \u00e9 marcado por muitas lembran\u00e7as, cumprimentos e comemora\u00e7\u00f5es. \u00c9 o dia de agradecer a Deus pela vida de todas as mulheres. \u00c9 importante o grande papel que as mulheres desempenham na Igreja, iniciando pelo grande exemplo de Mulher: a Virgem Maria.<br \/> Jesus, por algumas vezes no Evangelho de Jo\u00e3o, chama a sua m\u00e3e de Mulher. Jesus n\u00e3o se dirige a Maria chamando-a de m\u00e3e, mas \u201cmulher\u201d. N\u00e3o \u00e9 o filho que se dirige \u00e0 m\u00e3e, mas o \u201cMessias \u00e0 Mulher = M\u00e3e da Nova Humanidade\u201d, a \u201cNova Eva\u201d. Em Gn 3,20, Eva \u00e9 ao mesmo tempo mulher e m\u00e3e por excel\u00eancia. Assim, chamando Maria de Mulher, Jesus est\u00e1 indicando que \u00e9 a \u201cprimeira mulher\u201d ou a \u201cnova mulher\u201d ou a \u201cmulher protol\u00f3gica\u201d. No Apocalipse 12, Maria \u00e9 a \u201cmulher escatol\u00f3gica\u201d. Assim, em Maria, podemos ver a primeira e a \u00faltima mulher da Hist\u00f3ria. Ao cham\u00e1-la de \u201cMulher\u201d, Jesus a reverencia, reconhecendo-lhe uma dignidade hist\u00f3rico-salv\u00edfica. Em Jo\u00e3o, o termo \u201cmulher\u201d tamb\u00e9m traduz a import\u00e2ncia e o valor evangelizador das mulheres na comunidade do \u201cDisc\u00edpulo Amado\u201d (cf. Jo2,4; 19,26; 4,21; 20,15), exemplo de perseveran\u00e7a no seguimento de Jesus e testemunha da ressurrei\u00e7\u00e3o (cf. Jo20,17s).<br \/> S\u00e3o Lucas apresenta Maria como primeira disc\u00edpula crist\u00e3, atrav\u00e9s do seu gesto de aceita\u00e7\u00e3o obediente e pronta, que a faz iniciar um longo caminho de peregrina\u00e7\u00e3o na f\u00e9. Maria tamb\u00e9m \u00e9 conhecida nas palavras de S\u00e3o Lucas: a Bem-aventurada entre todas as mulheres. Bendita \u00e9s tu entre as mulheres: Evoca Jz 5,24 e Jt 13,18, nos quais se louva a mulher destemida e ativa na participa\u00e7\u00e3o nas lutas de resist\u00eancia e vit\u00f3rias do seu povo, do Povo de Deus. O adjetivo \u201cbendita\u201d implica louvor \u00e0 pessoa e reconhecimento dos destinat\u00e1rios da b\u00ean\u00e7\u00e3o e do favor de Deus.<br \/> Os \u00faltimos Papas falaram e t\u00eam falado sobre este tema. S\u00e3o Jo\u00e3o Paulo II dedicou uma carta para falar \u00e0s mulheres. Carta Apost\u00f3lica Mulieris Dignitatem. O documento hist\u00f3rico, que completou 25 anos em 2013, \u00e9 o primeiro do Magist\u00e9rio pontif\u00edcio dedicado inteiramente \u00e0 tem\u00e1tica da mulher. \u201cNeste amplo espa\u00e7o de servi\u00e7o, a Hist\u00f3ria da Igreja nestes dois mil\u00e9nios, apesar de tantos condicionalismos, conheceu realmente o \u201cg\u00e9nio da mulher\u201d, tendo visto surgir no seu seio mulheres de prim\u00e1ria grandeza, que deixaram amplos e ben\u00e9ficos vest\u00edgios de si no tempo. <br \/> Penso na longa s\u00e9rie de m\u00e1rtires, de santas, de m\u00edsticas insignes. Penso, de modo especial, em Santa Catarina de Sena e em Santa Teresa de \u00c1vila, a quem o Papa Paulo VI, de vener\u00e1vel mem\u00f3ria, conferiu o t\u00edtulo de Doutoras da Igreja. E como n\u00e3o lembrar tamb\u00e9m tantas mulheres que, impelidas pela f\u00e9, deram vida a iniciativas de extraordin\u00e1rio relevo social, especialmente ao servi\u00e7o dos mais pobres? O futuro da Igreja, no terceiro mil\u00e9nio, n\u00e3o deixar\u00e1 certamente de registar novas e espl\u00eandidas manifesta\u00e7\u00f5es do \u201cg\u00e9nio feminino\u201d. (Carta Apost\u00f3lica de S\u00e3o Jo\u00e3o Paulo II. Mulieris Dignitatem, 29 de junho de 1995. Retirado do site: http:\/\/w2.vatican.va\/content\/john-paul-ii\/pt\/letters\/1995\/documents\/hf_jp-ii_let_29061995_women.html . \u00daltimo acesso: 08\/03\/2017).<br \/> O Papa em\u00e9rito Bento XVI foi outro que destacou a import\u00e2ncia da mulher na Hist\u00f3ria. A palavra \u201cmulher\u201d pode ser encontrada em mais de 700 documentos dele, entre discursos, homilias, audi\u00eancias, entre outros momentos como Bispo de Roma. Entre os anos de 2010 e 2011, ele at\u00e9 fez uma s\u00e9rie de catequeses sobre a contribui\u00e7\u00e3o espiritual e social de santas e beatas da Igreja, entre elas Santa Teresa de \u00c1vila, Santa Joana D\u2019Arc, Santa Clara de Assis, Santa Teresinha do Menino Jesus e Santa Catarina de Sena. \u201cEm todos os Evangelhos, as mulheres t\u00eam um grande espa\u00e7o nas narra\u00e7\u00f5es das apari\u00e7\u00f5es de Jesus ressuscitado, assim como nas da paix\u00e3o e da morte de Jesus. Naquela \u00e9poca, em Israel, o testemunho das mulheres n\u00e3o podia ter valor oficial, jur\u00eddico, mas as mulheres viveram uma experi\u00eancia de rela\u00e7\u00e3o especial com o Senhor, que \u00e9 fundamental para a vida concreta da comunidade crist\u00e3, e assim foi sempre, em todas as \u00e9pocas, n\u00e3o s\u00f3 no in\u00edcio do caminho da Igreja\u201d. (Regina Coeli. Papa Bento XVI. 09\/04\/2012. Retirado do site:<a href=\"http:\/\/www.a12.com\/santo-padre\/noticias\/detalhes\/papa-francisco-e-as-mulheres\">http:\/\/w2.vatican.va\/content\/benedict-vi\/pt\/angelus\/2012\/documents\/hf_ben-xvi_reg_20120409_easter-monday.html<\/a> . \u00daltimo acesso: 08\/03\/2017).<br \/> J\u00e1 o Papa Francisco, no dia 8 de mar\u00e7o de 2015, dirigiu estas palavras \u00e0s mulheres: \u201cAs primeiras testemunhas da Ressurrei\u00e7\u00e3o s\u00e3o as mulheres. E isto \u00e9 bonito. Esta \u00e9 um pouco a miss\u00e3o das mulheres: m\u00e3es e mulheres! Dar testemunho aos filhos e aos pequenos netos, de que Jesus est\u00e1 vivo, \u00e9 o Vivente, ressuscitou. M\u00e3es e mulheres, ide em frente com este testemunho! Para Deus o que conta \u00e9 o cora\u00e7\u00e3o, quanto estamos abertos a Ele, se somos filhos que confiam. Isto leva-nos a meditar inclusive sobre o modo como as mulheres, na Igreja e no caminho de f\u00e9, tiveram e ainda hoje desempenham um papel especial na abertura das portas ao Senhor, no seu seguimento e na comunica\u00e7\u00e3o do seu Rosto, pois o olhar de f\u00e9 tem sempre necessidade do olhar simples e profundo do amor\u201d. (Retirado do site: <a href=\"http:\/\/noticias.cancaonova.com\/mundo\/papa-destaca-papel-da-mulher-na-igreja-e-na-sociedade\/\">http:\/\/www.a12.com\/santo-padre\/noticias\/detalhes\/papa-francisco-e-as-mulheres<\/a>. \u00daltimo acesso: 08\/03\/2017).<br \/> O Papa Francisco ainda diz sobre a mulher: \u201c\u00c9 desej\u00e1vel, portanto, uma presen\u00e7a feminina mais ramificada e incisiva nas comunidades, de modo que possamos ver muitas mulheres envolvidas nas responsabilidades pastorais, no acompanhamento de pessoas, fam\u00edlias e grupos, assim como na reflex\u00e3o teol\u00f3gica\u201d. \u201cTodas as institui\u00e7\u00f5es, inclusive a comunidade eclesial, s\u00e3o chamadas a garantir a liberdade de escolha para as mulheres, para que tenham a possibilidade de assumir responsabilidades sociais e eclesiais, num modo harm\u00f4nico com a vida familiar\u201d. (Retirado do Site: http:\/\/noticias.cancaonova.com\/mundo\/papa-destaca-papel-da-mulher-na-igreja-e-na-sociedade\/ \u00daltimo acesso: 08\/03\/2017).<br \/> Portanto, a figura da mulher para a Igreja \u00e9 de suma import\u00e2ncia, e isso n\u00f3s vimos desde o in\u00edcio do Cristianismo. A Igreja acolhe as mulheres e conta com a ajuda destas grandes mission\u00e1rias na f\u00e9. Assim, continuando esta semana a repercutir o Dia Internacional da Mulher, junto com todas as necessidades da presen\u00e7a da mulher em todos os \u00e2mbitos da sociedade, e constatando a sua presen\u00e7a na Hist\u00f3ria da Igreja, desejo a todas as mulheres muita paz e for\u00e7a na caminhada. Que a Bem-Aventurada Virgem Maria ilumine a voc\u00eas!<\/p>\n","protected":false},"excerpt":{"rendered":"<p>Comemoramos no \u00faltimo dia 08 de mar\u00e7o o Dia Internacional da Mulher. Este dia \u00e9 marcado por muitas lembran\u00e7as, cumprimentos e comemora\u00e7\u00f5es. \u00c9 o dia de agradecer a Deus pela vida de todas as mulheres. \u00c9 importante o grande papel que as mulheres desempenham na Igreja, iniciando pelo grande exemplo de Mulher: a Virgem Maria. [&hellip;]<\/p>\n","protected":false},"author":5,"featured_media":0,"comment_status":"open","ping_status":"open","sticky":false,"template":"","format":"standard","meta":{"footnotes":""},"categories":[9],"tags":[],"class_list":["post-28802","post","type-post","status-publish","format-standard","hentry","category-artigos"],"_links":{"self":[{"href":"https:\/\/catolicanet.net\/wp-cnet\/wp-json\/wp\/v2\/posts\/28802","targetHints":{"allow":["GET"]}}],"collection":[{"href":"https:\/\/catolicanet.net\/wp-cnet\/wp-json\/wp\/v2\/posts"}],"about":[{"href":"https:\/\/catolicanet.net\/wp-cnet\/wp-json\/wp\/v2\/types\/post"}],"author":[{"embeddable":true,"href":"https:\/\/catolicanet.net\/wp-cnet\/wp-json\/wp\/v2\/users\/5"}],"replies":[{"embeddable":true,"href":"https:\/\/catolicanet.net\/wp-cnet\/wp-json\/wp\/v2\/comments?post=28802"}],"version-history":[{"count":1,"href":"https:\/\/catolicanet.net\/wp-cnet\/wp-json\/wp\/v2\/posts\/28802\/revisions"}],"predecessor-version":[{"id":31422,"href":"https:\/\/catolicanet.net\/wp-cnet\/wp-json\/wp\/v2\/posts\/28802\/revisions\/31422"}],"wp:attachment":[{"href":"https:\/\/catolicanet.net\/wp-cnet\/wp-json\/wp\/v2\/media?parent=28802"}],"wp:term":[{"taxonomy":"category","embeddable":true,"href":"https:\/\/catolicanet.net\/wp-cnet\/wp-json\/wp\/v2\/categories?post=28802"},{"taxonomy":"post_tag","embeddable":true,"href":"https:\/\/catolicanet.net\/wp-cnet\/wp-json\/wp\/v2\/tags?post=28802"}],"curies":[{"name":"wp","href":"https:\/\/api.w.org\/{rel}","templated":true}]}}