{"id":28775,"date":"2017-03-09T18:55:43","date_gmt":"2017-03-09T21:55:43","guid":{"rendered":"http:\/\/catolicanet.net\/wp-cnet\/2017\/03\/09\/oracao-contra-a-inveja\/"},"modified":"2017-06-12T13:32:59","modified_gmt":"2017-06-12T16:32:59","slug":"oracao-contra-a-inveja","status":"publish","type":"post","link":"https:\/\/catolicanet.net\/wp-cnet\/oracao-contra-a-inveja\/","title":{"rendered":"Ora\u00e7\u00e3o contra a inveja"},"content":{"rendered":"<p style=\"text-align: justify;\"><img decoding=\"async\" src=\"http:\/\/www.catolicanet.com.br\/images\/stories\/noticias\/holy-spirit.png\" border=\"0\" align=\"left\" \/>\u201cVem, Esp\u00edrito Santo de Deus, blindar-me com Teu poder para me proteger contra os invejosos, que querem prejudicar a mim e a meus familiares\u201d<\/p>\n<p>\u201cBem-aventurados sereis quando vos caluniarem, quando vos perseguirem e disserem falsamente todo o mal contra v\u00f3s por causa de mim. Alegrai-vos e exultai, porque ser\u00e1 grande a vossa recompensa nos c\u00e9us, pois assim perseguiram os profetas que vieram antes de v\u00f3s.\u201d<\/p>\n<p>(Mt 5, 11-12)<\/p>\n<p>Em nossas vidas, muitas vezes pensamos que o mal n\u00e3o existe e, por isso, n\u00e3o nos protegemos. Podemos ser v\u00edtimas e, mesmo que contra a nossa vontade, agentes do mal. Quantas vezes voc\u00ea n\u00e3o se pegou desejando o bem que algu\u00e9m tenha adquirido?\u00a0 Sim, o mal existe e temos que estar vigilantes contra qualquer sentimento que n\u00e3o \u00e9 oriundo de Deus. Como fazer isso? Atrav\u00e9s da ora\u00e7\u00e3o, que \u00e9 nossa maior arma contra todos os malef\u00edcios, principalmente a inveja.<\/p>\n<p>Abaixo, um exemplo de ora\u00e7\u00e3o simples e bela que vem circulando pela internet. Sua autoria \u00e9 desconhecida.<\/p>\n<p>Ora\u00e7\u00e3o contra a inveja<\/p>\n<p>Neste momento em que me encontro em ora\u00e7\u00e3o nos Teus bra\u00e7os Jesus, Te pe\u00e7o a gra\u00e7a de ser livre deste veneno que \u00e9 a inveja, trazida ao mundo por satan\u00e1s. Senhor, pe\u00e7o que venhas em aux\u00edlio de minhas fraquezas e de minhas fragilidades.<\/p>\n<p>Entrego de todo cora\u00e7\u00e3o a Ti, Senhor, todos os momentos que experimentei o sentimento de inveja, seja com amizades ou bens materiais. Te pe\u00e7o Esp\u00edrito Santo, que venhas sobre meu cora\u00e7\u00e3o e sobre minha vida, libertando-me das ra\u00edzes da inveja.<\/p>\n<p>Vem, Esp\u00edrito Santo de Deus, d\u00e1-me um cora\u00e7\u00e3o puro e simples, que se alegra com aquilo que sou e que tenho. Vem, Esp\u00edrito Santo, abrir meus olhos para as riquezas que possuo.<\/p>\n<p>Vem, Esp\u00edrito Santo de Deus, blindar-me com Teu poder para me proteger contra os invejosos, que querem prejudicar a mim e a meus familiares.<br \/>Eu renuncio TODA INVEJA em nome do Pai, do Filho e do Esp\u00edrito Santo.<\/p>\n<p>Am\u00e9m!<\/p>\n<p style=\"text-align: justify;\">\u00a0<\/p>\n<p style=\"text-align: justify;\">Fonte: Aleteia<\/p>\n","protected":false},"excerpt":{"rendered":"<p>\u201cVem, Esp\u00edrito Santo de Deus, blindar-me com Teu poder para me proteger contra os invejosos, que querem prejudicar a mim e a meus familiares\u201d \u201cBem-aventurados sereis quando vos caluniarem, quando vos perseguirem e disserem falsamente todo o mal contra v\u00f3s por causa de mim. Alegrai-vos e exultai, porque ser\u00e1 grande a vossa recompensa nos c\u00e9us, [&hellip;]<\/p>\n","protected":false},"author":1,"featured_media":28774,"comment_status":"open","ping_status":"open","sticky":false,"template":"","format":"standard","meta":{"footnotes":""},"categories":[4],"tags":[],"class_list":["post-28775","post","type-post","status-publish","format-standard","has-post-thumbnail","hentry","category-cotidiano"],"_links":{"self":[{"href":"https:\/\/catolicanet.net\/wp-cnet\/wp-json\/wp\/v2\/posts\/28775","targetHints":{"allow":["GET"]}}],"collection":[{"href":"https:\/\/catolicanet.net\/wp-cnet\/wp-json\/wp\/v2\/posts"}],"about":[{"href":"https:\/\/catolicanet.net\/wp-cnet\/wp-json\/wp\/v2\/types\/post"}],"author":[{"embeddable":true,"href":"https:\/\/catolicanet.net\/wp-cnet\/wp-json\/wp\/v2\/users\/1"}],"replies":[{"embeddable":true,"href":"https:\/\/catolicanet.net\/wp-cnet\/wp-json\/wp\/v2\/comments?post=28775"}],"version-history":[{"count":1,"href":"https:\/\/catolicanet.net\/wp-cnet\/wp-json\/wp\/v2\/posts\/28775\/revisions"}],"predecessor-version":[{"id":31417,"href":"https:\/\/catolicanet.net\/wp-cnet\/wp-json\/wp\/v2\/posts\/28775\/revisions\/31417"}],"wp:featuredmedia":[{"embeddable":true,"href":"https:\/\/catolicanet.net\/wp-cnet\/wp-json\/wp\/v2\/media\/28774"}],"wp:attachment":[{"href":"https:\/\/catolicanet.net\/wp-cnet\/wp-json\/wp\/v2\/media?parent=28775"}],"wp:term":[{"taxonomy":"category","embeddable":true,"href":"https:\/\/catolicanet.net\/wp-cnet\/wp-json\/wp\/v2\/categories?post=28775"},{"taxonomy":"post_tag","embeddable":true,"href":"https:\/\/catolicanet.net\/wp-cnet\/wp-json\/wp\/v2\/tags?post=28775"}],"curies":[{"name":"wp","href":"https:\/\/api.w.org\/{rel}","templated":true}]}}