{"id":2876,"date":"2013-07-15T17:52:23","date_gmt":"2013-07-15T20:52:23","guid":{"rendered":"http:\/\/catolicanet.net\/wp-cnet\/em-castel-gandolfo-papa-conhece-trabalho-de-seus-irmaos-astronomos\/"},"modified":"2017-03-22T13:20:50","modified_gmt":"2017-03-22T16:20:50","slug":"em-castel-gandolfo-papa-conhece-trabalho-de-seus-irmaos-astronomos","status":"publish","type":"post","link":"https:\/\/catolicanet.net\/wp-cnet\/em-castel-gandolfo-papa-conhece-trabalho-de-seus-irmaos-astronomos\/","title":{"rendered":"Em Castel Gandolfo, Papa conhece trabalho de seus irm\u00e3os astr\u00f4nomos"},"content":{"rendered":"<p style=\"text-align: justify;\"><img decoding=\"async\" src=\"http:\/\/catolicanet.com.br\/images\/stories\/astronomospapa.jpg\" border=\"0\" align=\"left\" \/>Os padres jesu\u00edtas da Specola (Observat\u00f3rio Astron\u00f4mico) do Vaticano publicaram uma s\u00e9rie de tu\u00edtes domingo, 14, depois de receberem a visita de Papa Francisco para o almo\u00e7o. \u0093Estamos profundamente emocionados\u0094 \u0096 dizia a primeira mensagem.<\/p>\n<p>\u0093Antes do almo\u00e7o \u0096 continua o tu\u00edte \u0096 o Papa visitou as salas da estrutura, especialmente o Laborat\u00f3rio dos Meteoritos\u0094, onde \u0093observou com o microsc\u00f3pio um meteorito ca\u00eddo em Buenos Aires\u0094. \u0093Durante o almo\u00e7o, conversamos com o Papa sobre as atividades e os projetos do Observat\u00f3rio\u0094, revelam ainda os co-irm\u00e3os de Francisco, depois dele ter ido embora. E concluem dizendo que \u0093no final da visita, o Papa assinou o pergaminho que cont\u00e9m todas as assinaturas dos Pont\u00edfices que visitaram o Observat\u00f3rio\u0094.<\/p>\n<p>A comunidade, uma das mais antigas institui\u00e7\u00f5es de pesquisa astron\u00f4mica no mundo, \u00e9 dirigida pelo cientista argentino Pe. Jos\u00e9 G. Funes. A sede hist\u00f3rica \u00e9 na Vila Pontif\u00edcia de Castel Gandolfo, em cuja c\u00fapula, sobre o apartamento do Papa, ainda se encontram os telesc\u00f3pios. No entanto, os jesu\u00edtas fazem suas observa\u00e7\u00f5es no novo centro de pesquisa, \u0091Vatican Observatory Research Group\u0092 (VORG), que se encontra no Estado de Arizona, em Tucson.<\/p>\n<p style=\"text-align: justify;\"><strong>Fonte: <\/strong>R\u00e1dio Vaticano<br \/><strong>Local:<\/strong> Castel Gandolfo<\/p>\n","protected":false},"excerpt":{"rendered":"<p>Os padres jesu\u00edtas da Specola (Observat\u00f3rio Astron\u00f4mico) do Vaticano publicaram uma s\u00e9rie de tu\u00edtes domingo, 14, depois de receberem a visita de Papa Francisco para o almo\u00e7o. \u0093Estamos profundamente emocionados\u0094 \u0096 dizia a primeira mensagem. \u0093Antes do almo\u00e7o \u0096 continua o tu\u00edte \u0096 o Papa visitou as salas da estrutura, especialmente o Laborat\u00f3rio dos Meteoritos\u0094, [&hellip;]<\/p>\n","protected":false},"author":1,"featured_media":0,"comment_status":"closed","ping_status":"closed","sticky":false,"template":"","format":"standard","meta":{"footnotes":""},"categories":[3],"tags":[],"class_list":["post-2876","post","type-post","status-publish","format-standard","hentry","category-vaticano"],"_links":{"self":[{"href":"https:\/\/catolicanet.net\/wp-cnet\/wp-json\/wp\/v2\/posts\/2876","targetHints":{"allow":["GET"]}}],"collection":[{"href":"https:\/\/catolicanet.net\/wp-cnet\/wp-json\/wp\/v2\/posts"}],"about":[{"href":"https:\/\/catolicanet.net\/wp-cnet\/wp-json\/wp\/v2\/types\/post"}],"author":[{"embeddable":true,"href":"https:\/\/catolicanet.net\/wp-cnet\/wp-json\/wp\/v2\/users\/1"}],"replies":[{"embeddable":true,"href":"https:\/\/catolicanet.net\/wp-cnet\/wp-json\/wp\/v2\/comments?post=2876"}],"version-history":[{"count":1,"href":"https:\/\/catolicanet.net\/wp-cnet\/wp-json\/wp\/v2\/posts\/2876\/revisions"}],"predecessor-version":[{"id":7260,"href":"https:\/\/catolicanet.net\/wp-cnet\/wp-json\/wp\/v2\/posts\/2876\/revisions\/7260"}],"wp:attachment":[{"href":"https:\/\/catolicanet.net\/wp-cnet\/wp-json\/wp\/v2\/media?parent=2876"}],"wp:term":[{"taxonomy":"category","embeddable":true,"href":"https:\/\/catolicanet.net\/wp-cnet\/wp-json\/wp\/v2\/categories?post=2876"},{"taxonomy":"post_tag","embeddable":true,"href":"https:\/\/catolicanet.net\/wp-cnet\/wp-json\/wp\/v2\/tags?post=2876"}],"curies":[{"name":"wp","href":"https:\/\/api.w.org\/{rel}","templated":true}]}}