{"id":2872,"date":"2013-07-15T17:14:52","date_gmt":"2013-07-15T20:14:52","guid":{"rendered":"http:\/\/catolicanet.net\/wp-cnet\/jmj-comeca-distribuicao-dos-kits-aos-peregrinos\/"},"modified":"2017-03-22T13:19:03","modified_gmt":"2017-03-22T16:19:03","slug":"jmj-comeca-distribuicao-dos-kits-aos-peregrinos","status":"publish","type":"post","link":"https:\/\/catolicanet.net\/wp-cnet\/jmj-comeca-distribuicao-dos-kits-aos-peregrinos\/","title":{"rendered":"JMJ: come\u00e7a distribui\u00e7\u00e3o dos &#8216;kits&#8217; aos peregrinos"},"content":{"rendered":"<p style=\"text-align: justify;\"><img decoding=\"async\" src=\"http:\/\/catolicanet.com.br\/images\/stories\/logomarcaoriginal2013.jpg.png\" border=\"0\" align=\"left\" \/>Os peregrinos da JMJ Rio2013 podem receber seus kits a partir desta segunda-feira, 15, em dois pontos: Santa Cruz e Samb\u00f3dromo. O local de recebimento \u00e9 pr\u00e9-determinado pelo voucher enviado por e-mail. Os volunt\u00e1rios que j\u00e1 est\u00e3o no Rio de Janeiro receberam seus kits neste final de semana, no Samb\u00f3dromo ou em suas par\u00f3quias de refer\u00eancia.<\/p>\n<p>Segundo a Diretora Executiva do Setor de Inscri\u00e7\u00f5es da JMJ Rio2013, Ir. M. Shaiane Machado, o ponto de entrega do kit leva em considera\u00e7\u00e3o o local de catequese do peregrino. Ela explicou que os kits s\u00f3 ser\u00e3o entregues nos locais indicados no voucher. A entrega segue at\u00e9 o dia 27 de julho.<\/p>\n<p>No dia 27, o kit peregrino para quem optou pelo pacote Vig\u00edlia ser\u00e1 entregue somente no ponto da Igreja Nossa Senhora da Concei\u00e7\u00e3o em Santa Cruz, at\u00e9 \u00e0s 14h. Ir. Shaiane recomendou ainda que os peregrinos prefiram retirar os kits entre os dias 15 e 21 de julho.<\/p>\n<p>Somente os respons\u00e1veis de grupos poder\u00e3o retirar os kits peregrinos apresentando o voucher impresso e o documento pessoal indicado na inscri\u00e7\u00e3o, RG ou passaporte.<\/p>\n<p>Se houver algum peregrino do grupo que seja deficiente e\/ou cel\u00edaco e\/ou diab\u00e9tico, o respons\u00e1vel dever\u00e1 informar no momento da retirada das credenciais. Ele receber\u00e1 um adesivo especial na credencial para retirada de alimenta\u00e7\u00e3o.<\/p>\n<p>A confer\u00eancia do material retirado \u00e9 de responsabilidade do respons\u00e1vel pelo grupo e deve ser feita ainda no local. Ap\u00f3s sa\u00edda do ponto de entrega de kit, n\u00e3o haver\u00e1 troca e reposi\u00e7\u00e3o de material em quaisquer circunst\u00e2ncias.<\/p>\n<p>O processo de retirada do kit poder\u00e1 demorar algumas horas, por isso os respons\u00e1veis dever\u00e3o prover alimentos e \u00e1gua. N\u00e3o haver\u00e1 venda de alimentos e bebidas no local.<\/p>\n<p style=\"text-align: justify;\"><strong>Fonte: <\/strong>R\u00e1dio Vaticano<br \/><strong>Local:<\/strong> Rio de Janeiro (RJ)<\/p>\n","protected":false},"excerpt":{"rendered":"<p>Os peregrinos da JMJ Rio2013 podem receber seus kits a partir desta segunda-feira, 15, em dois pontos: Santa Cruz e Samb\u00f3dromo. O local de recebimento \u00e9 pr\u00e9-determinado pelo voucher enviado por e-mail. Os volunt\u00e1rios que j\u00e1 est\u00e3o no Rio de Janeiro receberam seus kits neste final de semana, no Samb\u00f3dromo ou em suas par\u00f3quias de [&hellip;]<\/p>\n","protected":false},"author":1,"featured_media":0,"comment_status":"closed","ping_status":"closed","sticky":false,"template":"","format":"standard","meta":{"footnotes":""},"categories":[3],"tags":[],"class_list":["post-2872","post","type-post","status-publish","format-standard","hentry","category-vaticano"],"_links":{"self":[{"href":"https:\/\/catolicanet.net\/wp-cnet\/wp-json\/wp\/v2\/posts\/2872","targetHints":{"allow":["GET"]}}],"collection":[{"href":"https:\/\/catolicanet.net\/wp-cnet\/wp-json\/wp\/v2\/posts"}],"about":[{"href":"https:\/\/catolicanet.net\/wp-cnet\/wp-json\/wp\/v2\/types\/post"}],"author":[{"embeddable":true,"href":"https:\/\/catolicanet.net\/wp-cnet\/wp-json\/wp\/v2\/users\/1"}],"replies":[{"embeddable":true,"href":"https:\/\/catolicanet.net\/wp-cnet\/wp-json\/wp\/v2\/comments?post=2872"}],"version-history":[{"count":1,"href":"https:\/\/catolicanet.net\/wp-cnet\/wp-json\/wp\/v2\/posts\/2872\/revisions"}],"predecessor-version":[{"id":7256,"href":"https:\/\/catolicanet.net\/wp-cnet\/wp-json\/wp\/v2\/posts\/2872\/revisions\/7256"}],"wp:attachment":[{"href":"https:\/\/catolicanet.net\/wp-cnet\/wp-json\/wp\/v2\/media?parent=2872"}],"wp:term":[{"taxonomy":"category","embeddable":true,"href":"https:\/\/catolicanet.net\/wp-cnet\/wp-json\/wp\/v2\/categories?post=2872"},{"taxonomy":"post_tag","embeddable":true,"href":"https:\/\/catolicanet.net\/wp-cnet\/wp-json\/wp\/v2\/tags?post=2872"}],"curies":[{"name":"wp","href":"https:\/\/api.w.org\/{rel}","templated":true}]}}