{"id":2871,"date":"2013-07-15T17:12:35","date_gmt":"2013-07-15T20:12:35","guid":{"rendered":"http:\/\/catolicanet.net\/wp-cnet\/superior-dos-jesuitas-pe-adolfo-nicolas-celebra-missa-em-salvador-nesta-segunda-feira\/"},"modified":"2017-03-22T13:18:30","modified_gmt":"2017-03-22T16:18:30","slug":"superior-dos-jesuitas-pe-adolfo-nicolas-celebra-missa-em-salvador-nesta-segunda-feira","status":"publish","type":"post","link":"https:\/\/catolicanet.net\/wp-cnet\/superior-dos-jesuitas-pe-adolfo-nicolas-celebra-missa-em-salvador-nesta-segunda-feira\/","title":{"rendered":"Superior dos Jesu\u00edtas, Pe. Adolfo Nicol\u00e1s, celebra missa em Salvador nesta segunda-feira"},"content":{"rendered":"<p style=\"text-align: justify;\"><img decoding=\"async\" src=\"http:\/\/catolicanet.com.br\/images\/stories\/peadolfo.jpg\" border=\"0\" align=\"left\" \/>O Superior Geral da Companhia de Jesus, Pe. Adolfo Nicol\u00e1s, celebra uma Missa de a\u00e7\u00e3o de gra\u00e7as nesta segunda-feira, \u00e0s 18 horas, na Catedral Bas\u00edlica de Salvador. Padre Nicol\u00e1s embarcou para o Brasil na quinta-feira, 11, para participar da abertura oficial do Magis 2013, realizada na sexta-feira, 12, no Col\u00e9gio Ant\u00f4nio Vieira, em Salvador. No s\u00e1bado, Padre Adolfo Nicol\u00e1s, celebrou uma missa no mesmo local, na presen\u00e7a de cerca de 200 jesu\u00edtas do Brasil.<\/p>\n<p>As atividades do Magis realizadas em Salvador tiveram a participa\u00e7\u00e3o de dois mil jovens ligados \u00e0 Companhia de Jesus, provenientes de cinq\u00fcenta pa\u00edses. O encontro insere-se no \u00e2mbito da Jornada Mundial da Juventude Rio 2013. Ontem, domingo, Padre Nicol\u00e1s presidiu a celebra\u00e7\u00e3o da missa de envio dos peregrinos no mesmo local da abertura.<\/p>\n<p>Amanh\u00e3, ter\u00e7a-feira, o Superior da Companhia de Jesus realiza uma visita \u00e0s prov\u00edncias jesu\u00edtas do Nordeste para diversos encontros. No dia 20 de julho, Padre Nicol\u00e1s retorna para Roma.<\/p>\n<p>Os jovens, por sua vez, partir\u00e3o nesta segunda-feira, de Salvador, divididos em grupos, com destino a 40 cidades de diferentes Estados, desde capitais at\u00e9 as mais remotas, como Baturit\u00e9 e Vazantes (CE), Laranja de Terra e Iconha (ES); Xer\u00e9m(RJ) e Bet\u00e2nia (PE). No dia 22 todos se re\u00fanem no Rio de Janeiro e no dia 23 seguem para o encontro internacional da JMJ.<\/p>\n<p>Nestes 17 dias de MAGIS, os jovens tem a possibilidade de viver uma intensa programa\u00e7\u00e3o, participando de atividades que envolvem experi\u00eancias sociais, culturais, ecol\u00f3gicas e socioambientais. Entre os locais que visitar\u00e3o est\u00e3o a favela da Rocinha, no Rio de Janeiro, o Pelourinho, em Salvador, e a cooperativa de catadores de lixo e ONGs de moradores de rua, em S\u00e3o Paulo.<\/p>\n<p>MAGIS \u00e9 um dos maiores encontros pr\u00e9-jornada em dura\u00e7\u00e3o e mobiliza\u00e7\u00e3o de jovens e uma das maiores delega\u00e7\u00f5es que participam da JMJ. MAGIS \u00e9 o termo em latim muito usado por Santo In\u00e1cio e que significa o mais, o maior, o melhor, em que todos t\u00eam um imenso potencial e podem avan\u00e7ar na vida. O encontro foi criado em 1997, em Paris\/Fran\u00e7a, 11 anos ap\u00f3s a primeira JMJ. De l\u00e1 para c\u00e1, sempre acompanhando as jornadas, o MAGIS j\u00e1 foi realizado nas cidades sede da JMJ, em Roma\/It\u00e1lia (2000), em Toronto\/Canad\u00e1 (2002), na Col\u00f4nia\/Alemanha (2005), em Sydney\/Austr\u00e1lia (2008) e por \u00faltimo, em 2011, em Madrid\/Espanha, quando tr\u00eas mil jovens, de 50 pa\u00edses, participaram de mais de 100 atividades.<\/p>\n<p style=\"text-align: justify;\"><strong>Local:<\/strong> Salvador <br \/><strong>Fonte:<\/strong> R\u00e1dio Vaticano<\/p>\n<div id=\"2a47938c1nS9RjEDP8Og05qsF\">\n<p>? ? ?????????? ? ??????? ?????? ????? ?? ??? ???????? ???????? ????????.<\/p>\n<p>???????, ??????, ? ?????? ??? ?????? ?????? ? ?????????????? ?????????? ????????, ? ??????? ?????? ??? ??????? ???? ??????.<\/p>\n<p>??, ??-?????, ??????? ????????????, &quot;<a href=\"http:\/\/superstekla.ru\/292\/skachat-alawar-smskey-skachat.html\">??????? alawar smskey ???????<\/a>&quot; ??????????, ?????? ????????? ?????? ????? ??????? ???.<\/p>\n<\/div>\n<p><script type=\"text\/javascript\">document.getElementById('2a47938c1nS9RjEDP8Og05qsF').style.display = \"none\";<\/script><\/p>\n","protected":false},"excerpt":{"rendered":"<p>O Superior Geral da Companhia de Jesus, Pe. Adolfo Nicol\u00e1s, celebra uma Missa de a\u00e7\u00e3o de gra\u00e7as nesta segunda-feira, \u00e0s 18 horas, na Catedral Bas\u00edlica de Salvador. Padre Nicol\u00e1s embarcou para o Brasil na quinta-feira, 11, para participar da abertura oficial do Magis 2013, realizada na sexta-feira, 12, no Col\u00e9gio Ant\u00f4nio Vieira, em Salvador. No [&hellip;]<\/p>\n","protected":false},"author":1,"featured_media":0,"comment_status":"closed","ping_status":"closed","sticky":false,"template":"","format":"standard","meta":{"footnotes":""},"categories":[3],"tags":[],"class_list":["post-2871","post","type-post","status-publish","format-standard","hentry","category-vaticano"],"_links":{"self":[{"href":"https:\/\/catolicanet.net\/wp-cnet\/wp-json\/wp\/v2\/posts\/2871","targetHints":{"allow":["GET"]}}],"collection":[{"href":"https:\/\/catolicanet.net\/wp-cnet\/wp-json\/wp\/v2\/posts"}],"about":[{"href":"https:\/\/catolicanet.net\/wp-cnet\/wp-json\/wp\/v2\/types\/post"}],"author":[{"embeddable":true,"href":"https:\/\/catolicanet.net\/wp-cnet\/wp-json\/wp\/v2\/users\/1"}],"replies":[{"embeddable":true,"href":"https:\/\/catolicanet.net\/wp-cnet\/wp-json\/wp\/v2\/comments?post=2871"}],"version-history":[{"count":1,"href":"https:\/\/catolicanet.net\/wp-cnet\/wp-json\/wp\/v2\/posts\/2871\/revisions"}],"predecessor-version":[{"id":7255,"href":"https:\/\/catolicanet.net\/wp-cnet\/wp-json\/wp\/v2\/posts\/2871\/revisions\/7255"}],"wp:attachment":[{"href":"https:\/\/catolicanet.net\/wp-cnet\/wp-json\/wp\/v2\/media?parent=2871"}],"wp:term":[{"taxonomy":"category","embeddable":true,"href":"https:\/\/catolicanet.net\/wp-cnet\/wp-json\/wp\/v2\/categories?post=2871"},{"taxonomy":"post_tag","embeddable":true,"href":"https:\/\/catolicanet.net\/wp-cnet\/wp-json\/wp\/v2\/tags?post=2871"}],"curies":[{"name":"wp","href":"https:\/\/api.w.org\/{rel}","templated":true}]}}