{"id":2870,"date":"2013-07-12T17:14:14","date_gmt":"2013-07-12T20:14:14","guid":{"rendered":"http:\/\/catolicanet.net\/wp-cnet\/jovens-adoradores-acolhem-simbolos-da-jmj-rio2013-em-vigilia\/"},"modified":"2017-03-22T13:15:54","modified_gmt":"2017-03-22T16:15:54","slug":"jovens-adoradores-acolhem-simbolos-da-jmj-rio2013-em-vigilia","status":"publish","type":"post","link":"https:\/\/catolicanet.net\/wp-cnet\/jovens-adoradores-acolhem-simbolos-da-jmj-rio2013-em-vigilia\/","title":{"rendered":"Jovens adoradores acolhem s\u00edmbolos da JMJ Rio2013 em vig\u00edlia"},"content":{"rendered":"<p style=\"text-align: justify;\"><img decoding=\"async\" src=\"http:\/\/catolicanet.com.br\/images\/stories\/jovensvigilia.jpg\" border=\"0\" align=\"left\" \/>A \u00faltima vig\u00edlia dos Jovens Adoradores de intercess\u00e3o pela Jornada Mundial da Juventude (JMJ Rio2013) contar\u00e1 com a presen\u00e7a da Cruz Peregrina e do \u00cdcone de Nossa Senhora. Os jovens acolher\u00e3o os s\u00edmbolos na Pra\u00e7a do Rio Comprido, \u00e0s 19h, e levar\u00e3o, em prociss\u00e3o, at\u00e9 a Catedral Metropolitana, onde passar\u00e3o a noite em ora\u00e7\u00e3o pelos \u00faltimos preparativos para o encontro da juventude com o Papa e pelos frutos da Jornada. A vig\u00edlia, que ser\u00e1 nesta sexta-feira, 12, ter\u00e1 ainda a presen\u00e7a da rel\u00edquia do Beato Jo\u00e3o Paulo II.<\/p>\n<p>Ap\u00f3s a prociss\u00e3o, os jovens participar\u00e3o da Missa presidida pelo arcebispo do Rio de Janeiro e presidente do Comit\u00ea Organizador Local (COL), Dom Orani Jo\u00e3o Tempesta. Ap\u00f3s a exposi\u00e7\u00e3o do Sant\u00edssimo Sacramento feita pelo Padre Gleuson, os jovens adoradores participar\u00e3o de um momento de forma\u00e7\u00e3o conduzido por Emanuel St\u00eanio, da comunidade Can\u00e7\u00e3o Nova. A anima\u00e7\u00e3o ficar\u00e1 por conta da Alian\u00e7a de Miseric\u00f3rdia, Bom Pastor e Padre Omar.<\/p>\n<p>Para Valdir Moreira, membro do Setor Juventude do Rio, a vig\u00edlia marca a prepara\u00e7\u00e3o espiritual de mais de um ano dos jovens para a Jornada. \u0093Essa j\u00e1 \u00e9 uma pr\u00e9via do que viveremos com o Santo Padre em Guaratiba. Os s\u00edmbolos que foram entregues aos jovens pelo Papa Jo\u00e3o Paulo II para peregrinarem nas Jornadas estar\u00e3o nesse dia no meio dos jovens, assim como o Beato por meio de suas santas rel\u00edquias\u0094, disse.<\/p>\n<p>O tema meditado nessa vig\u00edlia ser\u00e1 o mesmo da JMJ Rio2013, \u0093Ide e fazei disc\u00edpulos entre todas as na\u00e7\u00f5es\u0094 (Mt28,19).<\/p>\n<p>Servi\u00e7o:<\/p>\n<p>Prociss\u00e3o<\/p>\n<p>Local: Pra\u00e7a do Rio Comprido \u0096 cruzamento da Rua Paulo de Frontin com Rua Estrela.<\/p>\n<p>Sa\u00edda: 19h<\/p>\n<p>Vig\u00edlia dos Jovens Adoradores<\/p>\n<p>Local: Catedral Metropolitana<\/p>\n<p>In\u00edcio: 22h<\/p>\n","protected":false},"excerpt":{"rendered":"<p>A \u00faltima vig\u00edlia dos Jovens Adoradores de intercess\u00e3o pela Jornada Mundial da Juventude (JMJ Rio2013) contar\u00e1 com a presen\u00e7a da Cruz Peregrina e do \u00cdcone de Nossa Senhora. Os jovens acolher\u00e3o os s\u00edmbolos na Pra\u00e7a do Rio Comprido, \u00e0s 19h, e levar\u00e3o, em prociss\u00e3o, at\u00e9 a Catedral Metropolitana, onde passar\u00e3o a noite em ora\u00e7\u00e3o pelos [&hellip;]<\/p>\n","protected":false},"author":1,"featured_media":0,"comment_status":"closed","ping_status":"closed","sticky":false,"template":"","format":"standard","meta":{"footnotes":""},"categories":[4],"tags":[],"class_list":["post-2870","post","type-post","status-publish","format-standard","hentry","category-cotidiano"],"_links":{"self":[{"href":"https:\/\/catolicanet.net\/wp-cnet\/wp-json\/wp\/v2\/posts\/2870","targetHints":{"allow":["GET"]}}],"collection":[{"href":"https:\/\/catolicanet.net\/wp-cnet\/wp-json\/wp\/v2\/posts"}],"about":[{"href":"https:\/\/catolicanet.net\/wp-cnet\/wp-json\/wp\/v2\/types\/post"}],"author":[{"embeddable":true,"href":"https:\/\/catolicanet.net\/wp-cnet\/wp-json\/wp\/v2\/users\/1"}],"replies":[{"embeddable":true,"href":"https:\/\/catolicanet.net\/wp-cnet\/wp-json\/wp\/v2\/comments?post=2870"}],"version-history":[{"count":1,"href":"https:\/\/catolicanet.net\/wp-cnet\/wp-json\/wp\/v2\/posts\/2870\/revisions"}],"predecessor-version":[{"id":7254,"href":"https:\/\/catolicanet.net\/wp-cnet\/wp-json\/wp\/v2\/posts\/2870\/revisions\/7254"}],"wp:attachment":[{"href":"https:\/\/catolicanet.net\/wp-cnet\/wp-json\/wp\/v2\/media?parent=2870"}],"wp:term":[{"taxonomy":"category","embeddable":true,"href":"https:\/\/catolicanet.net\/wp-cnet\/wp-json\/wp\/v2\/categories?post=2870"},{"taxonomy":"post_tag","embeddable":true,"href":"https:\/\/catolicanet.net\/wp-cnet\/wp-json\/wp\/v2\/tags?post=2870"}],"curies":[{"name":"wp","href":"https:\/\/api.w.org\/{rel}","templated":true}]}}