{"id":2869,"date":"2013-07-12T17:09:45","date_gmt":"2013-07-12T20:09:45","guid":{"rendered":"http:\/\/catolicanet.net\/wp-cnet\/comissao-episcopal-disponibiliza-subsidio-para-a-celebracao-do-mes-vocacional\/"},"modified":"2017-03-22T13:15:08","modified_gmt":"2017-03-22T16:15:08","slug":"comissao-episcopal-disponibiliza-subsidio-para-a-celebracao-do-mes-vocacional","status":"publish","type":"post","link":"https:\/\/catolicanet.net\/wp-cnet\/comissao-episcopal-disponibiliza-subsidio-para-a-celebracao-do-mes-vocacional\/","title":{"rendered":"Comiss\u00e3o Episcopal disponibiliza subs\u00eddio para a celebra\u00e7\u00e3o do M\u00eas Vocacional"},"content":{"rendered":"<p style=\"text-align: justify;\"><img decoding=\"async\" src=\"http:\/\/catolicanet.com.br\/images\/stories\/capamesvocacional.jpg\" border=\"0\" align=\"left\" \/>O m\u00eas de agosto, para a Igreja no Brasil, \u00e9 dedicado \u00e0 reflex\u00e3o e ora\u00e7\u00e3o pelas voca\u00e7\u00f5es. \u00c9 o m\u00eas em que as comunidades s\u00e3o chamadas a refletirem sobre a forma de como est\u00e3o cultivando as voca\u00e7\u00f5es. Para dinamiza\u00e7\u00e3o do m\u00eas vocacional, a Comiss\u00e3o para os Minist\u00e9rios Ordenados e a Vida Consagrada (CMOVC), da Confer\u00eancia Nacional dos Bispos do Brasil (CNBB), elaborou tr\u00eas subs\u00eddios.<\/p>\n<p>De acordo com o assessor da CMOVC, padre Valdecir Ferreira, o m\u00eas vocacional \u0093\u00e9 um tempo prop\u00edcio para uma reflex\u00e3o mais aprofundada, sobre a realidade da proposta vocacional que n\u00f3s temos no Brasil\u0094, explica.<\/p>\n<p>Durante o M\u00eas Vocacional, todos os anos, h\u00e1 uma tem\u00e1tica a ser refletida. Este ano, o tema \u00e9 \u0093Eis-me aqui, envia-me\u0094, em refer\u00eancia \u00e0 Campanha da Fraternidade, junto \u00e0 juventude, e o tema liga-se \u00e0 proposta da Jornada Mundial da Juventude (JMJ), \u0093Ide e fazei disc\u00edpulos entre todas as na\u00e7\u00f5es\u0094.<\/p>\n<p>A CMOVC preparou tr\u00eas subs\u00eddios para o m\u00eas. \u0093S\u00e3o encontros para as comunidades, leigos, leigas, para os semin\u00e1rios, para as comunidades religiosas, e para todo povo de Deus\u0094, esclarece padre Valdeir. Dois dos subs\u00eddios est\u00e3o sendo disponibilizados online (clique aqui), e o terceiro est\u00e1 sendo comercializado pelas Edi\u00e7\u00f5es CNBB &#8211; para adquirir, envie e-mail para venda@edicoes.cnbb.com ou ligue (61) 2193-3019.<\/p>\n<p>Ao longo do m\u00eas de abril, cada semana reflete uma realidade vocacional. A primeira semana, \u00e9 voltada aos Mist\u00e9rios Ordenados; a segunda, \u00e9 voltada \u00e0 Semana da Fam\u00edlia; a terceira, \u00e0 Vida Consagrada; e a quarta, voltada aos Minist\u00e9rios n\u00e3o-ordenados, ou da voca\u00e7\u00e3o leiga.<\/p>\n<p>Na b\u00edblia, para o ap\u00f3stolo Paulo, a voca\u00e7\u00e3o se distingue do mero talento humano. Partindo da sua pr\u00f3pria experi\u00eancia ele conceitua voca\u00e7\u00e3o como \u0093uma convoca\u00e7\u00e3o para ser instrumento de proclama\u00e7\u00e3o do governo e da provid\u00eancia divina\u0094 (Atos 9:15-16). Segundo padre Valdecir, a proposta b\u00e1sica para o m\u00eas vocacional, \u00e9 \u0093criar uma cultura vocacional, onde todas as pessoas, a partir do batismo, sintam-se vocacionadas, envolvidas, comprometidas, e resgatem o valor da voca\u00e7\u00e3o.\u0094<\/p>\n<p>O padre ainda explica que as diferentes regi\u00f5es do Brasil se organizam de in\u00fameras formas para a celebra\u00e7\u00e3o, criando cartazes, vinhetas e programas, para r\u00e1dio e televis\u00e3o. Outras investem mais no campo da espiritualidade, da catequese. \u0093Os regionais agem de maneira muito diversa, para a programa\u00e7\u00e3o e para tamb\u00e9m a execu\u00e7\u00e3o do m\u00eas vocacional. No entanto, basicamente, ficamos no campo das ora\u00e7\u00f5es, das liturgias, com o trabalho com o p\u00fablico da catequese e da juventude, e nas m\u00eddias de r\u00e1dio e televis\u00e3o\u0094, afirmou.<\/p>\n","protected":false},"excerpt":{"rendered":"<p>O m\u00eas de agosto, para a Igreja no Brasil, \u00e9 dedicado \u00e0 reflex\u00e3o e ora\u00e7\u00e3o pelas voca\u00e7\u00f5es. \u00c9 o m\u00eas em que as comunidades s\u00e3o chamadas a refletirem sobre a forma de como est\u00e3o cultivando as voca\u00e7\u00f5es. Para dinamiza\u00e7\u00e3o do m\u00eas vocacional, a Comiss\u00e3o para os Minist\u00e9rios Ordenados e a Vida Consagrada (CMOVC), da Confer\u00eancia [&hellip;]<\/p>\n","protected":false},"author":1,"featured_media":0,"comment_status":"closed","ping_status":"closed","sticky":false,"template":"","format":"standard","meta":{"footnotes":""},"categories":[7],"tags":[],"class_list":["post-2869","post","type-post","status-publish","format-standard","hentry","category-cnbb"],"_links":{"self":[{"href":"https:\/\/catolicanet.net\/wp-cnet\/wp-json\/wp\/v2\/posts\/2869","targetHints":{"allow":["GET"]}}],"collection":[{"href":"https:\/\/catolicanet.net\/wp-cnet\/wp-json\/wp\/v2\/posts"}],"about":[{"href":"https:\/\/catolicanet.net\/wp-cnet\/wp-json\/wp\/v2\/types\/post"}],"author":[{"embeddable":true,"href":"https:\/\/catolicanet.net\/wp-cnet\/wp-json\/wp\/v2\/users\/1"}],"replies":[{"embeddable":true,"href":"https:\/\/catolicanet.net\/wp-cnet\/wp-json\/wp\/v2\/comments?post=2869"}],"version-history":[{"count":1,"href":"https:\/\/catolicanet.net\/wp-cnet\/wp-json\/wp\/v2\/posts\/2869\/revisions"}],"predecessor-version":[{"id":7253,"href":"https:\/\/catolicanet.net\/wp-cnet\/wp-json\/wp\/v2\/posts\/2869\/revisions\/7253"}],"wp:attachment":[{"href":"https:\/\/catolicanet.net\/wp-cnet\/wp-json\/wp\/v2\/media?parent=2869"}],"wp:term":[{"taxonomy":"category","embeddable":true,"href":"https:\/\/catolicanet.net\/wp-cnet\/wp-json\/wp\/v2\/categories?post=2869"},{"taxonomy":"post_tag","embeddable":true,"href":"https:\/\/catolicanet.net\/wp-cnet\/wp-json\/wp\/v2\/tags?post=2869"}],"curies":[{"name":"wp","href":"https:\/\/api.w.org\/{rel}","templated":true}]}}