{"id":2868,"date":"2013-07-12T17:03:04","date_gmt":"2013-07-12T20:03:04","guid":{"rendered":"http:\/\/catolicanet.net\/wp-cnet\/hoje-11-de-julho-e-dia-de-oracao-pela-jornada-mundial-da-juventude-rio-2013\/"},"modified":"2017-03-22T13:14:06","modified_gmt":"2017-03-22T16:14:06","slug":"hoje-11-de-julho-e-dia-de-oracao-pela-jornada-mundial-da-juventude-rio-2013","status":"publish","type":"post","link":"https:\/\/catolicanet.net\/wp-cnet\/hoje-11-de-julho-e-dia-de-oracao-pela-jornada-mundial-da-juventude-rio-2013\/","title":{"rendered":"Hoje, 11 de julho \u00e9 Dia de Ora\u00e7\u00e3o pela Jornada Mundial da Juventude Rio 2013"},"content":{"rendered":"<p style=\"text-align: justify;\"><img decoding=\"async\" src=\"http:\/\/catolicanet.com.br\/images\/stories\/logomarcaoriginal2013.jpg.png\" border=\"0\" align=\"left\" \/>Dom Eduardo Pinheiro, presidente da Comiss\u00e3o Episcopal Pastoral para a Juventude da CNBB faz um convite a todos as pessoas, especialmente aos jovens, para um dia de ora\u00e7\u00e3o pela JMJ Rio 2013. \u0093Como uma grande fam\u00edlia crist\u00e3, vamos juntos, neste dia 11 de julho, realizar uma bonita corrente de ora\u00e7\u00e3o em vista da Jornada Mundial da Juventude que acontece, coincidentemente, num contexto brasileiro de manifesta\u00e7\u00e3o de muitos sonhos juvenis de dignidade, de felicidade, de justi\u00e7a, de solidariedade, de paz, de um mundo melhor\u0094.<\/p>\n<p>Confira a mensagem:<\/p>\n<p>Campo Grande, 07 de julho de 2013.<\/p>\n<p>Queridos irm\u00e3os e irm\u00e3s em Cristo.<\/p>\n<p>\u0093A f\u00e9 n\u00e3o \u00e9 ref\u00fagio para gente sem coragem, mas a dilata\u00e7\u00e3o da vida\u0094<br \/>(Papa Francisco, Enc\u00edclica \u0093Lumen Fidei\u0094)<\/p>\n<p>Com a mesma f\u00e9 no amor de Deus pela juventude, que nos guiou at\u00e9 aqui, queremos viver este momento \u00edmpar de nossa vida com a JMJ Rio 2013. Ao acreditar que a Jornada \u00e9 obra divina e, portanto, projeto do cora\u00e7\u00e3o de Deus para todos n\u00f3s, renovamos nosso agradecimento a Ele por t\u00e3o precioso presente. Esta f\u00e9 fez com que muitos sonhassem a Jornada em nosso meio e se empenhassem na sua constru\u00e7\u00e3o para o benef\u00edcio de todos. E \u00e9 com esta mesma f\u00e9 que, agora, t\u00e3o pr\u00f3ximos deste Encontro, nos voltamos intensa e coletivamente a Deus agradecendo-lhe por aquilo que j\u00e1 foi constru\u00eddo e vivido, bem como pedindo-lhe renovadas for\u00e7as, bons resultados e abundantes frutos.<\/p>\n<p>\u0093Nas Jornadas Mundiais da Juventude, os jovens mostram a alegria da f\u00e9, o compromisso de viver uma f\u00e9 s\u00f3lida e generosa\u0094, afirmou-nos o papa em sua rec\u00e9m publicada enc\u00edclica. Assim como ele, n\u00f3s tamb\u00e9m acreditamos que este \u00e9 um momento forte de exaltar e viver a verdadeira f\u00e9 no Senhor que nos chama, nos transforma, nos capacita e nos envia; somente Nele encontramos o sentido, o gosto e a dire\u00e7\u00e3o da vida. \u00c9 um momento especial n\u00e3o s\u00f3 para os jovens, mas para toda a Igreja e para o Brasil que a recebe.<\/p>\n<p>Como uma grande fam\u00edlia crist\u00e3, vamos juntos, no dia 11 de julho, realizar uma bonita corrente de ora\u00e7\u00e3o em vista da Jornada Mundial da Juventude que acontece, coincidentemente, num contexto brasileiro de manifesta\u00e7\u00e3o de muitos sonhos juvenis de dignidade, de felicidade, de justi\u00e7a, de solidariedade, de paz, de um mundo melhor. H\u00e1 muita coisa no ar! H\u00e1 muita sede de vida! H\u00e1 muito discernimento a fazer, projetos a assumir, bens a desenvolver e males a combater. A ora\u00e7\u00e3o verdadeira nos aproxima de Deus e dos Seus filhos, nossos irm\u00e3os. Rezar, portanto, sustenta nossa rela\u00e7\u00e3o com Aquele que nos ama por primeiro e gratuitamente, desenvolvendo em n\u00f3s o precioso dom do Amor que, por mandato divino, se abre para o bem do nosso povo.<\/p>\n<p>Sejamos criativos e endossemos esta iniciativa do \u0093Dia de Ora\u00e7\u00e3o pela Jornada Mundial da Juventude Rio 2013\u0094. Reconhecendo as grandes maravilhas operadas por Deus neste tempo de prepara\u00e7\u00e3o, pedimos a Ele o sucesso no desenvolvimento de tudo aquilo que j\u00e1 foi carinhosamente preparado, a n\u00e3o realiza\u00e7\u00e3o do que for contr\u00e1rio a sua vontade, a nossa abertura de esp\u00edrito a sua comunica\u00e7\u00e3o de amor, os bons frutos que far\u00e3o parte da nova hist\u00f3ria de todos n\u00f3s. A maternal presen\u00e7a de Maria seja mais intensamente percebida nestes dias e nos auxilie a retornarmos para nossas casas e comunidades com renovado entusiasmo crist\u00e3o, ardor vocacional, compromisso mission\u00e1rio.<\/p>\n<p>Deus nos aben\u00e7oe a todos e todas neste tempo de Gra\u00e7a.<\/p>\n<p>Dom Eduardo Pinheiro da Silva<br \/>Bispo Auxiliar de Campo Grande (MS)<br \/>Presidente da Comiss\u00e3o Episcopal Pastoral para a Juventude da CNBB<\/p>\n","protected":false},"excerpt":{"rendered":"<p>Dom Eduardo Pinheiro, presidente da Comiss\u00e3o Episcopal Pastoral para a Juventude da CNBB faz um convite a todos as pessoas, especialmente aos jovens, para um dia de ora\u00e7\u00e3o pela JMJ Rio 2013. \u0093Como uma grande fam\u00edlia crist\u00e3, vamos juntos, neste dia 11 de julho, realizar uma bonita corrente de ora\u00e7\u00e3o em vista da Jornada Mundial [&hellip;]<\/p>\n","protected":false},"author":1,"featured_media":0,"comment_status":"closed","ping_status":"closed","sticky":false,"template":"","format":"standard","meta":{"footnotes":""},"categories":[7],"tags":[],"class_list":["post-2868","post","type-post","status-publish","format-standard","hentry","category-cnbb"],"_links":{"self":[{"href":"https:\/\/catolicanet.net\/wp-cnet\/wp-json\/wp\/v2\/posts\/2868","targetHints":{"allow":["GET"]}}],"collection":[{"href":"https:\/\/catolicanet.net\/wp-cnet\/wp-json\/wp\/v2\/posts"}],"about":[{"href":"https:\/\/catolicanet.net\/wp-cnet\/wp-json\/wp\/v2\/types\/post"}],"author":[{"embeddable":true,"href":"https:\/\/catolicanet.net\/wp-cnet\/wp-json\/wp\/v2\/users\/1"}],"replies":[{"embeddable":true,"href":"https:\/\/catolicanet.net\/wp-cnet\/wp-json\/wp\/v2\/comments?post=2868"}],"version-history":[{"count":1,"href":"https:\/\/catolicanet.net\/wp-cnet\/wp-json\/wp\/v2\/posts\/2868\/revisions"}],"predecessor-version":[{"id":7252,"href":"https:\/\/catolicanet.net\/wp-cnet\/wp-json\/wp\/v2\/posts\/2868\/revisions\/7252"}],"wp:attachment":[{"href":"https:\/\/catolicanet.net\/wp-cnet\/wp-json\/wp\/v2\/media?parent=2868"}],"wp:term":[{"taxonomy":"category","embeddable":true,"href":"https:\/\/catolicanet.net\/wp-cnet\/wp-json\/wp\/v2\/categories?post=2868"},{"taxonomy":"post_tag","embeddable":true,"href":"https:\/\/catolicanet.net\/wp-cnet\/wp-json\/wp\/v2\/tags?post=2868"}],"curies":[{"name":"wp","href":"https:\/\/api.w.org\/{rel}","templated":true}]}}