{"id":2861,"date":"2023-07-04T00:00:00","date_gmt":"2023-07-04T03:00:00","guid":{"rendered":"http:\/\/catolicanet.net\/wp-cnet\/santa-isabel-de-portugal\/"},"modified":"2023-01-02T17:01:34","modified_gmt":"2023-01-02T20:01:34","slug":"santa-isabel-de-portugal","status":"publish","type":"post","link":"https:\/\/catolicanet.net\/wp-cnet\/santa-isabel-de-portugal\/","title":{"rendered":"Santa Isabel de Portugal"},"content":{"rendered":"<p style=\"text-align: justify;\">Filha de Dom Pedro III de Arag\u00e3o, Isabel (1270-1336), com a idade de doze anos casou com Dom Dines, rei de portugal, essa menina loura, de aspecto fr\u00e1gil e &#8220;doce fala&#8221;, casada em terra estranha com um marido que lhe era continuamente infiel, demonstrou uma profundidade crist\u00e3 e eleva\u00e7\u00e3o de alma que a colocam entre as grandes mulheres da idade m\u00e9dia.<\/p>\n<p style=\"text-align: justify;\">Tinha vinte anos quando nasceu Dom AfonsoIV, sua cruz e o grande amor da sua vida. Talves por presenciar os sofrimento da m\u00e3e, quase abandonada pelo marido (ela, apesar de ferida no seu \u00edntimo, chegou a criar os filhos ileg\u00edtimo do rei), o infante creseu com \u00f3dio do pai, a quem tratava como &#8220;um estranho&#8221;. A inimizade atingiu os limite da guerra. O reino todo estava dividido. Isabel desenvolveu, durante longos anos, o papel de mediadora. Viajava de um lado ao outro, intercedia, admoestava. O rei chegou a desterr\u00e1-la por sua franqueza em explicar&#8221; o direito e a verdade&#8221;.<\/p>\n<p style=\"text-align: justify;\">N\u00e3o se conserva sen\u00e3o uma parte muito pequena de sua correspod\u00eancia. Numa carta ao rei escrevia:&#8221;n\u00e3o permitais que se derrame sangue de vossa gera\u00e7\u00e3o que esteve nas minhas entranhas. Fazei que vossas armas parem, caso contr\u00e1rio vereis como morro logo. Se n\u00e3o o fazeris irei prostrar-mediante de v\u00f3s e do infante, como loba no parto se alguem se aproxima dos filhotes rec\u00e9m-nascido. \u00c9 os besteiros h\u00e3o de ferir o corpo antes que vos toquem a v\u00f3s e ao infante. Por toda santa Maria e pelo abe\u00e7oado S\u00e3o Dionisio vos pe\u00e7o que me respondas logo, para que Deus vos guie&#8221;.<\/p>\n<p style=\"text-align: justify;\">Morto o rei, dedicou-se totalmente a fazer caridade. Tomou o h\u00e1bito de Santa clara, mas n\u00e3o emitiu votos para poder fazer de sua riquesa uma fonte de a\u00e7\u00e3o social caritativa: &#8220;n\u00e3o havia desamparados nem presos que de sua esmola n\u00e3o recebessem parte&#8221;; criava \u00f3rf\u00e3o se filhos de pais humildes, casava noivas sem dotes; lavava os p\u00e9s do mendigos e beijava o dos leprosos, tal como a representou Murilo.<\/p>\n<p style=\"text-align: justify;\">Santa Isabel de Portugal, rogai por n\u00f3s!<\/p>\n<p>&nbsp;<\/p>\n","protected":false},"excerpt":{"rendered":"<p>Filha de Dom Pedro III de Arag\u00e3o, Isabel (1270-1336), com a idade de doze anos casou com Dom Dines, rei de portugal, essa menina loura, de aspecto fr\u00e1gil e &#8220;doce fala&#8221;, casada em terra estranha com um marido que lhe era continuamente infiel, demonstrou uma profundidade crist\u00e3 e eleva\u00e7\u00e3o de alma que a colocam entre [&hellip;]<\/p>\n","protected":false},"author":1,"featured_media":22558,"comment_status":"closed","ping_status":"closed","sticky":false,"template":"","format":"standard","meta":{"footnotes":""},"categories":[32],"tags":[],"class_list":["post-2861","post","type-post","status-publish","format-standard","has-post-thumbnail","hentry","category-santo-do-dia"],"_links":{"self":[{"href":"https:\/\/catolicanet.net\/wp-cnet\/wp-json\/wp\/v2\/posts\/2861","targetHints":{"allow":["GET"]}}],"collection":[{"href":"https:\/\/catolicanet.net\/wp-cnet\/wp-json\/wp\/v2\/posts"}],"about":[{"href":"https:\/\/catolicanet.net\/wp-cnet\/wp-json\/wp\/v2\/types\/post"}],"author":[{"embeddable":true,"href":"https:\/\/catolicanet.net\/wp-cnet\/wp-json\/wp\/v2\/users\/1"}],"replies":[{"embeddable":true,"href":"https:\/\/catolicanet.net\/wp-cnet\/wp-json\/wp\/v2\/comments?post=2861"}],"version-history":[{"count":3,"href":"https:\/\/catolicanet.net\/wp-cnet\/wp-json\/wp\/v2\/posts\/2861\/revisions"}],"predecessor-version":[{"id":22561,"href":"https:\/\/catolicanet.net\/wp-cnet\/wp-json\/wp\/v2\/posts\/2861\/revisions\/22561"}],"wp:featuredmedia":[{"embeddable":true,"href":"https:\/\/catolicanet.net\/wp-cnet\/wp-json\/wp\/v2\/media\/22558"}],"wp:attachment":[{"href":"https:\/\/catolicanet.net\/wp-cnet\/wp-json\/wp\/v2\/media?parent=2861"}],"wp:term":[{"taxonomy":"category","embeddable":true,"href":"https:\/\/catolicanet.net\/wp-cnet\/wp-json\/wp\/v2\/categories?post=2861"},{"taxonomy":"post_tag","embeddable":true,"href":"https:\/\/catolicanet.net\/wp-cnet\/wp-json\/wp\/v2\/tags?post=2861"}],"curies":[{"name":"wp","href":"https:\/\/api.w.org\/{rel}","templated":true}]}}