{"id":2858,"date":"2013-07-04T16:42:35","date_gmt":"2013-07-04T19:42:35","guid":{"rendered":"http:\/\/catolicanet.net\/wp-cnet\/feira-vocacional-tem-mais-de-100-expositores-confirmados\/"},"modified":"2017-03-22T13:09:25","modified_gmt":"2017-03-22T16:09:25","slug":"feira-vocacional-tem-mais-de-100-expositores-confirmados","status":"publish","type":"post","link":"https:\/\/catolicanet.net\/wp-cnet\/feira-vocacional-tem-mais-de-100-expositores-confirmados\/","title":{"rendered":"Feira Vocacional tem mais de 100 expositores confirmados"},"content":{"rendered":"<p style=\"text-align: justify;\">\n<p><img decoding=\"async\" src=\"http:\/\/catolicanet.com.br\/images\/stories\/feiravocacional.jpg\" border=\"0\" align=\"left\" \/>Movimentos, novas comunidades e ordens religiosas masculinas e femininas estar\u00e3o representadas na Feira Vocacional da Jornada Mundial da Juventude (JMJ Rio2013). J\u00e1 est\u00e3o confirmados mais de 100 expositores no evento que acontecer\u00e1 na Quinta da Boa Vista. A programa\u00e7\u00e3o vai de 23 a 26 de julho das 8h \u00e0s 20h. Os expositores ainda podem se inscrever at\u00e9 dia 15 deste m\u00eas. Todos os peregrinos podem participar do evento sem qualquer inscri\u00e7\u00e3o pr\u00e9via.<\/p>\n<p><a href=\"http:\/\/www.rio2013.com\/pt\/downloads\/detalhes\/10\/expositores-da-feira-vocacional\">>>> Confira aqui a lista dos expositores<\/a><\/p>\n<p>A Feira \u00e9 o local ideal para um encontro com a vontade de Deus. O primeiro crit\u00e9rio na sele\u00e7\u00e3o dos expositores participantes \u00e9 que sejam institui\u00e7\u00f5es religiosas que t\u00eam dimens\u00e3o internacional. O principal objetivo \u00e9 que principalmente os peregrinos de outros pa\u00edses possam aprofundar sua experi\u00eancia com Deus depois da Jornada, de acordo com o padre Leonardo Lopes, membro do setor de prepara\u00e7\u00e3o pastoral da JMJ Rio2013 e coordenador da Feira Vocacional.<\/p>\n<p>&#8220;Para corresponder ao car\u00e1ter de internacionalidade da Jornada. Al\u00e9m disso, como h\u00e1 muitos estrangeiros na Jornada, queremos que ao voltar ao seu pa\u00eds de origem, eles possam continuar a ter contato com os institutos que estiveram aqui&#8221;, explicou. Est\u00e3o confirmados 16 movimentos, 20 novas comunidades, 23 ordens religiosas masculinas e 44 ordens religiosas femininas.<\/p>\n<p>A grande quantidade e diversidade de ordens, movimentos e comunidades participantes mostra a riqueza da Igreja, de acordo com padre Leonardo. &#8220;N\u00f3s queremos mostrar em primeiro lugar a riqueza do dom de Deus que \u00e9 abundante ao chamar e monstrar os caminhos, em segundo lugar, a riqueza do que \u00e9 a Igreja. Voc\u00ea sempre tem espa\u00e7o para todos. O servi\u00e7o \u00e9 uma resposta pessoal. Voc\u00ea n\u00e3o \u00e9 obrigado a entrar em um caminho e s\u00f3 existe esse. A Igreja respeita muito a individualidade da pessoa, essa diversidade. \u00c9 um sinal de riqueza da Igreja para todos os carismas, para todas as inspira\u00e7\u00f5es&#8221;.<\/p>\n<p>Todos os p\u00fablicos<\/p>\n<p>Os estandes vocacionais n\u00e3o s\u00e3o a \u00fanica atra\u00e7\u00e3o da Feira. O peregrino poder\u00e1 passar o dia inteiro no local. H\u00e1 desde estruturas de catequese, pra\u00e7a de alimenta\u00e7\u00e3o e restaurantes com o menu do peregrino at\u00e9 tendas de DJ\u0092s para balada jovem e evangeliza\u00e7\u00e3o 180\u00ba, com esportes radicais como escalada e tirolesa.<\/p>\n<p>A Quinta da Boa Vista ter\u00e1 ainda metade dos 100 confession\u00e1rios desenhados especialmente para a Jornada, al\u00e9m de uma tenda de 600 m\u00b2 para adora\u00e7\u00e3o ao Sant\u00edssimo Sacramento. O Papa Francisco vai confessar cinco jovens no local na sexta-feira, 26.<\/p>\n<p>Est\u00e1 programada ainda uma atividade nas tendas a cada meia hora, com testemunhos, palestras, e apresenta\u00e7\u00f5es musicais. O local \u00e9 de f\u00e1cil acesso para trem, metr\u00f4 e \u00f4nibus.<\/p><\/p>\n","protected":false},"excerpt":{"rendered":"<p>Movimentos, novas comunidades e ordens religiosas masculinas e femininas estar\u00e3o representadas na Feira Vocacional da Jornada Mundial da Juventude (JMJ Rio2013). J\u00e1 est\u00e3o confirmados mais de 100 expositores no evento que acontecer\u00e1 na Quinta da Boa Vista. A programa\u00e7\u00e3o vai de 23 a 26 de julho das 8h \u00e0s 20h. Os expositores ainda podem se [&hellip;]<\/p>\n","protected":false},"author":1,"featured_media":0,"comment_status":"closed","ping_status":"closed","sticky":false,"template":"","format":"standard","meta":{"footnotes":""},"categories":[4],"tags":[],"class_list":["post-2858","post","type-post","status-publish","format-standard","hentry","category-cotidiano"],"_links":{"self":[{"href":"https:\/\/catolicanet.net\/wp-cnet\/wp-json\/wp\/v2\/posts\/2858","targetHints":{"allow":["GET"]}}],"collection":[{"href":"https:\/\/catolicanet.net\/wp-cnet\/wp-json\/wp\/v2\/posts"}],"about":[{"href":"https:\/\/catolicanet.net\/wp-cnet\/wp-json\/wp\/v2\/types\/post"}],"author":[{"embeddable":true,"href":"https:\/\/catolicanet.net\/wp-cnet\/wp-json\/wp\/v2\/users\/1"}],"replies":[{"embeddable":true,"href":"https:\/\/catolicanet.net\/wp-cnet\/wp-json\/wp\/v2\/comments?post=2858"}],"version-history":[{"count":1,"href":"https:\/\/catolicanet.net\/wp-cnet\/wp-json\/wp\/v2\/posts\/2858\/revisions"}],"predecessor-version":[{"id":7245,"href":"https:\/\/catolicanet.net\/wp-cnet\/wp-json\/wp\/v2\/posts\/2858\/revisions\/7245"}],"wp:attachment":[{"href":"https:\/\/catolicanet.net\/wp-cnet\/wp-json\/wp\/v2\/media?parent=2858"}],"wp:term":[{"taxonomy":"category","embeddable":true,"href":"https:\/\/catolicanet.net\/wp-cnet\/wp-json\/wp\/v2\/categories?post=2858"},{"taxonomy":"post_tag","embeddable":true,"href":"https:\/\/catolicanet.net\/wp-cnet\/wp-json\/wp\/v2\/tags?post=2858"}],"curies":[{"name":"wp","href":"https:\/\/api.w.org\/{rel}","templated":true}]}}