{"id":2857,"date":"2013-07-04T16:40:14","date_gmt":"2013-07-04T19:40:14","guid":{"rendered":"http:\/\/catolicanet.net\/wp-cnet\/papa-francisco-nomeia-novo-bispo-de-jardim-ms\/"},"modified":"2017-03-22T13:08:52","modified_gmt":"2017-03-22T16:08:52","slug":"papa-francisco-nomeia-novo-bispo-de-jardim-ms","status":"publish","type":"post","link":"https:\/\/catolicanet.net\/wp-cnet\/papa-francisco-nomeia-novo-bispo-de-jardim-ms\/","title":{"rendered":"Papa Francisco nomeia novo bispo de Jardim (MS)"},"content":{"rendered":"<p style=\"text-align: justify;\"><img decoding=\"async\" src=\"http:\/\/catolicanet.com.br\/images\/stories\/monsjoaogilberto.jpg\" border=\"0\" align=\"left\" \/>Monsenhor Jo\u00e3o Gilberto de Moura, atualmente Vig\u00e1rio Geral e P\u00e1roco da Catedral de Ituiutaba (MG), foi nomeado pelo Papa Francisco como novo bispo da Diocese de Jardim (MS) na manh\u00e3 desta quarta-feira, 3 de julho.<\/p>\n<p>Eis os dados biogr\u00e1ficos do novo bispo:<\/p>\n<p>Filia\u00e7\u00e3o: Jo\u00e3o Marques de Moura (in memorian) e Maria Marlene de Moura<br \/>Nascido em: 21\/11\/1963<\/p>\n<p>FORMA\u00c7\u00c3O<br \/>Filosofia, Semin\u00e1rio \u0093Maria Imaculada\u0094 Arax\u00e1 (MG),Teologia, CEARP \/ Centro de Estudos da Arquidiocese de Ribeir\u00e3o Preto (SP); Semin\u00e1rio Maria Imaculada, Brodowski (SP); Faculdade Nossa Senhora Assun\u00e7\u00e3o de S\u00e3o Paulo (SP).<\/p>\n<p>Minist\u00e9rios Pastorais<\/p>\n<p>NA DIOCESE DE ITUIUTABA (MG)<br \/>Vig\u00e1rio Paroquial da Catedral de S\u00e3o Jos\u00e9 (1996) e Reitor do Semin\u00e1rio Santo Cura\u0092D Ars (1996), Coordenador Diocesano da Pastoral Vocacional (1996-1997), Assistente Eclesi\u00e1stico do movimento serra(1996-1999); P\u00e1roco da Par\u00f3quia Cristo Rei em Centralina (1997-2002), Coordenador Diocesano da Pastoral da Crian\u00e7a (1999-2002), P\u00e1roco da S\u00e3o Francisco de Assis em Ituiutaba (2002-2008), Representante dos Presb\u00edteros (1997-2003),Juiz da C\u00e2mara de instru\u00e7\u00e3o processual de Ituiutaba (2000-2013) Chanceler do Bispado(2002-2006), Coordenador Regional da Pastoral da Crian\u00e7a setor Ituiutaba (2004-2006), Vig\u00e1rio Geral da Diocese (2006-2007) e Administrador Diocesano \u0093sede vacante\u0094 de Ituiutaba (2007), P\u00e1roco da Par\u00f3quia s\u00e3o Jos\u00e9 \u0096s\u00e9 Catedral (2008-2013), Vig\u00e1rio geral da Diocese (2008-2013).<\/p><\/p>\n","protected":false},"excerpt":{"rendered":"<p>Monsenhor Jo\u00e3o Gilberto de Moura, atualmente Vig\u00e1rio Geral e P\u00e1roco da Catedral de Ituiutaba (MG), foi nomeado pelo Papa Francisco como novo bispo da Diocese de Jardim (MS) na manh\u00e3 desta quarta-feira, 3 de julho. Eis os dados biogr\u00e1ficos do novo bispo: Filia\u00e7\u00e3o: Jo\u00e3o Marques de Moura (in memorian) e Maria Marlene de MouraNascido em: [&hellip;]<\/p>\n","protected":false},"author":1,"featured_media":0,"comment_status":"closed","ping_status":"closed","sticky":false,"template":"","format":"standard","meta":{"footnotes":""},"categories":[7],"tags":[],"class_list":["post-2857","post","type-post","status-publish","format-standard","hentry","category-cnbb"],"_links":{"self":[{"href":"https:\/\/catolicanet.net\/wp-cnet\/wp-json\/wp\/v2\/posts\/2857","targetHints":{"allow":["GET"]}}],"collection":[{"href":"https:\/\/catolicanet.net\/wp-cnet\/wp-json\/wp\/v2\/posts"}],"about":[{"href":"https:\/\/catolicanet.net\/wp-cnet\/wp-json\/wp\/v2\/types\/post"}],"author":[{"embeddable":true,"href":"https:\/\/catolicanet.net\/wp-cnet\/wp-json\/wp\/v2\/users\/1"}],"replies":[{"embeddable":true,"href":"https:\/\/catolicanet.net\/wp-cnet\/wp-json\/wp\/v2\/comments?post=2857"}],"version-history":[{"count":1,"href":"https:\/\/catolicanet.net\/wp-cnet\/wp-json\/wp\/v2\/posts\/2857\/revisions"}],"predecessor-version":[{"id":7244,"href":"https:\/\/catolicanet.net\/wp-cnet\/wp-json\/wp\/v2\/posts\/2857\/revisions\/7244"}],"wp:attachment":[{"href":"https:\/\/catolicanet.net\/wp-cnet\/wp-json\/wp\/v2\/media?parent=2857"}],"wp:term":[{"taxonomy":"category","embeddable":true,"href":"https:\/\/catolicanet.net\/wp-cnet\/wp-json\/wp\/v2\/categories?post=2857"},{"taxonomy":"post_tag","embeddable":true,"href":"https:\/\/catolicanet.net\/wp-cnet\/wp-json\/wp\/v2\/tags?post=2857"}],"curies":[{"name":"wp","href":"https:\/\/api.w.org\/{rel}","templated":true}]}}