{"id":2833,"date":"2013-06-19T16:21:54","date_gmt":"2013-06-19T19:21:54","guid":{"rendered":"http:\/\/catolicanet.net\/wp-cnet\/apelo-do-papa-pelos-refugiados-e-para-a-defender-o-evangelho-da-vida\/"},"modified":"2017-03-22T11:25:07","modified_gmt":"2017-03-22T14:25:07","slug":"apelo-do-papa-pelos-refugiados-e-para-a-defender-o-evangelho-da-vida","status":"publish","type":"post","link":"https:\/\/catolicanet.net\/wp-cnet\/apelo-do-papa-pelos-refugiados-e-para-a-defender-o-evangelho-da-vida\/","title":{"rendered":"Apelo do Papa pelos refugiados"},"content":{"rendered":"<p style=\"text-align: justify;\"><img decoding=\"async\" src=\"http:\/\/catolicanet.com.br\/images\/stories\/andando.jpg\" border=\"0\" align=\"left\" \/><\/p>\n<p style=\"text-align: justify;\"><strong>Apelo do Papa pelos refugiados e para a defender o Evangelho da Vida.<\/strong><\/p>\n<p>O Papa Francisco encontrou-se, na manh\u00e3 desta quarta-feira, na Pra\u00e7a S\u00e3o Pedro, com os numerosos peregrinos e fi\u00e9is, provenientes de diversos Pa\u00edses, para a Audi\u00eancia Geral.<\/p>\n<p>Durante o encontro semanal, o Santo Padre fez um apelo por ocasi\u00e3o do Dia Mundial dos Refugiados, que se celebra nesta quinta-feira, dizendo:<\/p>\n<p>\u0093Este ano, somos convidados a refletir, especialmente, sobre a situa\u00e7\u00e3o das fam\u00edlias refugiadas, obrigadas, muitas vezes, a deixarem depressa as suas casas e a sua P\u00e1tria e a perder todos os seus bens e seguran\u00e7a para fugir das viol\u00eancias, persegui\u00e7\u00f5es ou graves discrimina\u00e7\u00f5es por causa da religi\u00e3o que professam, da perten\u00e7a a um grupo \u00e9tnico e das suas id\u00e9ias pol\u00edticas\u0094.<\/p>\n<p>Al\u00e9m dos perigos da viagem, acrescentou o Papa, muitas vezes essas fam\u00edlias correm o risco da desagrega\u00e7\u00e3o e, no Pa\u00eds que as acolhem, devem defrontar-se com culturas e sociedades diferentes das suas. N\u00e3o podemos ser insens\u00edveis para com essas fam\u00edlias e com todos os nossos irm\u00e3os e irm\u00e3s refugiados. Somos convidados a ajud\u00e1-los, abrindo-nos \u00e0 compreens\u00e3o e \u00e0 unidade. N\u00e3o faltem, em todo o mundo, pessoas e institui\u00e7\u00f5es que os assistam. No seu rosto est\u00e1 impresso o rosto de Jesus!<\/p>\n<p>Por outro lado, o Santo Padre recordou ainda que, domingo passado, no \u00e2mbito do \u0093Ano da F\u00e9\u0094, celebramos Deus que \u00e9 fonte da Vida, Cristo que nos d\u00e1 a vida divina, o Esp\u00edrito Santo que nos mant\u00e9m na rela\u00e7\u00e3o vital de verdadeiros filhos de Deus. E Papa Francisco concluiu fazendo mais um apelo:<\/p>\n<p>\u0093Desejo dirigir-lhes, mais uma vez ainda, um convite a todos a acolher e testemunhar o \u0093Evangelho da Vida\u0094, a promover e a defender a vida em todas as suas dimens\u00f5es e em todas as suas fases. O crist\u00e3o \u00e9 aquele que diz \u0093sim\u0094 \u00e0 vida, que diz \u0093sim\u0094 a Deus vivo\u0094.<\/p>\n<p><strong><br \/>Fonte: <\/strong>R\u00e1dio Vaticano<br \/><strong>Local:<\/strong> Cidade do Vaticano<\/p>\n","protected":false},"excerpt":{"rendered":"<p>Apelo do Papa pelos refugiados e para a defender o Evangelho da Vida. O Papa Francisco encontrou-se, na manh\u00e3 desta quarta-feira, na Pra\u00e7a S\u00e3o Pedro, com os numerosos peregrinos e fi\u00e9is, provenientes de diversos Pa\u00edses, para a Audi\u00eancia Geral. Durante o encontro semanal, o Santo Padre fez um apelo por ocasi\u00e3o do Dia Mundial dos [&hellip;]<\/p>\n","protected":false},"author":1,"featured_media":0,"comment_status":"closed","ping_status":"closed","sticky":false,"template":"","format":"standard","meta":{"footnotes":""},"categories":[3],"tags":[],"class_list":["post-2833","post","type-post","status-publish","format-standard","hentry","category-vaticano"],"_links":{"self":[{"href":"https:\/\/catolicanet.net\/wp-cnet\/wp-json\/wp\/v2\/posts\/2833","targetHints":{"allow":["GET"]}}],"collection":[{"href":"https:\/\/catolicanet.net\/wp-cnet\/wp-json\/wp\/v2\/posts"}],"about":[{"href":"https:\/\/catolicanet.net\/wp-cnet\/wp-json\/wp\/v2\/types\/post"}],"author":[{"embeddable":true,"href":"https:\/\/catolicanet.net\/wp-cnet\/wp-json\/wp\/v2\/users\/1"}],"replies":[{"embeddable":true,"href":"https:\/\/catolicanet.net\/wp-cnet\/wp-json\/wp\/v2\/comments?post=2833"}],"version-history":[{"count":1,"href":"https:\/\/catolicanet.net\/wp-cnet\/wp-json\/wp\/v2\/posts\/2833\/revisions"}],"predecessor-version":[{"id":7204,"href":"https:\/\/catolicanet.net\/wp-cnet\/wp-json\/wp\/v2\/posts\/2833\/revisions\/7204"}],"wp:attachment":[{"href":"https:\/\/catolicanet.net\/wp-cnet\/wp-json\/wp\/v2\/media?parent=2833"}],"wp:term":[{"taxonomy":"category","embeddable":true,"href":"https:\/\/catolicanet.net\/wp-cnet\/wp-json\/wp\/v2\/categories?post=2833"},{"taxonomy":"post_tag","embeddable":true,"href":"https:\/\/catolicanet.net\/wp-cnet\/wp-json\/wp\/v2\/tags?post=2833"}],"curies":[{"name":"wp","href":"https:\/\/api.w.org\/{rel}","templated":true}]}}