{"id":2827,"date":"2013-06-14T13:48:54","date_gmt":"2013-06-14T16:48:54","guid":{"rendered":"http:\/\/catolicanet.net\/wp-cnet\/simbolos-da-jmj-chegam-a-sao-jose-do-vale-do-rio-preto-rj\/"},"modified":"2017-03-22T11:31:20","modified_gmt":"2017-03-22T14:31:20","slug":"simbolos-da-jmj-chegam-a-sao-jose-do-vale-do-rio-preto-rj","status":"publish","type":"post","link":"https:\/\/catolicanet.net\/wp-cnet\/simbolos-da-jmj-chegam-a-sao-jose-do-vale-do-rio-preto-rj\/","title":{"rendered":"S\u00edmbolos da JMJ chegam a S\u00e3o Jos\u00e9 do Vale do Rio Preto (RJ)"},"content":{"rendered":"<p style=\"text-align: justify;\"><img decoding=\"async\" src=\"http:\/\/catolicanet.com.br\/images\/stories\/chegadasojos.jpg\" border=\"0\" align=\"left\" \/>Chegada S\u00e3o Jos\u00e9Os s\u00edmbolos da Jornada Mundial da Juventude chegaram, hoje, 14 de junho, a S\u00e3o Jos\u00e9 do Vale do Rio Preto, por volta das 8h. A Cruz e o \u00edcone de Nossa Senhora foram acolhidos com uma queima de fogos na Par\u00f3quia de S\u00e3o Jos\u00e9, onde alunos de diferentes escolas da cidade e muitos fi\u00e9is aguardavam.<\/p>\n<p>O administrador paroquial, padre Tiago Jos\u00e9 dos Santos Rebello, e o vig\u00e1rio, padre Sebasti\u00e3o dos Santos Coelho, fizeram um momento de ora\u00e7\u00e3o. V\u00e1rios outros padres da diocese de Petr\u00f3polis tamb\u00e9m participaram da chegada dos s\u00edmbolos da JMJ \u00e0 cidade, a primeira do decanato Nossa Senhora do Amor Divino a ser visitada pela Cruz e o \u00cdcone.<\/p>\n<p>Logo em seguida, todos puderam, em fila, chegar pr\u00f3ximos aos s\u00edmbolos e toc\u00e1-los. Ao sair da igreja, a Cruz e o \u00cdcone ser\u00e3o levados para o Col\u00e9gio Estadual Coronel Jo\u00e3o Limongi, para um momento com os estudantes da institui\u00e7\u00e3o.<\/p>\n<p>Sa\u00edda de Teres\u00f3polis<\/p>\n<p>Depois de passar por todas as Par\u00f3quias do decanato S\u00e3o Pio X, em Teres\u00f3polis, e do Bote F\u00e9, no dia de Santo Ant\u00f4nio, padroeiro da cidade, a Cruz e o \u00cdcone de Nossa Senhora deixaram o munic\u00edpio por volta das 7h da manh\u00e3 em dire\u00e7\u00e3o a S\u00e3o Jos\u00e9 do Vale do Rio Preto. Como tiveram que pegar estrada, os s\u00edmbolos da JMJ foram carregados em um caminh\u00e3o fechado. Mesmo assim, n\u00e3o deixou de tocar o cora\u00e7\u00e3o das pessoas que estavam mais pr\u00f3ximas, como o motorista do ve\u00edculo, Ricardo Gomes. \u0093Na minha vida n\u00e3o teve outro momento igual. Foi realmente muito emocionante\u0094, declarou Ricardo, que estava acompanhado da esposa e da filha.<\/p>\n<p style=\"text-align: justify;\">Fonte: CNBB<\/p>\n","protected":false},"excerpt":{"rendered":"<p>Chegada S\u00e3o Jos\u00e9Os s\u00edmbolos da Jornada Mundial da Juventude chegaram, hoje, 14 de junho, a S\u00e3o Jos\u00e9 do Vale do Rio Preto, por volta das 8h. A Cruz e o \u00edcone de Nossa Senhora foram acolhidos com uma queima de fogos na Par\u00f3quia de S\u00e3o Jos\u00e9, onde alunos de diferentes escolas da cidade e muitos [&hellip;]<\/p>\n","protected":false},"author":1,"featured_media":0,"comment_status":"closed","ping_status":"closed","sticky":false,"template":"","format":"standard","meta":{"footnotes":""},"categories":[7],"tags":[],"class_list":["post-2827","post","type-post","status-publish","format-standard","hentry","category-cnbb"],"_links":{"self":[{"href":"https:\/\/catolicanet.net\/wp-cnet\/wp-json\/wp\/v2\/posts\/2827","targetHints":{"allow":["GET"]}}],"collection":[{"href":"https:\/\/catolicanet.net\/wp-cnet\/wp-json\/wp\/v2\/posts"}],"about":[{"href":"https:\/\/catolicanet.net\/wp-cnet\/wp-json\/wp\/v2\/types\/post"}],"author":[{"embeddable":true,"href":"https:\/\/catolicanet.net\/wp-cnet\/wp-json\/wp\/v2\/users\/1"}],"replies":[{"embeddable":true,"href":"https:\/\/catolicanet.net\/wp-cnet\/wp-json\/wp\/v2\/comments?post=2827"}],"version-history":[{"count":1,"href":"https:\/\/catolicanet.net\/wp-cnet\/wp-json\/wp\/v2\/posts\/2827\/revisions"}],"predecessor-version":[{"id":7209,"href":"https:\/\/catolicanet.net\/wp-cnet\/wp-json\/wp\/v2\/posts\/2827\/revisions\/7209"}],"wp:attachment":[{"href":"https:\/\/catolicanet.net\/wp-cnet\/wp-json\/wp\/v2\/media?parent=2827"}],"wp:term":[{"taxonomy":"category","embeddable":true,"href":"https:\/\/catolicanet.net\/wp-cnet\/wp-json\/wp\/v2\/categories?post=2827"},{"taxonomy":"post_tag","embeddable":true,"href":"https:\/\/catolicanet.net\/wp-cnet\/wp-json\/wp\/v2\/tags?post=2827"}],"curies":[{"name":"wp","href":"https:\/\/api.w.org\/{rel}","templated":true}]}}