{"id":2812,"date":"2013-05-29T17:16:53","date_gmt":"2013-05-29T20:16:53","guid":{"rendered":"http:\/\/catolicanet.net\/wp-cnet\/vi-encontro-nacional-de-jornalistas-da-cnbb-ultimas-vagas\/"},"modified":"2017-03-22T09:21:29","modified_gmt":"2017-03-22T12:21:29","slug":"vi-encontro-nacional-de-jornalistas-da-cnbb-ultimas-vagas","status":"publish","type":"post","link":"https:\/\/catolicanet.net\/wp-cnet\/vi-encontro-nacional-de-jornalistas-da-cnbb-ultimas-vagas\/","title":{"rendered":"VI Encontro Nacional de Jornalistas da CNBB: \u00faltimas vagas"},"content":{"rendered":"<p style=\"text-align: justify;\"><img decoding=\"async\" src=\"http:\/\/catolicanet.com.br\/images\/stories\/logocnbb.jpg\" border=\"0\" align=\"left\" \/>Restam poucas vagas para o VI Encontro Nacional de Jornalistas, que ser\u00e1 promovido pela Assessoria de Imprensa da CNBB entre os dias 7 e 9 de junho, em Bras\u00edlia (DF). Neste ano de 2013, os participantes do evento dever\u00e3o colaborar com a elabora\u00e7\u00e3o de um manual de reda\u00e7\u00e3o e estilo. A assessora do Encontro ser\u00e1 a jornalista Dad Squarisi, editora de Opini\u00e3o do jornal Correio Braziliense.<\/p>\n<p>O Manual elaborado dever\u00e1 ser adotado nas assessorias de imprensa e nos ve\u00edculos de comunica\u00e7\u00e3o institucional da Igreja no Brasil. O desejo \u00e9 que o subs\u00eddio possa auxiliar os redatores a adotar certo padr\u00e3o na forma e na linguagem utilizada nos textos jornal\u00edsticos.<\/p>\n<p>A carta convite e a ficha de inscri\u00e7\u00e3o foram enviadas para todos os bispos diocesanos e auxiliares, com as orienta\u00e7\u00f5es sobre como deve ser feita a inscri\u00e7\u00e3o. Cada bispo dever\u00e1 enviar formalmente uma carta indicando o profissional que ir\u00e1 representar a sua diocese. As inscri\u00e7\u00f5es se encerram no dia 04 de junho.<\/p>\n","protected":false},"excerpt":{"rendered":"<p>Restam poucas vagas para o VI Encontro Nacional de Jornalistas, que ser\u00e1 promovido pela Assessoria de Imprensa da CNBB entre os dias 7 e 9 de junho, em Bras\u00edlia (DF). Neste ano de 2013, os participantes do evento dever\u00e3o colaborar com a elabora\u00e7\u00e3o de um manual de reda\u00e7\u00e3o e estilo. A assessora do Encontro ser\u00e1 [&hellip;]<\/p>\n","protected":false},"author":1,"featured_media":0,"comment_status":"closed","ping_status":"closed","sticky":false,"template":"","format":"standard","meta":{"footnotes":""},"categories":[7],"tags":[],"class_list":["post-2812","post","type-post","status-publish","format-standard","hentry","category-cnbb"],"_links":{"self":[{"href":"https:\/\/catolicanet.net\/wp-cnet\/wp-json\/wp\/v2\/posts\/2812","targetHints":{"allow":["GET"]}}],"collection":[{"href":"https:\/\/catolicanet.net\/wp-cnet\/wp-json\/wp\/v2\/posts"}],"about":[{"href":"https:\/\/catolicanet.net\/wp-cnet\/wp-json\/wp\/v2\/types\/post"}],"author":[{"embeddable":true,"href":"https:\/\/catolicanet.net\/wp-cnet\/wp-json\/wp\/v2\/users\/1"}],"replies":[{"embeddable":true,"href":"https:\/\/catolicanet.net\/wp-cnet\/wp-json\/wp\/v2\/comments?post=2812"}],"version-history":[{"count":1,"href":"https:\/\/catolicanet.net\/wp-cnet\/wp-json\/wp\/v2\/posts\/2812\/revisions"}],"predecessor-version":[{"id":7129,"href":"https:\/\/catolicanet.net\/wp-cnet\/wp-json\/wp\/v2\/posts\/2812\/revisions\/7129"}],"wp:attachment":[{"href":"https:\/\/catolicanet.net\/wp-cnet\/wp-json\/wp\/v2\/media?parent=2812"}],"wp:term":[{"taxonomy":"category","embeddable":true,"href":"https:\/\/catolicanet.net\/wp-cnet\/wp-json\/wp\/v2\/categories?post=2812"},{"taxonomy":"post_tag","embeddable":true,"href":"https:\/\/catolicanet.net\/wp-cnet\/wp-json\/wp\/v2\/tags?post=2812"}],"curies":[{"name":"wp","href":"https:\/\/api.w.org\/{rel}","templated":true}]}}