{"id":2799,"date":"2013-05-24T16:41:13","date_gmt":"2013-05-24T19:41:13","guid":{"rendered":"http:\/\/catolicanet.net\/wp-cnet\/papa-recebe-delegacao-da-bulgaria-por-ocasiao-da-festa-dos-santos-cirilo-e-metodio\/"},"modified":"2017-03-22T09:46:01","modified_gmt":"2017-03-22T12:46:01","slug":"papa-recebe-delegacao-da-bulgaria-por-ocasiao-da-festa-dos-santos-cirilo-e-metodio","status":"publish","type":"post","link":"https:\/\/catolicanet.net\/wp-cnet\/papa-recebe-delegacao-da-bulgaria-por-ocasiao-da-festa-dos-santos-cirilo-e-metodio\/","title":{"rendered":"Papa recebe delega\u00e7\u00e3o da Bulg\u00e1ria, por ocasi\u00e3o da festa dos Santos Cirilo e Met\u00f3dio"},"content":{"rendered":"<p style=\"text-align: justify;\">\n<p><img decoding=\"async\" src=\"http:\/\/www.catolicanet.com.br\/images\/stories\/papadelegacaobulgaria.jpg\" border=\"0\" align=\"left\" \/>O Papa Francisco recebeu em audi\u00eancia na manh\u00e3 desta sexta-feira a delega\u00e7\u00e3o b\u00falgara, que todos os anos vem ao Vaticano e a Roma por ocasi\u00e3o da festa dos co-padroeiros da Europa, os Santos Cirilo e Met\u00f3dio, que segundo o calend\u00e1rio Juliano s\u00e3o celebrados em 24 de maio.<\/p>\n<p>Este ano, a delega\u00e7\u00e3o de S\u00f3fia encontra-se chefiada pelo Premier Marin Raykov, que tem a miss\u00e3o de conduzir o governo b\u00falgaro ap\u00f3s as elei\u00e7\u00f5es antecipadas do \u00faltimo dia 12. Maryn Raykov foi tamb\u00e9m vice-ministro das Rela\u00e7\u00f5es Exteriores nos dois governos precedentes e teve dois mandatos como embaixador da Bulg\u00e1ria na Fran\u00e7a.<\/p>\n<p>A R\u00e1dio Vaticano perguntou-lhe qual o significado desta tradicional visita ao Vaticano. Eis o que disse:<\/p>\n<p>Maryn Raykov:- &#8220;O motivo da minha visita a Roma e ao Vaticano \u00e9 comemorar a obra evangelizadora dos Santos Cirilo e Met\u00f3dio que o Estado e a na\u00e7\u00e3o da Bulg\u00e1ria desenvolveram e continuam hoje desenvolvendo. Trata-se da nossa contribui\u00e7\u00e3o para a atual identidade europeia. A tradicional audi\u00eancia no Vaticano, por ocasi\u00e3o desta festa, tem uma grande repercuss\u00e3o na sociedade b\u00falgara porque \u00e9 sinal de reconhecimento do papel dos Santos irm\u00e3os para o desenvolvimento espiritual e cultural de todo o continente europeu. \u00c9 uma boa ocasi\u00e3o para expressar o nosso apoio \u00e0 miss\u00e3o espiritual da Santa S\u00e9 em favor dos valores crist\u00e3os.&#8221;<\/p>\n<p>RV: A visita desta sexta-feira constituiu seu primeiro encontro com o Papa Francisco. Quais suas impress\u00f5es?<\/p>\n<p>Maryn Raykov:- &#8220;Sem d\u00favida, \u00e9 um respeitoso e estimad\u00edssimo l\u00edder eclesial. Sobretudo, \u00e9 surpreendente o in\u00edcio de seu Pontificado e a vontade de mudan\u00e7a demonstrada em suas primeiras palavras e a\u00e7\u00f5es. Tenho uma grande considera\u00e7\u00e3o por ele e este encontro possibilitou-me saud\u00e1-lo em nome do povo b\u00falgaro. Alegro-me de cora\u00e7\u00e3o pela atitude positiva do Papa Francisco em rela\u00e7\u00e3o \u00e0 Igreja Ortodoxa, visto que a maioria dos b\u00falgaros \u00e9 ortodoxa. O que nos une como crist\u00e3os \u00e9 a vontade de paz e compreens\u00e3o no mundo e apreciamos muito a dedica\u00e7\u00e3o com a qual o Santo Padre trabalha desde o in\u00edcio de seu Pontificado em favor da tutela e da afirma\u00e7\u00e3o dos valores crist\u00e3os e humanos. E, sobretudo, pela proximidade entre as diferentes religi\u00f5es e culturas em favor de um mundo mais pac\u00edfico, mais justo, solid\u00e1rios, civilizado e humano.&#8221;<\/p>\n<p>RV: Qual \u00e9 o estado atual das rela\u00e7\u00f5es entre a Bulg\u00e1ria e a Santa S\u00e9?<\/p>\n<p>Maryn Raykov:- &#8220;A Bulg\u00e1ria promove, de modo ativo e coerente, uma pol\u00edtica em favor da integra\u00e7\u00e3o europeia na regi\u00e3o dos B\u00e1lc\u00e3s. Para n\u00f3s \u00e9 uma quest\u00e3o de import\u00e2ncia estrat\u00e9gica e com a entrada da Bulg\u00e1ria e Rom\u00eania na Uni\u00e3o Europeia se consolidou ainda mais a perspectiva europeia em toda a regi\u00e3o. O futuro dos pa\u00edses balc\u00e2nicos est\u00e1 ligado \u00e0 entrada deles na Uni\u00e3o Europeia como membros com plenos direitos. Isso representa uma garantia singular para a paz e a prosperidade econ\u00f4mica na regi\u00e3o. A hist\u00f3ria dos B\u00e1lc\u00e3s \u00e9 bastante complicada e dram\u00e1tica, mas hoje os povos balc\u00e2nicos precisam de desenvolvimento econ\u00f4mico e de colabora\u00e7\u00e3o. Nessa perspectiva, o papel da Santa S\u00e9 e da Igreja Ortodoxa \u00e9 muito importante para a pacifica\u00e7\u00e3o da regi\u00e3o. Sem d\u00favida, os valores espirituais s\u00e3o uma ponte que aproxima, criando um clima de compreens\u00e3o e toler\u00e2ncia. As rela\u00e7\u00f5es entre a Santa S\u00e9 e a Bulg\u00e1ria podem ter um papel chave e gerar sinais positivos, sobretudo numa regi\u00e3o que sofreu muito no passado. Creio que esse poderia ser um dos campos onde podemos oferecer n\u00e3o somente mensagens positivas, mas tamb\u00e9m a\u00e7\u00f5es concretas para dar um bom exemplo e afirmar a toler\u00e2ncia, a democracia e todos aqueles valores que est\u00e3o na base das nossas rela\u00e7\u00f5es e tamb\u00e9m no futuro como pa\u00edses europeus. O nosso povo tem uma profunda estima pela nobre miss\u00e3o da Santa S\u00e9 em tutelar e afirmar ideais e valores universais ligados \u00e0 paz e \u00e0 seguran\u00e7a. A esse prop\u00f3sito, o nosso governo est\u00e1 muito perto de uma solu\u00e7\u00e3o para ter um representante diplom\u00e1tico junto \u00e0 Santa S\u00e9.&#8221;<\/p>\n<p style=\"text-align: justify;\">\u00a0<\/p>\n<p style=\"text-align: justify;\">Fonte: R\u00e1dio Vaticano<\/p>\n","protected":false},"excerpt":{"rendered":"<p>O Papa Francisco recebeu em audi\u00eancia na manh\u00e3 desta sexta-feira a delega\u00e7\u00e3o b\u00falgara, que todos os anos vem ao Vaticano e a Roma por ocasi\u00e3o da festa dos co-padroeiros da Europa, os Santos Cirilo e Met\u00f3dio, que segundo o calend\u00e1rio Juliano s\u00e3o celebrados em 24 de maio. Este ano, a delega\u00e7\u00e3o de S\u00f3fia encontra-se chefiada [&hellip;]<\/p>\n","protected":false},"author":1,"featured_media":2798,"comment_status":"closed","ping_status":"closed","sticky":false,"template":"","format":"standard","meta":{"footnotes":""},"categories":[3],"tags":[],"class_list":["post-2799","post","type-post","status-publish","format-standard","has-post-thumbnail","hentry","category-vaticano"],"_links":{"self":[{"href":"https:\/\/catolicanet.net\/wp-cnet\/wp-json\/wp\/v2\/posts\/2799","targetHints":{"allow":["GET"]}}],"collection":[{"href":"https:\/\/catolicanet.net\/wp-cnet\/wp-json\/wp\/v2\/posts"}],"about":[{"href":"https:\/\/catolicanet.net\/wp-cnet\/wp-json\/wp\/v2\/types\/post"}],"author":[{"embeddable":true,"href":"https:\/\/catolicanet.net\/wp-cnet\/wp-json\/wp\/v2\/users\/1"}],"replies":[{"embeddable":true,"href":"https:\/\/catolicanet.net\/wp-cnet\/wp-json\/wp\/v2\/comments?post=2799"}],"version-history":[{"count":1,"href":"https:\/\/catolicanet.net\/wp-cnet\/wp-json\/wp\/v2\/posts\/2799\/revisions"}],"predecessor-version":[{"id":7143,"href":"https:\/\/catolicanet.net\/wp-cnet\/wp-json\/wp\/v2\/posts\/2799\/revisions\/7143"}],"wp:featuredmedia":[{"embeddable":true,"href":"https:\/\/catolicanet.net\/wp-cnet\/wp-json\/wp\/v2\/media\/2798"}],"wp:attachment":[{"href":"https:\/\/catolicanet.net\/wp-cnet\/wp-json\/wp\/v2\/media?parent=2799"}],"wp:term":[{"taxonomy":"category","embeddable":true,"href":"https:\/\/catolicanet.net\/wp-cnet\/wp-json\/wp\/v2\/categories?post=2799"},{"taxonomy":"post_tag","embeddable":true,"href":"https:\/\/catolicanet.net\/wp-cnet\/wp-json\/wp\/v2\/tags?post=2799"}],"curies":[{"name":"wp","href":"https:\/\/api.w.org\/{rel}","templated":true}]}}