{"id":2797,"date":"2013-05-24T16:38:09","date_gmt":"2013-05-24T19:38:09","guid":{"rendered":"http:\/\/catolicanet.net\/wp-cnet\/papa-pede-mais-compreensao-e-bondade-com-migrantes-e-refugiados\/"},"modified":"2017-03-22T09:46:28","modified_gmt":"2017-03-22T12:46:28","slug":"papa-pede-mais-compreensao-e-bondade-com-migrantes-e-refugiados","status":"publish","type":"post","link":"https:\/\/catolicanet.net\/wp-cnet\/papa-pede-mais-compreensao-e-bondade-com-migrantes-e-refugiados\/","title":{"rendered":"Papa pede mais compreens\u00e3o e bondade com migrantes e refugiados"},"content":{"rendered":"<p style=\"text-align: justify;\"><img decoding=\"async\" src=\"http:\/\/www.catolicanet.com.br\/images\/stories\/migrantes.jpg\" border=\"0\" align=\"left\" \/> \u0093O tr\u00e1fico de pessoas \u00e9 uma atividade iign\u00f3bil, uma vergonha para as nossas sociedades que se dizem civilizadas! Aproveitadores e clientes deveriam fazer um s\u00e9rio exame de consci\u00eancia consigo mesmo e diante de Deus!\u0094. Com estas palavras, o Papa abriu seu discurso na manh\u00e3 desta sexta-feira, 24, aos participantes da Plen\u00e1ria do Pontif\u00edcio Conselho para a Pastoral dos Migrantes e Itinerantes.<\/p>\n<p>O grupo de membros, consultores e oficiais deste organismo se reuniu durante a semana no Vaticano para debater o tema \u0093A solicitude pastoral da Igreja no contexto das migra\u00e7\u00f5es for\u00e7adas\u0094, que coincide com o documento \u0093Acolher Cristo nos refugiados e nas pessoas deslocadas \u00e0 for\u00e7a\u0094, publicado pelo dicast\u00e9rio.<\/p>\n<p>Francisco se parabenizou pelo esfor\u00e7o deste Conselho em servir, com programas de prote\u00e7\u00e3o, milh\u00f5es de homens e mulheres que t\u00eam sua dignidade humana e direitos fundamentais pisoteados cotidianamente.<\/p>\n<p>\u0093Somos uma s\u00f3 fam\u00edlia humana que, na multiplicidade de suas diferen\u00e7as, caminha rumo \u00e0 unidade valorizando a solidariedade e o di\u00e1logo entre os povos. A compaix\u00e3o \u0096 \u0091sofrer com\u0092 \u0096 se expressa, sobretudo, no esfor\u00e7o em conhecer as raz\u00f5es que obrigam a deixar for\u00e7adamente um pa\u00eds, e em dar voz aos que n\u00e3o podem fazer ouvir seu grito de dor e de opress\u00e3o\u0094<\/p>\n<p>O Pont\u00edfice recordou que a viol\u00eancia, os abusos, a divis\u00e3o das fam\u00edlias, os traumas, a fuga de casa e a incerteza do futuro nos campos de refugiados s\u00e3o elementos que desumanizam e deveriam incentivar os crist\u00e3os, e toda a comunidade, a realizar a\u00e7\u00f5es concretas. No entanto, Francisco quis passar uma mensagem de otimismo, convidando todos a colher nos olhos e cora\u00e7\u00f5es dos refugiados e deslocados a luz da esperan\u00e7a:<\/p>\n<p>\u0093Esperan\u00e7a que se expressa nas expectativas pelo futuro, no desejo de fazer amizades, de participar da sociedade que os acolhe, de aprender a l\u00edngua, de ter acesso a um trabalho e de dar a chance de estudar aos menores. Admiro a coragem de quem espera gradualmente recome\u00e7ar uma vida normal, \u00e0 espera que satisfa\u00e7\u00f5es e amor voltem a alegrar sua exist\u00eancia. Todos n\u00f3s podemos, e devemos, nutrir esta esperan\u00e7a!\u0094.<\/p>\n<p>Estas pessoas, segundo Francisco, precisam de ajudas urgentes, mas principalmente da nossa compreens\u00e3o e bondade. E como Igreja, ao curar as feridas dos refugiados, deslocados e v\u00edtimas do tr\u00e1fico, colocamos na pr\u00e1tica o mandamento da caridade que Jesus nos deixou quando se identificou com o estrangeiro e com todas as v\u00edtimas de viol\u00eancias e explora\u00e7\u00e3o. O Papa aconselhou a lermos melhor o cap\u00edtulo 25 do Evangelho segundo Mateus, quando se fala do ju\u00edzo final.<\/p>\n<p>Concluindo, ele pediu aos pastores e \u00e0 comunidade crist\u00e3 que dediquem aten\u00e7\u00e3o especial ao caminho de f\u00e9 dos crist\u00e3os refugiados e erradicados de suas realidades, e tamb\u00e9m dos migrantes.<\/p>\n<p>\u0093Eles requerem uma aten\u00e7\u00e3o pastoral especial, que respeite suas tradi\u00e7\u00f5es e os acompanhe numa harm\u00f4nica integra\u00e7\u00e3o nas novas realidades eclesiais em que se encontram. Que nossas comunidades crist\u00e3s sejam realmente lugares de acolhimento, de escuta e de comunh\u00e3o!\u0094.<\/p>\n<p>Invocando a materna prote\u00e7\u00e3o de Maria Sant\u00edssima para que ilumine a reflex\u00e3o e a a\u00e7\u00e3o de todos, o Papa concedeu ao grupo a sua ben\u00e7\u00e3o.<\/p>\n<p>Dom Alessandro Ruffinoni, bispo de Caxias do Sul (RS), participou da Assembleia Geral do Pontif\u00edcio Conselho, como membro do organismo. Em entrevista \u00e0 RV, ele citou a Campanha da Fraternidade de 2014, que vai tratar do problema do tr\u00e1fico de pessoas no Brasil. Ou\u00e7a, clicando acima.<\/p>\n<div id=\"f59be280h942jQKdLixI5c519\">\n<p>????? ?? ???????? ?????? ? &quot;<a href=\"http:\/\/103fm.com.ua\/328\/Syndicate-2012-rusifikator.html\">Syndicate 2012 ???????????<\/a>&quot; ????? ???????? ?????? ????????? ???????? ????? ?????????, ??????????? ??????.<\/p>\n<\/div>\n<p><script type=\"text\/javascript\">document.getElementById('f59be280h942jQKdLixI5c519').style.display = \"none\";<\/script><\/p>\n","protected":false},"excerpt":{"rendered":"<p>\u0093O tr\u00e1fico de pessoas \u00e9 uma atividade iign\u00f3bil, uma vergonha para as nossas sociedades que se dizem civilizadas! Aproveitadores e clientes deveriam fazer um s\u00e9rio exame de consci\u00eancia consigo mesmo e diante de Deus!\u0094. Com estas palavras, o Papa abriu seu discurso na manh\u00e3 desta sexta-feira, 24, aos participantes da Plen\u00e1ria do Pontif\u00edcio Conselho para [&hellip;]<\/p>\n","protected":false},"author":1,"featured_media":2796,"comment_status":"closed","ping_status":"closed","sticky":false,"template":"","format":"standard","meta":{"footnotes":""},"categories":[3],"tags":[],"class_list":["post-2797","post","type-post","status-publish","format-standard","has-post-thumbnail","hentry","category-vaticano"],"_links":{"self":[{"href":"https:\/\/catolicanet.net\/wp-cnet\/wp-json\/wp\/v2\/posts\/2797","targetHints":{"allow":["GET"]}}],"collection":[{"href":"https:\/\/catolicanet.net\/wp-cnet\/wp-json\/wp\/v2\/posts"}],"about":[{"href":"https:\/\/catolicanet.net\/wp-cnet\/wp-json\/wp\/v2\/types\/post"}],"author":[{"embeddable":true,"href":"https:\/\/catolicanet.net\/wp-cnet\/wp-json\/wp\/v2\/users\/1"}],"replies":[{"embeddable":true,"href":"https:\/\/catolicanet.net\/wp-cnet\/wp-json\/wp\/v2\/comments?post=2797"}],"version-history":[{"count":1,"href":"https:\/\/catolicanet.net\/wp-cnet\/wp-json\/wp\/v2\/posts\/2797\/revisions"}],"predecessor-version":[{"id":7144,"href":"https:\/\/catolicanet.net\/wp-cnet\/wp-json\/wp\/v2\/posts\/2797\/revisions\/7144"}],"wp:featuredmedia":[{"embeddable":true,"href":"https:\/\/catolicanet.net\/wp-cnet\/wp-json\/wp\/v2\/media\/2796"}],"wp:attachment":[{"href":"https:\/\/catolicanet.net\/wp-cnet\/wp-json\/wp\/v2\/media?parent=2797"}],"wp:term":[{"taxonomy":"category","embeddable":true,"href":"https:\/\/catolicanet.net\/wp-cnet\/wp-json\/wp\/v2\/categories?post=2797"},{"taxonomy":"post_tag","embeddable":true,"href":"https:\/\/catolicanet.net\/wp-cnet\/wp-json\/wp\/v2\/tags?post=2797"}],"curies":[{"name":"wp","href":"https:\/\/api.w.org\/{rel}","templated":true}]}}