{"id":2795,"date":"2013-05-24T16:35:07","date_gmt":"2013-05-24T19:35:07","guid":{"rendered":"http:\/\/catolicanet.net\/wp-cnet\/redes-sociais-verdade-e-fe\/"},"modified":"2017-03-22T09:46:52","modified_gmt":"2017-03-22T12:46:52","slug":"redes-sociais-verdade-e-fe","status":"publish","type":"post","link":"https:\/\/catolicanet.net\/wp-cnet\/redes-sociais-verdade-e-fe\/","title":{"rendered":"Redes sociais, verdade e f\u00e9"},"content":{"rendered":"<p style=\"text-align: justify;\"><img decoding=\"async\" src=\"http:\/\/www.catolicanet.com.br\/images\/stories\/facebook.jpg\" border=\"0\" align=\"left\" \/>Cinquenta anos atr\u00e1s, em dezembro de 1963, a Igreja Cat\u00f3lica, ao realizar o Conc\u00edlio Ecum\u00eanico Vaticano II, tratou o importante tema da Comunica\u00e7\u00e3o Social, com o Decreto Inter Mirifica. Focalizada como uma das maravilhosas interven\u00e7\u00f5es da t\u00e9cnica no nosso tempo, a comunica\u00e7\u00e3o social com todas as m\u00eddias, \u00e9 considerada como for\u00e7a de movimenta\u00e7\u00e3o, n\u00e3o somente dos indiv\u00edduos, mas de toda a sociedade. Nesse curso de inven\u00e7\u00f5es admir\u00e1veis est\u00e1 o mundo cibern\u00e9tico. Uma revolu\u00e7\u00e3o de impressionantes propor\u00e7\u00f5es que nos leva ao contexto impactante das redes sociais. Essa realidade, bastante contempor\u00e2nea, foi especialmente refletida durante o 47\u00ba Dia Mundial das Comunica\u00e7\u00f5es Sociais, no \u00e2mbito da Igreja Cat\u00f3lica, em todo o mundo, a partir da tem\u00e1tica \u0093Redes sociais: portais de verdade e de f\u00e9; novos espa\u00e7os de evangeliza\u00e7\u00e3o\u0094.<\/p>\n<p>A Igreja sabe que sua miss\u00e3o evangelizadora n\u00e3o pode ser realizada com \u00eaxito nos tempos atuais sem o uso das m\u00eddias. Al\u00e9m disso, reconhece o quanto \u00e9 importante, na tarefa de anunciar o Reino de Deus, contracenar nesse amplo e complexo mundo das comunica\u00e7\u00f5es em raz\u00e3o da verdade e da f\u00e9, dom que \u00e9 preciso ser cultivado no cora\u00e7\u00e3o de todos. J\u00e1 no contexto do Conc\u00edlio Vaticano II, quando eram inimagin\u00e1veis as propor\u00e7\u00f5es e alcances dos avan\u00e7os que estavam por vir, j\u00e1 se acenava para uma dimens\u00e3o moral inerente aos pr\u00f3prios avan\u00e7os tecnol\u00f3gicos. Essa dimens\u00e3o moral n\u00e3o pode ser esquecida, sob pena de transformar ferramentas significativas na constru\u00e7\u00e3o do bem e da verdade em instrumentos que destroem valores inegoci\u00e1veis para a vida.<\/p>\n<p>Indispens\u00e1vel, portanto, \u00e9 que os operadores e usu\u00e1rios de meios de comunica\u00e7\u00e3o balizem suas atua\u00e7\u00f5es numa reta consci\u00eancia que leve ao compromisso com o bem e a verdade, fundamental na constru\u00e7\u00e3o da sociedade democr\u00e1tica e no respeito \u00e0s diversas culturas. Quando se trata, por exemplo, do direito \u00e0 informa\u00e7\u00e3o, t\u00e3o importante para o di\u00e1logo e constru\u00e7\u00e3o da sociedade, s\u00e3o cruciais a investiga\u00e7\u00e3o e a divulga\u00e7\u00e3o de not\u00edcias. Esse exerc\u00edcio hoje, com as redes sociais, firma-se como um cuidado especial presidido por preocupa\u00e7\u00f5es e compromissos imprescind\u00edveis. N\u00e3o se pode, \u00e9 claro, abrir m\u00e3o das informa\u00e7\u00f5es enquanto determinantes no progresso da sociedade, na din\u00e2mica da forma\u00e7\u00e3o e na admir\u00e1vel interdepend\u00eancia entre os membros da sociedade humana.<\/p>\n<p>Nesse contexto, s\u00e3o impressionantes os interc\u00e2mbios, com inusitada rapidez, que podem produzir encaminhamentos com for\u00e7a de mudan\u00e7a, instituindo espa\u00e7os para reflex\u00e3o e opini\u00f5es. Vale lembrar a previs\u00e3o clarividente do Conc\u00edlio Vaticano II como regula\u00e7\u00e3o desses fluxos impactantes dos meios de comunica\u00e7\u00e3o. O documento Inter Mirifica sublinha que o honesto exerc\u00edcio do direito \u00e0 informa\u00e7\u00e3o \u0093exige, todavia, que a comunica\u00e7\u00e3o no seu conte\u00fado seja verdadeira e, resguardadas a justi\u00e7a e a caridade, \u00edntegra; al\u00e9m disso, quanto ao modo, seja honesta e conveniente, isto \u00e9, respeite escrupulosamente as leis morais, os seus leg\u00edtimos direitos e a dignidade de cada homem, tanto na procura de not\u00edcias quanto na sua divulga\u00e7\u00e3o\u0094.<\/p>\n<p>A aten\u00e7\u00e3o e zelo com o uso das redes sociais devem, portanto, favorecer sempre o di\u00e1logo, o nascimento de novas formas de comunidades e a constru\u00e7\u00e3o da vida por meio de novas rela\u00e7\u00f5es. Um horizonte, de fato, potencialmente rico, mas que apresenta uma s\u00e9rie de exig\u00eancias e cuidados. Pode ser um caminho para necess\u00e1rias transforma\u00e7\u00f5es sociopol\u00edticas, permitindo a constru\u00e7\u00e3o de estaturas mais democr\u00e1ticas e human\u00edsticas nas din\u00e2micas das diferentes culturas. Para tal, esses espa\u00e7os precisam ser bem usados, respeitando privacidades, ocupados de modo respons\u00e1vel e a partir do compromisso com a verdade, determinante para o progresso de toda a fam\u00edlia humana.<\/p>\n<p>As redes sociais constituem possibilidades permanentes para o desenvolvimento de rela\u00e7\u00f5es, la\u00e7os de amizade, busca de respostas e partilha de conhecimento. S\u00e3o parte determinante do tecido social. No entanto, e por isso mesmo, exigem redobrada aten\u00e7\u00e3o e compromisso com a verdade. A voz da raz\u00e3o, na avalanche de informa\u00e7\u00f5es, nas possibilidades de participa\u00e7\u00e3o e interc\u00e2mbios, n\u00e3o pode ser abafada. As argumenta\u00e7\u00f5es, not\u00edcias e debates precisam ser bem fundamentados cultivando formas de discurso que n\u00e3o sacrifiquem aspira\u00e7\u00f5es nobres, insubstitu\u00edveis na busca do bem e da verdade.<\/p>\n<p>Nesse caminho, a f\u00e9 tem um lugar importante. Vivida, professada e anunciada no ambiente digital, ela \u00e9 um compromisso da Igreja Cat\u00f3lica na miss\u00e3o de cultivar os valores do Evangelho nos espa\u00e7os midi\u00e1ticos. Por isso, a CNBB est\u00e1 finalizando seu Diret\u00f3rio Nacional de Comunica\u00e7\u00e3o, uma contribui\u00e7\u00e3o significativa para que a verdade e a f\u00e9 sejam sempre horizontes imprescind\u00edveis para os caminhos dos diversos meios de comunica\u00e7\u00e3o.<\/p>\n<p>Dom Walmor Oliveira de Azevedo<br \/>Arcebispo metropolitano de Belo Horizonte<\/p>\n<p style=\"text-align: justify;\">Fonte: R\u00e1dio Vaticano<\/p>\n","protected":false},"excerpt":{"rendered":"<p>Cinquenta anos atr\u00e1s, em dezembro de 1963, a Igreja Cat\u00f3lica, ao realizar o Conc\u00edlio Ecum\u00eanico Vaticano II, tratou o importante tema da Comunica\u00e7\u00e3o Social, com o Decreto Inter Mirifica. Focalizada como uma das maravilhosas interven\u00e7\u00f5es da t\u00e9cnica no nosso tempo, a comunica\u00e7\u00e3o social com todas as m\u00eddias, \u00e9 considerada como for\u00e7a de movimenta\u00e7\u00e3o, n\u00e3o somente [&hellip;]<\/p>\n","protected":false},"author":1,"featured_media":2794,"comment_status":"closed","ping_status":"closed","sticky":false,"template":"","format":"standard","meta":{"footnotes":""},"categories":[4],"tags":[],"class_list":["post-2795","post","type-post","status-publish","format-standard","has-post-thumbnail","hentry","category-cotidiano"],"_links":{"self":[{"href":"https:\/\/catolicanet.net\/wp-cnet\/wp-json\/wp\/v2\/posts\/2795","targetHints":{"allow":["GET"]}}],"collection":[{"href":"https:\/\/catolicanet.net\/wp-cnet\/wp-json\/wp\/v2\/posts"}],"about":[{"href":"https:\/\/catolicanet.net\/wp-cnet\/wp-json\/wp\/v2\/types\/post"}],"author":[{"embeddable":true,"href":"https:\/\/catolicanet.net\/wp-cnet\/wp-json\/wp\/v2\/users\/1"}],"replies":[{"embeddable":true,"href":"https:\/\/catolicanet.net\/wp-cnet\/wp-json\/wp\/v2\/comments?post=2795"}],"version-history":[{"count":1,"href":"https:\/\/catolicanet.net\/wp-cnet\/wp-json\/wp\/v2\/posts\/2795\/revisions"}],"predecessor-version":[{"id":7145,"href":"https:\/\/catolicanet.net\/wp-cnet\/wp-json\/wp\/v2\/posts\/2795\/revisions\/7145"}],"wp:featuredmedia":[{"embeddable":true,"href":"https:\/\/catolicanet.net\/wp-cnet\/wp-json\/wp\/v2\/media\/2794"}],"wp:attachment":[{"href":"https:\/\/catolicanet.net\/wp-cnet\/wp-json\/wp\/v2\/media?parent=2795"}],"wp:term":[{"taxonomy":"category","embeddable":true,"href":"https:\/\/catolicanet.net\/wp-cnet\/wp-json\/wp\/v2\/categories?post=2795"},{"taxonomy":"post_tag","embeddable":true,"href":"https:\/\/catolicanet.net\/wp-cnet\/wp-json\/wp\/v2\/tags?post=2795"}],"curies":[{"name":"wp","href":"https:\/\/api.w.org\/{rel}","templated":true}]}}