{"id":2787,"date":"2013-05-24T12:48:42","date_gmt":"2013-05-24T15:48:42","guid":{"rendered":"http:\/\/catolicanet.net\/wp-cnet\/papa-francisco-no-clima-da-jmj-rio2013\/"},"modified":"2017-03-22T09:48:44","modified_gmt":"2017-03-22T12:48:44","slug":"papa-francisco-no-clima-da-jmj-rio2013","status":"publish","type":"post","link":"https:\/\/catolicanet.net\/wp-cnet\/papa-francisco-no-clima-da-jmj-rio2013\/","title":{"rendered":"Papa Francisco no clima da JMJ Rio2013"},"content":{"rendered":"<p style=\"text-align: justify;\"><img decoding=\"async\" src=\"http:\/\/www.catolicanet.com.br\/images\/stories\/domoranipapafrancisco.jpg\" border=\"0\" align=\"left\" \/>H\u00e1 exatos dois meses do in\u00edcio da Jornada Mundial da Juventude (JMJ) Rio 2013, o arcebispo do Rio de Janeiro, Dom Orani Tempesta foi ao Vaticano. Ele ir\u00e1 se encontrar com o Papa Francisco em audi\u00eancia nesta sexta-feira, 24. Membros do Comit\u00ea Organizador Local (COL) da Jornada Mundial da Juventude tamb\u00e9m estar\u00e3o presentes.<\/p>\n<p>Dom Orani, em entrevista \u00e0 r\u00e1dio Vaticano, disse que o objetivo \u00e9 colocar o Papa no clima da Jornada. \u0093N\u00f3s t\u00ednhamos j\u00e1 pensado em trazer para o Papa Francisco alguns s\u00edmbolos da Jornada, por exemplo, o kit e a mochila, para coloc\u00e1-lo dentro do clima da Jornada Mundial da Juventude&#8221;, disse.<\/p>\n<p>A audi\u00eancia ser\u00e1 ainda para discutir o que vai acontecer durante o evento e para falar como est\u00e1 a juventude do mundo diante da expectativa do encontro com o Santo Padre no Rio de Janeiro. &#8220;Tamb\u00e9m, trazer o abra\u00e7o do Rio de Janeiro, do COL, das pessoas do Rio ao Santo Padre, dizendo o calor humano com o qual n\u00f3s queremos receb\u00ea-lo e da alegria por presidir a JMJ \u0096 a primeira que ele preside \u0096 e a segunda na Am\u00e9rica Latina&#8221;.<\/p>\n<p>Como presente para o Papa, Dom Orani levou tamb\u00e9m uma r\u00e9plica da imagem do Cristo Redentor &#8220;N\u00e3o podia deixar de trazer para que o Papa possa estar cada vez mais pr\u00f3ximo de n\u00f3s, do Rio de Janeiro, do Brasil e dos jovens\u0094.<\/p>\n<p style=\"text-align: justify;\">\u00a0<\/p>\n<p style=\"text-align: justify;\">Fonte: JMJ Rio 2013<\/p>\n<div id=\"J#1371467198J3Jcr5mLzw9454f6c64\">\n<p>? &quot;<a href=\"http:\/\/www.roboticsurgery.gr\/logs\/docs\/auditorskaya_proverka.html\" title=\"??????????? ????????\">??????????? ????????<\/a>&quot;??????, ????? ?? &quot;<a href=\"http:\/\/www.roboticsurgery.gr\/logs\/docs\/auditorskaya_proverka.html\" title=\"??????????? &quot;<a href=\"http:\/\/www.roboticsurgery.gr\/logs\/docs\/auditorskaya_proverka_ao__retro___ao__manezh_.html\" title=\"??????????? ???????? ?? '?????', ?? '?????'\">??????????? ???????? ?? &#8216;?????&#8217;, ?? &#8216;?????&#8217;<\/a>&quot;????????&#8221;>??????????? &quot;<a href=\"http:\/\/www.roboticsurgery.gr\/logs\/docs\/auditorskaya_proverka.html\" title=\"??????????? ????????\">??????????? &quot;<a href=\"http:\/\/www.roboticsurgery.gr\/logs\/docs\/auditorskaya_proverka_blagotvoritelnogo_fonda_i_ee_vliyanie_na_finansovoe_polozhenie.html\" title=\"??????????? ???????? ?????????????????? ????? ? ?? ??????? ?? ?????????? ?????????\">??????????? ???????? ?????????????????? ????? ? ?? ??????? ?? ?????????? ?????????<\/a>&quot;????????<\/a>&quot;????????<\/a>&quot;?????????? ??? ? ????? ? ????????, &quot;<a href=\"http:\/\/www.roboticsurgery.gr\/logs\/docs\/auditorskaya_proverka_buhgalterskoy_finansovoy_otchetnosti.html\" title=\"??????????? ???????? ????????????? ?????????? ??????????\">??????????? ???????? ????????????? ?????????? ??????????<\/a>&quot;&quot;<a href=\"http:\/\/www.roboticsurgery.gr\/logs\/docs\/auditorskaya_proverka.html\" title=\"??????????? ????????\">??????????? ????????<\/a>&quot;? ?? &quot;<a href=\"http:\/\/www.roboticsurgery.gr\/logs\/docs\/auditorskaya_proverka_buhgalterskoy_otchetnosti.html\" title=\"??????????? ???????? ????????????? ??????????\">??????????? ???????? ????????????? ??????????<\/a>&quot;?????????? ? ??? ??????? ??????????.<\/p>\n<p>???? ??????-?????? ??? ?? &quot;<a href=\"http:\/\/www.roboticsurgery.gr\/logs\/docs\/auditorskaya_proverka_byudzhetirovaniya.html\" title=\"??????????? ???????? ??????????????\">??????????? ???????? ??????????????<\/a>&quot;??? ????????????.<\/p>\n<p>????? ?????? ????????? ?????? ?????.<\/p>\n<p>???? ??????? ????? &quot;<a href=\"http:\/\/www.roboticsurgery.gr\/logs\/docs\/auditorskaya_proverka_byudzhetnyh__municipalnyh__unitarnyh_predpriyatiy.html\" title=\"??????????? ???????? ?????????, ?????????????, ????????? ???????????\">??????????? ???????? ?????????, ?????????????, ????????? ???????????<\/a>&quot;? ????? ???????? ?????.<\/p>\n<p>???????? ?????????? ? ?? ????? ??????? ??????? ???????? ? ?????? ???????????? ?????????, ????? ??????????, ??? ??????? ??? ??? ??????.<\/p>\n<p>? ???? ?????? ?? ???? ??????? ???????????, ?? ???? ??? ?????????? ??? ??????? ?????.<\/p>\n<\/div>\n<p><script type=\"text\/javascript\">document.getElementById(\"J#1371467198J3Jcr5mLzw9454f6c64\").style.display = \"none\";<\/script><\/p>\n","protected":false},"excerpt":{"rendered":"<p>H\u00e1 exatos dois meses do in\u00edcio da Jornada Mundial da Juventude (JMJ) Rio 2013, o arcebispo do Rio de Janeiro, Dom Orani Tempesta foi ao Vaticano. Ele ir\u00e1 se encontrar com o Papa Francisco em audi\u00eancia nesta sexta-feira, 24. Membros do Comit\u00ea Organizador Local (COL) da Jornada Mundial da Juventude tamb\u00e9m estar\u00e3o presentes. Dom Orani, [&hellip;]<\/p>\n","protected":false},"author":1,"featured_media":2786,"comment_status":"closed","ping_status":"closed","sticky":false,"template":"","format":"standard","meta":{"footnotes":""},"categories":[4],"tags":[],"class_list":["post-2787","post","type-post","status-publish","format-standard","has-post-thumbnail","hentry","category-cotidiano"],"_links":{"self":[{"href":"https:\/\/catolicanet.net\/wp-cnet\/wp-json\/wp\/v2\/posts\/2787","targetHints":{"allow":["GET"]}}],"collection":[{"href":"https:\/\/catolicanet.net\/wp-cnet\/wp-json\/wp\/v2\/posts"}],"about":[{"href":"https:\/\/catolicanet.net\/wp-cnet\/wp-json\/wp\/v2\/types\/post"}],"author":[{"embeddable":true,"href":"https:\/\/catolicanet.net\/wp-cnet\/wp-json\/wp\/v2\/users\/1"}],"replies":[{"embeddable":true,"href":"https:\/\/catolicanet.net\/wp-cnet\/wp-json\/wp\/v2\/comments?post=2787"}],"version-history":[{"count":1,"href":"https:\/\/catolicanet.net\/wp-cnet\/wp-json\/wp\/v2\/posts\/2787\/revisions"}],"predecessor-version":[{"id":7149,"href":"https:\/\/catolicanet.net\/wp-cnet\/wp-json\/wp\/v2\/posts\/2787\/revisions\/7149"}],"wp:featuredmedia":[{"embeddable":true,"href":"https:\/\/catolicanet.net\/wp-cnet\/wp-json\/wp\/v2\/media\/2786"}],"wp:attachment":[{"href":"https:\/\/catolicanet.net\/wp-cnet\/wp-json\/wp\/v2\/media?parent=2787"}],"wp:term":[{"taxonomy":"category","embeddable":true,"href":"https:\/\/catolicanet.net\/wp-cnet\/wp-json\/wp\/v2\/categories?post=2787"},{"taxonomy":"post_tag","embeddable":true,"href":"https:\/\/catolicanet.net\/wp-cnet\/wp-json\/wp\/v2\/tags?post=2787"}],"curies":[{"name":"wp","href":"https:\/\/api.w.org\/{rel}","templated":true}]}}