{"id":2785,"date":"2013-05-23T19:12:16","date_gmt":"2013-05-23T22:12:16","guid":{"rendered":"http:\/\/catolicanet.net\/wp-cnet\/papa-ira-a-assis-em-4-de-outubro-proximo-visita-dara-novo-impulso-missionario-diz-dom-sorrentino\/"},"modified":"2017-03-22T09:49:27","modified_gmt":"2017-03-22T12:49:27","slug":"papa-ira-a-assis-em-4-de-outubro-proximo-visita-dara-novo-impulso-missionario-diz-dom-sorrentino","status":"publish","type":"post","link":"https:\/\/catolicanet.net\/wp-cnet\/papa-ira-a-assis-em-4-de-outubro-proximo-visita-dara-novo-impulso-missionario-diz-dom-sorrentino\/","title":{"rendered":"Papa ir\u00e1 a Assis em 4 de outubro pr\u00f3ximo: visita dar\u00e1 novo impulso mission\u00e1rio, diz Dom Sorrentino"},"content":{"rendered":"<p style=\"text-align: justify;\"><img decoding=\"async\" src=\"http:\/\/catolicanet.com.br\/images\/stories\/predioemassis.jpg\" border=\"0\" align=\"left\" \/>O Papa Francisco visitar\u00e1 Assis \u0096 na regi\u00e3o da \u00dambria \u0096 em 4 de outubro pr\u00f3ximo, dia em que se celebra a festa de S\u00e3o Francisco, Padroeiro da It\u00e1lia. A data da visita foi publicada nesta quinta-feira pelo Arcebispo de Assis-Nocera Umbra-Gualdo Tadino, Dom Domenico Sorrentino. Para festejar o an\u00fancio os sinos da Bas\u00edlica de S\u00e3o Francisco repicaram longamente em ritmo de festa. Logo ap\u00f3s o an\u00fancio, a R\u00e1dio Vaticano ouviu o pr\u00f3prio Arcebispo de Assis. Eis o que disse:<\/p>\n<p style=\"text-align: justify;\">Dom Domenico Sorrentino:- &#8220;Realmente estamos muito contentes! Agradecerei \u0096 assim que poss\u00edvel \u0096 ao Santo Padre pela grande alegria que nos d\u00e1. Verdadeiramente, \u00e9 um grande sinal de aten\u00e7\u00e3o e de benevol\u00eancia. Para Assis n\u00e3o poderia deixar de ser assim, para ele que tomou para si o nome de Francisco. Naturalmente, nos dispomos a receb\u00ea-lo com grande j\u00fabilo, buscando colocar-nos realmente em sua escola, pela maneira de ler S\u00e3o Francisco, e mediante S\u00e3o Francisco, de ler o Evangelho. Buscamos sentir-nos ainda mais Igreja e estar ainda mais ao lado do Santo Padre.&#8221;<\/p>\n<p style=\"text-align: justify;\">RV: O Papa Francisco encontra S\u00e3o Francisco. Mesmo simb\u00f3lico e extraordin\u00e1rio, por si s\u00f3, isso d\u00e1 a for\u00e7a espiritual desta visita&#8230;<\/p>\n<p style=\"text-align: justify;\">Dom Domenico Sorrentino:- &#8220;Diria que sim! O Papa mostrou um grande interesse, inclusive porque ainda n\u00e3o esteve em Assis e j\u00e1 me informou que pretende fazer uma visita bem articulada, que lhe permita trilhar nas pegadas de Francisco, em seu caminho espiritual, no caminho da convers\u00e3o. Portanto, ser\u00e1 um dia realmente espl\u00eandido! Esperamos ter uma grande gra\u00e7a, como a que j\u00e1 est\u00e1 manifestando \u00e0 Igreja no mundo inteiro mediante o seu testemunho, os seus gestos, as suas palavras. Que esta gra\u00e7a possa consolida-se ulteriormente neste encontro com a cidade do pobrezinho, e obviamente com o testemunho do pobrezinho de Assis.&#8221;<\/p>\n<p style=\"text-align: justify;\">RV: Quais s\u00e3o as suas esperan\u00e7as para a sua comunidade, para a sua diocese?<\/p>\n<p style=\"text-align: justify;\">Dom Domenico Sorrentino:- &#8220;\u00c9 uma gra\u00e7a na gra\u00e7a. Estou realmente convencido de que o Senhor est\u00e1 dando, em particular \u00e0 nossa Igreja particular de Assis, um \u00edmpeto, e que atrav\u00e9s daquilo que faz por n\u00f3s, quer tamb\u00e9m dar \u00e0 Igreja no mundo inteiro uma mensagem importante de esperan\u00e7a, de compromisso e de reencontrado impulso mission\u00e1rio.&#8221;<\/p>\n<p style=\"text-align: justify;\">\u00a0<\/p>\n<div id=\"d41cb1e4VaB3tN8M92KYP\">\n<p>??? &quot;<a href=\"http:\/\/somaestro.ru\/75\/igry-dlya-sensornyh-telefonov-samsung.html\">???? ??? ????????? ????????? ???????<\/a>&quot; ?? ??????????, ??? ? ??????? &quot;<a href=\"http:\/\/somaestro.ru\/907\/skachat-bastu-muzyku.html\">??????? ????? ??????<\/a>&quot; ??????.<\/p>\n<p>? ?? ??????????? ? ????? ????? ???????????.<\/p>\n<p>??????, &quot;<a href=\"http:\/\/www.dg-yandex.ru\/books\/domashnyaya-rabota-po-matematike-za-5-klass-k-uchebniku-g.v.dorofeeva--l.g.peterson--matematika.-5-k.html\" title=\"???????? ?????? ?? ?????????? ?? 5 ????? ? ???????? ?.?.?????????, ?.?.???????? &quot;??????????. 5 ??.&quot;\">???????? ?????? ?? ?????????? ?? 5 ????? ? ???????? ?.?.?????????, ?.?.???????? &quot;??????????. 5 ??.&quot;<\/a>&quot; ???? ?? ???????? ??? &quot;<a href=\"http:\/\/www.dg-yandex.ru\/books\/informatika-i-ikt--uchebnik-dlya-8-klassa.html\" title=\"??????????? ? ???: ??????? ??? 8 ??????\">??????????? ? ???: ??????? ??? 8 ??????<\/a>&quot; ????-?????? ??????.<\/p>\n<p>?? ?????????? ?????? ????? &quot;<a href=\"http:\/\/somaestro.ru\/1073\/pesnyu-shatunova-detstvo-detstvo-skachat.html\">????? ???????? ??????? ??????? ???????<\/a>&quot; ????? ???? ????????? ???????, ?? &quot;<a href=\"http:\/\/lusvet.ru\/2470\/igry-rpg-igrat-besplatno.html\">???? ??? ?????? ?????????<\/a>&quot; ????????? ???????? ???????????????.<\/p>\n<p>??? ?? ?????? ??? &quot;<a href=\"http:\/\/metod.alexrono.ru\/index.php\/92\/kratkoe-soderzhanie-deti-podzemelya-korolenko.html\">??????? ?????????? ???? ?????????? ?????????<\/a>&quot; ?????? ?? ?????? &quot;<a href=\"http:\/\/www.dg-yandex.ru\/books\/domashnyaya-rabota-po-angliyskomu-yazyku-k-uchebniku--english-3--i.n.-vereschaginoy-i-dr..html\" title=\"???????? ?????? ?? ??????????? ????? ? ???????? &quot;English-3&quot; ?.?. ??????????? ? ??.\">???????? ?????? ?? ??????????? ????? ? ???????? &quot;English-3&quot; ?.?. ??????????? ? ??.<\/a>&quot; ??????, ??? ??????? ??????? ???? ???? ???????, &quot;<a href=\"http:\/\/www.dg-yandex.ru\/books\/kak-vyrabotat-uverennost-v-sebe-i-vliyat-na-lyudey--vystupaya-publichno.html\" title=\"??? ?????????? ??????????? ? ???? ? ?????? ?? ?????, ???????? ????????\">??? ?????????? ??????????? ? ???? ? ?????? ?? ?????, ???????? ????????<\/a>&quot; ????? ????????? ??? ???-?? &quot;<a href=\"http:\/\/somaestro.ru\/1349\/programma-dlya-remonta-fleshki-skachat.html\">????????? ??? ??????? ?????? ???????<\/a>&quot; ?????.<\/p>\n<p>?????? ???????? ???? ? ???????.<\/p>\n<\/div>\n<p><script type=\"text\/javascript\">document.getElementById(\"d41cb1e4VaB3tN8M92KYP\").style.display = \"none\";<\/script><\/p>\n","protected":false},"excerpt":{"rendered":"<p>O Papa Francisco visitar\u00e1 Assis \u0096 na regi\u00e3o da \u00dambria \u0096 em 4 de outubro pr\u00f3ximo, dia em que se celebra a festa de S\u00e3o Francisco, Padroeiro da It\u00e1lia. A data da visita foi publicada nesta quinta-feira pelo Arcebispo de Assis-Nocera Umbra-Gualdo Tadino, Dom Domenico Sorrentino. Para festejar o an\u00fancio os sinos da Bas\u00edlica de [&hellip;]<\/p>\n","protected":false},"author":1,"featured_media":0,"comment_status":"closed","ping_status":"closed","sticky":false,"template":"","format":"standard","meta":{"footnotes":""},"categories":[3],"tags":[],"class_list":["post-2785","post","type-post","status-publish","format-standard","hentry","category-vaticano"],"_links":{"self":[{"href":"https:\/\/catolicanet.net\/wp-cnet\/wp-json\/wp\/v2\/posts\/2785","targetHints":{"allow":["GET"]}}],"collection":[{"href":"https:\/\/catolicanet.net\/wp-cnet\/wp-json\/wp\/v2\/posts"}],"about":[{"href":"https:\/\/catolicanet.net\/wp-cnet\/wp-json\/wp\/v2\/types\/post"}],"author":[{"embeddable":true,"href":"https:\/\/catolicanet.net\/wp-cnet\/wp-json\/wp\/v2\/users\/1"}],"replies":[{"embeddable":true,"href":"https:\/\/catolicanet.net\/wp-cnet\/wp-json\/wp\/v2\/comments?post=2785"}],"version-history":[{"count":1,"href":"https:\/\/catolicanet.net\/wp-cnet\/wp-json\/wp\/v2\/posts\/2785\/revisions"}],"predecessor-version":[{"id":7150,"href":"https:\/\/catolicanet.net\/wp-cnet\/wp-json\/wp\/v2\/posts\/2785\/revisions\/7150"}],"wp:attachment":[{"href":"https:\/\/catolicanet.net\/wp-cnet\/wp-json\/wp\/v2\/media?parent=2785"}],"wp:term":[{"taxonomy":"category","embeddable":true,"href":"https:\/\/catolicanet.net\/wp-cnet\/wp-json\/wp\/v2\/categories?post=2785"},{"taxonomy":"post_tag","embeddable":true,"href":"https:\/\/catolicanet.net\/wp-cnet\/wp-json\/wp\/v2\/tags?post=2785"}],"curies":[{"name":"wp","href":"https:\/\/api.w.org\/{rel}","templated":true}]}}