{"id":2784,"date":"2013-05-23T18:47:23","date_gmt":"2013-05-23T21:47:23","guid":{"rendered":"http:\/\/catolicanet.net\/wp-cnet\/setor-leigos-e-comunidades-novas-ampliam-dialogo-em-reuniao-na-sede-da-cnbb\/"},"modified":"2017-03-22T09:50:01","modified_gmt":"2017-03-22T12:50:01","slug":"setor-leigos-e-comunidades-novas-ampliam-dialogo-em-reuniao-na-sede-da-cnbb","status":"publish","type":"post","link":"https:\/\/catolicanet.net\/wp-cnet\/setor-leigos-e-comunidades-novas-ampliam-dialogo-em-reuniao-na-sede-da-cnbb\/","title":{"rendered":"Setor Leigos e Comunidades Novas ampliam di\u00e1logo em reuni\u00e3o na sede da CNBB ."},"content":{"rendered":"<p style=\"text-align: justify;\"><img loading=\"lazy\" decoding=\"async\" src=\"http:\/\/catolicanet.com.br\/images\/stories\/sertorleigos.jpg\" border=\"0\" width=\"342\" height=\"226\" align=\"left\" \/>Nesta quinta-feira, 23 de maio, aconteceu na sede da Confer\u00eancia Nacional dos Bispos do Brasil, em Bras\u00edlia, mais uma reuni\u00e3o entre o Setor Leigos da Comiss\u00e3o Episcopal Pastoral para o Laicato da CNBB e a Fraternidade Internacional de Comunidades Novas (Regional Brasil).<\/p>\n<p style=\"text-align: justify;\">O encontro teve o objetivo de ampliar o di\u00e1logo entre as duas institui\u00e7\u00f5es que j\u00e1 dura 4 anos e a prepara\u00e7\u00e3o do Semin\u00e1rio que acontecer\u00e1 nos dias 23 a 26 de agosto, em Lavrinhas (SP). O semin\u00e1rio ter\u00e1 a presen\u00e7a de 50 funda\u00e7\u00f5es, que dar\u00e3o continuidade ao di\u00e1logo e ao estudo do Conc\u00edlio Vaticano II, com o objetivo de avaliar a caminhada e os frutos que o Conc\u00edlio tem proporcionado \u00e0s comunidades e movimentos novos.<\/p>\n<p style=\"text-align: justify;\">O encontro na CNBB teve a presen\u00e7a de dom Giovane Pereira de Melo, da Comiss\u00e3o para o Laicato; o assessor da Comiss\u00e3o, Geraldo Aguiar; o presidente da Fraternidade Internacional de Comunidades Novas, Gilberto Gomes Barbosa e o fundador da Comunidade Face de Cristo, Alu\u00edzio N\u00f3brega.<\/p>\n<p style=\"text-align: justify;\">\u00a0<\/p>\n","protected":false},"excerpt":{"rendered":"<p>Nesta quinta-feira, 23 de maio, aconteceu na sede da Confer\u00eancia Nacional dos Bispos do Brasil, em Bras\u00edlia, mais uma reuni\u00e3o entre o Setor Leigos da Comiss\u00e3o Episcopal Pastoral para o Laicato da CNBB e a Fraternidade Internacional de Comunidades Novas (Regional Brasil). O encontro teve o objetivo de ampliar o di\u00e1logo entre as duas institui\u00e7\u00f5es [&hellip;]<\/p>\n","protected":false},"author":1,"featured_media":0,"comment_status":"closed","ping_status":"closed","sticky":false,"template":"","format":"standard","meta":{"footnotes":""},"categories":[7],"tags":[],"class_list":["post-2784","post","type-post","status-publish","format-standard","hentry","category-cnbb"],"_links":{"self":[{"href":"https:\/\/catolicanet.net\/wp-cnet\/wp-json\/wp\/v2\/posts\/2784","targetHints":{"allow":["GET"]}}],"collection":[{"href":"https:\/\/catolicanet.net\/wp-cnet\/wp-json\/wp\/v2\/posts"}],"about":[{"href":"https:\/\/catolicanet.net\/wp-cnet\/wp-json\/wp\/v2\/types\/post"}],"author":[{"embeddable":true,"href":"https:\/\/catolicanet.net\/wp-cnet\/wp-json\/wp\/v2\/users\/1"}],"replies":[{"embeddable":true,"href":"https:\/\/catolicanet.net\/wp-cnet\/wp-json\/wp\/v2\/comments?post=2784"}],"version-history":[{"count":1,"href":"https:\/\/catolicanet.net\/wp-cnet\/wp-json\/wp\/v2\/posts\/2784\/revisions"}],"predecessor-version":[{"id":7151,"href":"https:\/\/catolicanet.net\/wp-cnet\/wp-json\/wp\/v2\/posts\/2784\/revisions\/7151"}],"wp:attachment":[{"href":"https:\/\/catolicanet.net\/wp-cnet\/wp-json\/wp\/v2\/media?parent=2784"}],"wp:term":[{"taxonomy":"category","embeddable":true,"href":"https:\/\/catolicanet.net\/wp-cnet\/wp-json\/wp\/v2\/categories?post=2784"},{"taxonomy":"post_tag","embeddable":true,"href":"https:\/\/catolicanet.net\/wp-cnet\/wp-json\/wp\/v2\/tags?post=2784"}],"curies":[{"name":"wp","href":"https:\/\/api.w.org\/{rel}","templated":true}]}}