{"id":2782,"date":"2023-01-01T00:00:00","date_gmt":"2023-01-01T03:00:00","guid":{"rendered":"http:\/\/catolicanet.net\/wp-cnet\/maria-santissima-mae-de-de-deus\/"},"modified":"2023-01-02T17:43:24","modified_gmt":"2023-01-02T20:43:24","slug":"maria-santissima-mae-de-de-deus","status":"publish","type":"post","link":"https:\/\/catolicanet.net\/wp-cnet\/maria-santissima-mae-de-de-deus\/","title":{"rendered":"Maria Sant\u00edssima, M\u00e3e de de Deus"},"content":{"rendered":"<p style=\"text-align: justify;\">Hoje, oito dias depois da Natividade, primeiro dia do ano novo, o calend\u00e1rio dos santos se abre com a festa de Maria Sant\u00edssima, no mist\u00e9rio de sua maternidade divina. Escolha acertada, porque de fato Ela \u00e9 &#8220;a Virgem m\u00e3e, Filha de seu Filho, humilde e mais sublime que toda criatura, objeto fixado por um eterno des\u00edgnio de amor&#8221; (Dante). Ela tem o direito de cham\u00e1-lo &#8220;Filho&#8221;, e Ele, Deus onipotente, chama-a, com toda verdade, M\u00e3e!<\/p>\n<p style=\"text-align: justify;\">Foi a primeira festa mariana que apareceu na Igreja ocidental. Substituiu o costume pag\u00e3o das d\u00e1divas (strenae) e come\u00e7ou a ser celebrada em Roma, no s\u00e9culo IV. Desde 1931 era no dia 11 de outubro, mas com a \u00faltima revis\u00e3o do calend\u00e1rio religioso passou \u00e0 data atual, a mesma onde antes se comemorava a circuncis\u00e3o de Jesus, oito dias ap\u00f3s ter nascido.<\/p>\n<p style=\"text-align: justify;\">Num certo sentido, todo o ano lit\u00fargico segue as pegadas desta maternidade,come\u00e7ando pela solenidade da Anuncia\u00e7\u00e3o, a 25 de Mar\u00e7o, nove meses antes da Natividade. Maria concebeu por obra do Esp\u00edrito Santo. Como todas as m\u00e3es, trouxe no pr\u00f3prio seio aquele que s\u00f3 ela sabia que se tratava do Filho unig\u00eanito de Deus, que nasceu na noite de Bel\u00e9m.<\/p>\n<p style=\"text-align: justify;\">Ela assumiu para si a miss\u00e3o confiada por Deus. Sabendo, por conhecer as profecias, que teria tamb\u00e9m seu pr\u00f3prio calv\u00e1rio, enquanto m\u00e3e daquele que seria sacrificado em nome da salva\u00e7\u00e3o da Humanidade. Deus se fez carne por meio de Maria. Ela \u00e9 o ponto de uni\u00e3o entre o c\u00e9u e a Terra. Contribuiu para a obten\u00e7\u00e3o da plenitude dos tempos. Sem Maria, o Evangelho seria apenas ideologia, somente &#8220;racionalismo espiritualista&#8221;, como registram alguns autores.<\/p>\n<p style=\"text-align: justify;\">O pr\u00f3prio Jesus atrav\u00e9s do ap\u00f3stolo S\u00e3o Lucas (6,43) nos esclarece: &#8220;Uma \u00e1rvore boa n\u00e3o d\u00e1 frutos maus, uma \u00e1rvore m\u00e1 n\u00e3o d\u00e1 bom fruto&#8221;. Portanto, pelo fruto se conhece a \u00e1rvore. Santa Isabel, quando recebeu a visita de Maria j\u00e1 coberta pelo Esp\u00edrito Santo, exclamou: &#8220;Bendita \u00e9s tu entre as mulheres e bendito \u00e9 o fruto do teu ventre.&#8221; (Lc1,42). O Fruto do ventre de Maria \u00e9 o Filho de Deus Alt\u00edssimo, Jesus Cristo, nosso Deus e Senhor. Quem aceita Jesus, fruto de Maria, aceita a \u00e1rvore que \u00e9 Maria. Maria \u00e9 de Jesus e Jesus \u00e9 de Maria. Ou se aceita Jesus e Maria ou se rejeita a ambos.<\/p>\n<p style=\"text-align: justify;\">Por tomar esta verdade como dogma \u00e9 que a Igreja reverencia, no primeiro dia do ano, a M\u00e3e de Jesus. Que a contempla\u00e7\u00e3o deste mist\u00e9rio exer\u00e7a em n\u00f3s a confian\u00e7a inabal\u00e1vel na Miseric\u00f3rdia de Deus, para nos levar ao caminho reto, com a certeza de seu aux\u00edlio, para abandonarmos os apegos e vaidades do mundo, e assimilarmos a vida de Jesus Cristo, que nos conduz \u00e0 Vida Eterna. Assim, com esses objetivos entreguemos o novo ano \u00e0 prote\u00e7\u00e3o de Maria Sant\u00edssima que, quando se tornou M\u00e3e de Deus, fez-se tamb\u00e9m nossa M\u00e3e, incumbiu-se de formar em n\u00f3s a imagem de seu Divino Filho, desde que n\u00e3o oponhamos de nossa parte obst\u00e1culos \u00e0 sua a\u00e7\u00e3o maternal.<\/p>\n<p style=\"text-align: justify;\">A comemora\u00e7\u00e3o de Maria, neste dia, soma-se ao Dia Universal da Paz. Ningu\u00e9m mais poderia encarnar os ideais de paz, amor e solidariedade do que ela, que foi o terreno onde Deus fecundou seu amor pelos filhos e de cujo ventre nasceu aquele que personificou a uni\u00e3o ente os homens e o amor ao pr\u00f3ximo, o Cristo. Celebrar Maria \u00e9 celebrar O nosso Salvador. Dia da Paz, dia da M\u00e3e Sant\u00edssima. Nos tempos sofridos e sangrentos em que vivemos, um dia de reflex\u00e3o e esperan\u00e7a.<\/p>\n<p style=\"text-align: justify;\">Maria Sant\u00edssima, rogai por n\u00f3s!<\/p>\n","protected":false},"excerpt":{"rendered":"<p>Hoje, oito dias depois da Natividade, primeiro dia do ano novo, o calend\u00e1rio dos santos se abre com a festa de Maria Sant\u00edssima, no mist\u00e9rio de sua maternidade divina. Escolha acertada, porque de fato Ela \u00e9 &#8220;a Virgem m\u00e3e, Filha de seu Filho, humilde e mais sublime que toda criatura, objeto fixado por um eterno [&hellip;]<\/p>\n","protected":false},"author":1,"featured_media":21985,"comment_status":"closed","ping_status":"closed","sticky":false,"template":"","format":"standard","meta":{"footnotes":""},"categories":[32],"tags":[],"class_list":["post-2782","post","type-post","status-publish","format-standard","has-post-thumbnail","hentry","category-santo-do-dia"],"_links":{"self":[{"href":"https:\/\/catolicanet.net\/wp-cnet\/wp-json\/wp\/v2\/posts\/2782","targetHints":{"allow":["GET"]}}],"collection":[{"href":"https:\/\/catolicanet.net\/wp-cnet\/wp-json\/wp\/v2\/posts"}],"about":[{"href":"https:\/\/catolicanet.net\/wp-cnet\/wp-json\/wp\/v2\/types\/post"}],"author":[{"embeddable":true,"href":"https:\/\/catolicanet.net\/wp-cnet\/wp-json\/wp\/v2\/users\/1"}],"replies":[{"embeddable":true,"href":"https:\/\/catolicanet.net\/wp-cnet\/wp-json\/wp\/v2\/comments?post=2782"}],"version-history":[{"count":3,"href":"https:\/\/catolicanet.net\/wp-cnet\/wp-json\/wp\/v2\/posts\/2782\/revisions"}],"predecessor-version":[{"id":21986,"href":"https:\/\/catolicanet.net\/wp-cnet\/wp-json\/wp\/v2\/posts\/2782\/revisions\/21986"}],"wp:featuredmedia":[{"embeddable":true,"href":"https:\/\/catolicanet.net\/wp-cnet\/wp-json\/wp\/v2\/media\/21985"}],"wp:attachment":[{"href":"https:\/\/catolicanet.net\/wp-cnet\/wp-json\/wp\/v2\/media?parent=2782"}],"wp:term":[{"taxonomy":"category","embeddable":true,"href":"https:\/\/catolicanet.net\/wp-cnet\/wp-json\/wp\/v2\/categories?post=2782"},{"taxonomy":"post_tag","embeddable":true,"href":"https:\/\/catolicanet.net\/wp-cnet\/wp-json\/wp\/v2\/tags?post=2782"}],"curies":[{"name":"wp","href":"https:\/\/api.w.org\/{rel}","templated":true}]}}