{"id":2771,"date":"2023-05-23T00:00:00","date_gmt":"2023-05-23T03:00:00","guid":{"rendered":"http:\/\/catolicanet.net\/wp-cnet\/23-de-maio-sao-joao-batista-de-rossi\/"},"modified":"2023-01-02T16:50:30","modified_gmt":"2023-01-02T19:50:30","slug":"23-de-maio-sao-joao-batista-de-rossi","status":"publish","type":"post","link":"https:\/\/catolicanet.net\/wp-cnet\/23-de-maio-sao-joao-batista-de-rossi\/","title":{"rendered":"S\u00e3o Jo\u00e3o Batista de Rossi"},"content":{"rendered":"<div style=\"position: absolute; width: 1px; height: 1px; overflow: hidden; top: 1377px; left: 20px;\">\n<div style=\"text-align: left; background-color: transparent; color: #000000; text-decoration: none;\">\n<h3><a href=\"http:\/\/catolicanet.com.br\/news\/os-10-mandamentos-da-serenidade-\/\"><strong><span style=\"color: #0066cc;\"><span style=\"text-decoration: underline;\">OS 10 MANDAMENTOS DA SERENIDADE <\/span><\/span><\/strong><\/a><\/h3>\n<p><span style=\"color: #000000;\"><ins><span style=\"text-decoration: underline;\">06\/08\/2012 13:10<\/span><\/ins> <\/span><\/p>\n<div class=\"articleContent\">\n1. S\u00f3 por hoje tratarei de viver exclusivamente este meu dia, sem querer resolver os problemas da minha vida todos de uma vez.<\/p>\n<p>2. S\u00f3 por hoje terei o m\u00e1ximo cuidado com o meu modo de tratar os outros:<br \/>\n-delicado nas minhas maneiras<br \/>\n-n\u00e3o criticar ningu\u00e9m<br \/>\n-n\u00e3o pretenderei melhorar ou disciplinar ningu\u00e9m sen\u00e3o a mim.<\/p>\n<div>\n3. S\u00f3 por hoje me sentirei feliz com a certeza de ter sido criado para ser feliz n\u00e3o s\u00f3 no outro mundo, mas tamb\u00e9m neste.<\/p>\n<p>4. S\u00f3 por hoje me adaptarei \u00e0s circunst\u00e2ncias, sem pretender que as circunst\u00e2ncias se adaptem todas aos meus desejos.<\/p>\n<p>5. S\u00f3 por hoje dedicarei dez minutos do meu tempo a uma boa leitura, lembrando-me que assim como \u00e9 preciso comer para sustentar meu corpo, assim tamb\u00e9m a leitura \u00e9 necess\u00e1ria para alimentar a vida da minha alma.<\/p>\n<p>6. S\u00f3 por hoje praticarei uma boa a\u00e7\u00e3o sem cont\u00e1-la a ningu\u00e9m.<\/p>\n<p>7. S\u00f3 por hoje farei uma coisa de que n\u00e3o gosto e se for ofendido nos meus sentimentos procurarei que ningu\u00e9m o saiba.<\/p>\n<p>8. S\u00f3 por hoje farei um programa bem completo do meu dia. Talvez n\u00e3o o execute perfeitamente, mas em todo o caso, vou faz\u00ea-lo. E me guardareibem de duas calamidades: a pressa e a indecis\u00e3o.<\/p>\n<p>9. S\u00f3 por hoje ficarei bem firme na f\u00e9 de que a Divina Provid\u00eancia se ocupa de mim, mesmo se existisse s\u00f3 eu no mundo \u0096 ainda que as circunst\u00e2ncias manifestem o contr\u00e1rio.<\/p>\n<p>10. S\u00f3 por hoje n\u00e3o terei medo de nada. Em particular, n\u00e3o terei medo de gozar do que \u00e9 belo e n\u00e3o terei medo de crer na bondade.<\/p>\n<p>Papa Jo\u00e3o XXIII<\/p><\/div>\n<\/div>\n<p>Leia mais: <a href=\"http:\/\/grupo-de-jovens-jorc.webnode.com.br\/blog\/?utm_source=copy&amp;utm_medium=paste&amp;utm_campaign=copypaste&amp;utm_content=http%3A%2F%2Fgrupo-de-jovens-jorc.webnode.com.br%2Fblog%2F\"><span style=\"text-decoration: underline;\"><span style=\"color: #0066cc;\">http:\/\/grupo-de-jovens-jorc.webnode.com.br\/blog\/<\/span><\/span><\/a><br \/>\nCrie seu site gr\u00e1tis: <a href=\"http:\/\/www.webnode.com.br\/?utm_source=copy&amp;utm_medium=paste&amp;utm_campaign=copypaste&amp;utm_content=http%3A%2F%2Fgrupo-de-jovens-jorc.webnode.com.br%2Fblog%2F\"><span style=\"text-decoration: underline;\"><span style=\"color: #0066cc;\">http:\/\/www.webnode.com.br<\/span><\/span><\/a><\/div>\n<\/div>\n<div style=\"position: absolute; width: 1px; height: 1px; overflow: hidden; top: 1377px; left: 20px;\">\n<div style=\"text-align: left; background-color: transparent; color: #000000; text-decoration: none;\">\n<h3><a href=\"http:\/\/catolicanet.com.br\/news\/os-10-mandamentos-da-serenidade-\/\"><strong><span style=\"color: #0066cc;\"><span style=\"text-decoration: underline;\">OS 10 MANDAMENTOS DA SERENIDADE <\/span><\/span><\/strong><\/a><\/h3>\n<p><span style=\"color: #000000;\"><ins><span style=\"text-decoration: underline;\">06\/08\/2012 13:10<\/span><\/ins> <\/span><\/p>\n<div class=\"articleContent\">\n1. S\u00f3 por hoje tratarei de viver exclusivamente este meu dia, sem querer resolver os problemas da minha vida todos de uma vez.<\/p>\n<p>2. S\u00f3 por hoje terei o m\u00e1ximo cuidado com o meu modo de tratar os outros:<br \/>\n-delicado nas minhas maneiras<br \/>\n-n\u00e3o criticar ningu\u00e9m<br \/>\n-n\u00e3o pretenderei melhorar ou disciplinar ningu\u00e9m sen\u00e3o a mim.<\/p>\n<div>\n3. S\u00f3 por hoje me sentirei feliz com a certeza de ter sido criado para ser feliz n\u00e3o s\u00f3 no outro mundo, mas tamb\u00e9m neste.<\/p>\n<p>4. S\u00f3 por hoje me adaptarei \u00e0s circunst\u00e2ncias, sem pretender que as circunst\u00e2ncias se adaptem todas aos meus desejos.<\/p>\n<p>5. S\u00f3 por hoje dedicarei dez minutos do meu tempo a uma boa leitura, lembrando-me que assim como \u00e9 preciso comer para sustentar meu corpo, assim tamb\u00e9m a leitura \u00e9 necess\u00e1ria para alimentar a vida da minha alma.<\/p>\n<p>6. S\u00f3 por hoje praticarei uma boa a\u00e7\u00e3o sem cont\u00e1-la a ningu\u00e9m.<\/p>\n<p>7. S\u00f3 por hoje farei uma coisa de que n\u00e3o gosto e se for ofendido nos meus sentimentos procurarei que ningu\u00e9m o saiba.<\/p>\n<p>8. S\u00f3 por hoje farei um programa bem completo do meu dia. Talvez n\u00e3o o execute perfeitamente, mas em todo o caso, vou faz\u00ea-lo. E me guardareibem de duas calamidades: a pressa e a indecis\u00e3o.<\/p>\n<p>9. S\u00f3 por hoje ficarei bem firme na f\u00e9 de que a Divina Provid\u00eancia se ocupa de mim, mesmo se existisse s\u00f3 eu no mundo \u0096 ainda que as circunst\u00e2ncias manifestem o contr\u00e1rio.<\/p>\n<p>10. S\u00f3 por hoje n\u00e3o terei medo de nada. Em particular, n\u00e3o terei medo de gozar do que \u00e9 belo e n\u00e3o terei medo de crer na bondade.<\/p>\n<p>Papa Jo\u00e3o XXIII<\/p><\/div>\n<\/div>\n<p>Leia mais: <a href=\"http:\/\/grupo-de-jovens-jorc.webnode.com.br\/blog\/?utm_source=copy&amp;utm_medium=paste&amp;utm_campaign=copypaste&amp;utm_content=http%3A%2F%2Fgrupo-de-jovens-jorc.webnode.com.br%2Fblog%2F\"><span style=\"text-decoration: underline;\"><span style=\"color: #0066cc;\">http:\/\/grupo-de-jovens-jorc.webnode.com.br\/blog\/<\/span><\/span><\/a><br \/>\nCrie seu site gr\u00e1tis: <a href=\"http:\/\/www.webnode.com.br\/?utm_source=copy&amp;utm_medium=paste&amp;utm_campaign=copypaste&amp;utm_content=http%3A%2F%2Fgrupo-de-jovens-jorc.webnode.com.br%2Fblog%2F\"><span style=\"text-decoration: underline;\"><span style=\"color: #0066cc;\">http:\/\/www.webnode.com.br<\/span><\/span><\/a><\/div>\n<\/div>\n<div style=\"position: absolute; width: 1px; height: 1px; overflow: hidden; top: 645px; left: 20px;\">\n<div style=\"text-align: left; background-color: transparent; color: #000000; text-decoration: none;\">\n<h3><a href=\"http:\/\/catolicanet.com.br\/news\/os-10-mandamentos-da-serenidade-\/\"><strong><span style=\"color: #0066cc;\"><span style=\"text-decoration: underline;\">OS 10 MANDAMENTOS DA SERENIDADE <\/span><\/span><\/strong><\/a><\/h3>\n<p><span style=\"color: #000000;\"><ins><span style=\"text-decoration: underline;\">06\/08\/2012 13:10<\/span><\/ins> <\/span><\/p>\n<div class=\"articleContent\">\n1. S\u00f3 por hoje tratarei de viver exclusivamente este meu dia, sem querer resolver os problemas da minha vida todos de uma vez.<\/p>\n<p>2. S\u00f3 por hoje terei o m\u00e1ximo cuidado com o meu modo de tratar os outros:<br \/>\n-delicado nas minhas maneiras<br \/>\n-n\u00e3o criticar ningu\u00e9m<br \/>\n-n\u00e3o pretenderei melhorar ou disciplinar ningu\u00e9m sen\u00e3o a mim.<\/p>\n<div>\n3. S\u00f3 por hoje me sentirei feliz com a certeza de ter sido criado para ser feliz n\u00e3o s\u00f3 no outro mundo, mas tamb\u00e9m neste.<\/p>\n<p>4. S\u00f3 por hoje me adaptarei \u00e0s circunst\u00e2ncias, sem pretender que as circunst\u00e2ncias se adaptem todas aos meus desejos.<\/p>\n<p>5. S\u00f3 por hoje dedicarei dez minutos do meu tempo a uma boa leitura, lembrando-me que assim como \u00e9 preciso comer para sustentar meu corpo, assim tamb\u00e9m a leitura \u00e9 necess\u00e1ria para alimentar a vida da minha alma.<\/p>\n<p>6. S\u00f3 por hoje praticarei uma boa a\u00e7\u00e3o sem cont\u00e1-la a ningu\u00e9m.<\/p>\n<p>7. S\u00f3 por hoje farei uma coisa de que n\u00e3o gosto e se for ofendido nos meus sentimentos procurarei que ningu\u00e9m o saiba.<\/p>\n<p>8. S\u00f3 por hoje farei um programa bem completo do meu dia. Talvez n\u00e3o o execute perfeitamente, mas em todo o caso, vou faz\u00ea-lo. E me guardareibem de duas calamidades: a pressa e a indecis\u00e3o.<\/p>\n<p>9. S\u00f3 por hoje ficarei bem firme na f\u00e9 de que a Divina Provid\u00eancia se ocupa de mim, mesmo se existisse s\u00f3 eu no mundo \u0096 ainda que as circunst\u00e2ncias manifestem o contr\u00e1rio.<\/p>\n<p>10. S\u00f3 por hoje n\u00e3o terei medo de nada. Em particular, n\u00e3o terei medo de gozar do que \u00e9 belo e n\u00e3o terei medo de crer na bondade.<\/p>\n<p>Papa Jo\u00e3o XXIII<\/p><\/div>\n<\/div>\n<p>Leia mais: <a href=\"http:\/\/grupo-de-jovens-jorc.webnode.com.br\/blog\/?utm_source=copy&amp;utm_medium=paste&amp;utm_campaign=copypaste&amp;utm_content=http%3A%2F%2Fgrupo-de-jovens-jorc.webnode.com.br%2Fblog%2F\"><span style=\"text-decoration: underline;\"><span style=\"color: #0066cc;\">http:\/\/grupo-de-jovens-jorc.webnode.com.br\/blog\/<\/span><\/span><\/a><br \/>\nCrie seu site gr\u00e1tis: <a href=\"http:\/\/www.webnode.com.br\/?utm_source=copy&amp;utm_medium=paste&amp;utm_campaign=copypaste&amp;utm_content=http%3A%2F%2Fgrupo-de-jovens-jorc.webnode.com.br%2Fblog%2F\"><span style=\"text-decoration: underline;\"><span style=\"color: #0066cc;\">http:\/\/www.webnode.com.br<\/span><\/span><\/a><\/div>\n<\/div>\n<div style=\"position: absolute; width: 1px; height: 1px; overflow: hidden; top: 645px; left: 20px;\">\n<div style=\"text-align: left; background-color: transparent; color: #000000; text-decoration: none;\">\n<h3><a href=\"http:\/\/catolicanet.com.br\/news\/os-10-mandamentos-da-serenidade-\/\"><strong><span style=\"color: #0066cc;\"><span style=\"text-decoration: underline;\">OS 10 MANDAMENTOS DA SERENIDADE <\/span><\/span><\/strong><\/a><\/h3>\n<p><span style=\"color: #000000;\"><ins><span style=\"text-decoration: underline;\">06\/08\/2012 13:10<\/span><\/ins> <\/span><\/p>\n<div class=\"articleContent\">\n1. S\u00f3 por hoje tratarei de viver exclusivamente este meu dia, sem querer resolver os problemas da minha vida todos de uma vez.<\/p>\n<p>2. S\u00f3 por hoje terei o m\u00e1ximo cuidado com o meu modo de tratar os outros:<br \/>\n-delicado nas minhas maneiras<br \/>\n-n\u00e3o criticar ningu\u00e9m<br \/>\n-n\u00e3o pretenderei melhorar ou disciplinar ningu\u00e9m sen\u00e3o a mim.<\/p>\n<div>\n3. S\u00f3 por hoje me sentirei feliz com a certeza de ter sido criado para ser feliz n\u00e3o s\u00f3 no outro mundo, mas tamb\u00e9m neste.<\/p>\n<p>4. S\u00f3 por hoje me adaptarei \u00e0s circunst\u00e2ncias, sem pretender que as circunst\u00e2ncias se adaptem todas aos meus desejos.<\/p>\n<p>5. S\u00f3 por hoje dedicarei dez minutos do meu tempo a uma boa leitura, lembrando-me que assim como \u00e9 preciso comer para sustentar meu corpo, assim tamb\u00e9m a leitura \u00e9 necess\u00e1ria para alimentar a vida da minha alma.<\/p>\n<p>6. S\u00f3 por hoje praticarei uma boa a\u00e7\u00e3o sem cont\u00e1-la a ningu\u00e9m.<\/p>\n<p>7. S\u00f3 por hoje farei uma coisa de que n\u00e3o gosto e se for ofendido nos meus sentimentos procurarei que ningu\u00e9m o saiba.<\/p>\n<p>8. S\u00f3 por hoje farei um programa bem completo do meu dia. Talvez n\u00e3o o execute perfeitamente, mas em todo o caso, vou faz\u00ea-lo. E me guardareibem de duas calamidades: a pressa e a indecis\u00e3o.<\/p>\n<p>9. S\u00f3 por hoje ficarei bem firme na f\u00e9 de que a Divina Provid\u00eancia se ocupa de mim, mesmo se existisse s\u00f3 eu no mundo \u0096 ainda que as circunst\u00e2ncias manifestem o contr\u00e1rio.<\/p>\n<p>10. S\u00f3 por hoje n\u00e3o terei medo de nada. Em particular, n\u00e3o terei medo de gozar do que \u00e9 belo e n\u00e3o terei medo de crer na bondade.<\/p>\n<p>Papa Jo\u00e3o XXIII<\/p><\/div>\n<\/div>\n<p>Leia mais: <a href=\"http:\/\/grupo-de-jovens-jorc.webnode.com.br\/blog\/?utm_source=copy&amp;utm_medium=paste&amp;utm_campaign=copypaste&amp;utm_content=http%3A%2F%2Fgrupo-de-jovens-jorc.webnode.com.br%2Fblog%2F\"><span style=\"text-decoration: underline;\"><span style=\"color: #0066cc;\">http:\/\/grupo-de-jovens-jorc.webnode.com.br\/blog\/<\/span><\/span><\/a><br \/>\nCrie seu site gr\u00e1tis: <a href=\"http:\/\/www.webnode.com.br\/?utm_source=copy&amp;utm_medium=paste&amp;utm_campaign=copypaste&amp;utm_content=http%3A%2F%2Fgrupo-de-jovens-jorc.webnode.com.br%2Fblog%2F\"><span style=\"text-decoration: underline;\"><span style=\"color: #0066cc;\">http:\/\/www.webnode.com.br<\/span><\/span><\/a><\/div>\n<\/div>\n<div style=\"position: absolute; width: 1px; height: 1px; overflow: hidden; top: 645px; left: 20px;\">\n<div style=\"text-align: left; background-color: transparent; color: #000000; text-decoration: none;\">\n<h3><a href=\"http:\/\/catolicanet.com.br\/news\/os-10-mandamentos-da-serenidade-\/\"><strong><span style=\"color: #0066cc;\"><span style=\"text-decoration: underline;\">OS 10 MANDAMENTOS DA SERENIDADE <\/span><\/span><\/strong><\/a><\/h3>\n<p><span style=\"color: #000000;\"><ins><span style=\"text-decoration: underline;\">06\/08\/2012 13:10<\/span><\/ins> <\/span><\/p>\n<div class=\"articleContent\">\n1. S\u00f3 por hoje tratarei de viver exclusivamente este meu dia, sem querer resolver os problemas da minha vida todos de uma vez.<\/p>\n<p>2. S\u00f3 por hoje terei o m\u00e1ximo cuidado com o meu modo de tratar os outros:<br \/>\n-delicado nas minhas maneiras<br \/>\n-n\u00e3o criticar ningu\u00e9m<br \/>\n-n\u00e3o pretenderei melhorar ou disciplinar ningu\u00e9m sen\u00e3o a mim.<\/p>\n<div>\n3. S\u00f3 por hoje me sentirei feliz com a certeza de ter sido criado para ser feliz n\u00e3o s\u00f3 no outro mundo, mas tamb\u00e9m neste.<\/p>\n<p>4. S\u00f3 por hoje me adaptarei \u00e0s circunst\u00e2ncias, sem pretender que as circunst\u00e2ncias se adaptem todas aos meus desejos.<\/p>\n<p>5. S\u00f3 por hoje dedicarei dez minutos do meu tempo a uma boa leitura, lembrando-me que assim como \u00e9 preciso comer para sustentar meu corpo, assim tamb\u00e9m a leitura \u00e9 necess\u00e1ria para alimentar a vida da minha alma.<\/p>\n<p>6. S\u00f3 por hoje praticarei uma boa a\u00e7\u00e3o sem cont\u00e1-la a ningu\u00e9m.<\/p>\n<p>7. S\u00f3 por hoje farei uma coisa de que n\u00e3o gosto e se for ofendido nos meus sentimentos procurarei que ningu\u00e9m o saiba.<\/p>\n<p>8. S\u00f3 por hoje farei um programa bem completo do meu dia. Talvez n\u00e3o o execute perfeitamente, mas em todo o caso, vou faz\u00ea-lo. E me guardareibem de duas calamidades: a pressa e a indecis\u00e3o.<\/p>\n<p>9. S\u00f3 por hoje ficarei bem firme na f\u00e9 de que a Divina Provid\u00eancia se ocupa de mim, mesmo se existisse s\u00f3 eu no mundo \u0096 ainda que as circunst\u00e2ncias manifestem o contr\u00e1rio.<\/p>\n<p>10. S\u00f3 por hoje n\u00e3o terei medo de nada. Em particular, n\u00e3o terei medo de gozar do que \u00e9 belo e n\u00e3o terei medo de crer na bondade.<\/p>\n<p>Papa Jo\u00e3o XXIII<\/p><\/div>\n<\/div>\n<p>Leia mais: <a href=\"http:\/\/grupo-de-jovens-jorc.webnode.com.br\/blog\/?utm_source=copy&amp;utm_medium=paste&amp;utm_campaign=copypaste&amp;utm_content=http%3A%2F%2Fgrupo-de-jovens-jorc.webnode.com.br%2Fblog%2F\"><span style=\"text-decoration: underline;\"><span style=\"color: #0066cc;\">http:\/\/grupo-de-jovens-jorc.webnode.com.br\/blog\/<\/span><\/span><\/a><br \/>\nCrie seu site gr\u00e1tis: <a href=\"http:\/\/www.webnode.com.br\/?utm_source=copy&amp;utm_medium=paste&amp;utm_campaign=copypaste&amp;utm_content=http%3A%2F%2Fgrupo-de-jovens-jorc.webnode.com.br%2Fblog%2F\"><span style=\"text-decoration: underline;\"><span style=\"color: #0066cc;\">http:\/\/www.webnode.com.br<\/span><\/span><\/a><\/div>\n<\/div>\n<div style=\"position: absolute; width: 1px; height: 1px; overflow: hidden; top: 645px; left: 20px;\">\n<div style=\"text-align: left; background-color: transparent; color: #000000; text-decoration: none;\">\n<h3><a href=\"http:\/\/catolicanet.com.br\/news\/os-10-mandamentos-da-serenidade-\/\"><strong><span style=\"color: #0066cc;\"><span style=\"text-decoration: underline;\">OS 10 MANDAMENTOS DA SERENIDADE <\/span><\/span><\/strong><\/a><\/h3>\n<p><span style=\"color: #000000;\"><ins><span style=\"text-decoration: underline;\">06\/08\/2012 13:10<\/span><\/ins> <\/span><\/p>\n<div class=\"articleContent\">\n1. S\u00f3 por hoje tratarei de viver exclusivamente este meu dia, sem querer resolver os problemas da minha vida todos de uma vez.<\/p>\n<p>2. S\u00f3 por hoje terei o m\u00e1ximo cuidado com o meu modo de tratar os outros:<br \/>\n-delicado nas minhas maneiras<br \/>\n-n\u00e3o criticar ningu\u00e9m<br \/>\n-n\u00e3o pretenderei melhorar ou disciplinar ningu\u00e9m sen\u00e3o a mim.<\/p>\n<div>\n3. S\u00f3 por hoje me sentirei feliz com a certeza de ter sido criado para ser feliz n\u00e3o s\u00f3 no outro mundo, mas tamb\u00e9m neste.<\/p>\n<p>4. S\u00f3 por hoje me adaptarei \u00e0s circunst\u00e2ncias, sem pretender que as circunst\u00e2ncias se adaptem todas aos meus desejos.<\/p>\n<p>5. S\u00f3 por hoje dedicarei dez minutos do meu tempo a uma boa leitura, lembrando-me que assim como \u00e9 preciso comer para sustentar meu corpo, assim tamb\u00e9m a leitura \u00e9 necess\u00e1ria para alimentar a vida da minha alma.<\/p>\n<p>6. S\u00f3 por hoje praticarei uma boa a\u00e7\u00e3o sem cont\u00e1-la a ningu\u00e9m.<\/p>\n<p>7. S\u00f3 por hoje farei uma coisa de que n\u00e3o gosto e se for ofendido nos meus sentimentos procurarei que ningu\u00e9m o saiba.<\/p>\n<p>8. S\u00f3 por hoje farei um programa bem completo do meu dia. Talvez n\u00e3o o execute perfeitamente, mas em todo o caso, vou faz\u00ea-lo. E me guardareibem de duas calamidades: a pressa e a indecis\u00e3o.<\/p>\n<p>9. S\u00f3 por hoje ficarei bem firme na f\u00e9 de que a Divina Provid\u00eancia se ocupa de mim, mesmo se existisse s\u00f3 eu no mundo \u0096 ainda que as circunst\u00e2ncias manifestem o contr\u00e1rio.<\/p>\n<p>10. S\u00f3 por hoje n\u00e3o terei medo de nada. Em particular, n\u00e3o terei medo de gozar do que \u00e9 belo e n\u00e3o terei medo de crer na bondade.<\/p>\n<p>Papa Jo\u00e3o XXIII<\/p><\/div>\n<\/div>\n<p>Leia mais: <a href=\"http:\/\/grupo-de-jovens-jorc.webnode.com.br\/blog\/?utm_source=copy&amp;utm_medium=paste&amp;utm_campaign=copypaste&amp;utm_content=http%3A%2F%2Fgrupo-de-jovens-jorc.webnode.com.br%2Fblog%2F\"><span style=\"text-decoration: underline;\"><span style=\"color: #0066cc;\">http:\/\/grupo-de-jovens-jorc.webnode.com.br\/blog\/<\/span><\/span><\/a><br \/>\nCrie seu site gr\u00e1tis: <a href=\"http:\/\/www.webnode.com.br\/?utm_source=copy&amp;utm_medium=paste&amp;utm_campaign=copypaste&amp;utm_content=http%3A%2F%2Fgrupo-de-jovens-jorc.webnode.com.br%2Fblog%2F\"><span style=\"text-decoration: underline;\"><span style=\"color: #0066cc;\">http:\/\/www.webnode.com.br<\/span><\/span><\/a><\/div>\n<\/div>\n<div style=\"position: absolute; width: 1px; height: 1px; overflow: hidden; top: 645px; left: 20px;\">\n<div style=\"text-align: left; background-color: transparent; color: #000000; text-decoration: none;\">\n<h3><a href=\"http:\/\/catolicanet.com.br\/news\/os-10-mandamentos-da-serenidade-\/\"><strong><span style=\"color: #0066cc;\"><span style=\"text-decoration: underline;\">OS 10 MANDAMENTOS DA SERENIDADE <\/span><\/span><\/strong><\/a><\/h3>\n<p><span style=\"color: #000000;\"><ins><span style=\"text-decoration: underline;\">06\/08\/2012 13:10<\/span><\/ins> <\/span><\/p>\n<div class=\"articleContent\">\n1. S\u00f3 por hoje tratarei de viver exclusivamente este meu dia, sem querer resolver os problemas da minha vida todos de uma vez.<\/p>\n<p>2. S\u00f3 por hoje terei o m\u00e1ximo cuidado com o meu modo de tratar os outros:<br \/>\n-delicado nas minhas maneiras<br \/>\n-n\u00e3o criticar ningu\u00e9m<br \/>\n-n\u00e3o pretenderei melhorar ou disciplinar ningu\u00e9m sen\u00e3o a mim.<\/p>\n<div>\n3. S\u00f3 por hoje me sentirei feliz com a certeza de ter sido criado para ser feliz n\u00e3o s\u00f3 no outro mundo, mas tamb\u00e9m neste.<\/p>\n<p>4. S\u00f3 por hoje me adaptarei \u00e0s circunst\u00e2ncias, sem pretender que as circunst\u00e2ncias se adaptem todas aos meus desejos.<\/p>\n<p>5. S\u00f3 por hoje dedicarei dez minutos do meu tempo a uma boa leitura, lembrando-me que assim como \u00e9 preciso comer para sustentar meu corpo, assim tamb\u00e9m a leitura \u00e9 necess\u00e1ria para alimentar a vida da minha alma.<\/p>\n<p>6. S\u00f3 por hoje praticarei uma boa a\u00e7\u00e3o sem cont\u00e1-la a ningu\u00e9m.<\/p>\n<p>7. S\u00f3 por hoje farei uma coisa de que n\u00e3o gosto e se for ofendido nos meus sentimentos procurarei que ningu\u00e9m o saiba.<\/p>\n<p>8. S\u00f3 por hoje farei um programa bem completo do meu dia. Talvez n\u00e3o o execute perfeitamente, mas em todo o caso, vou faz\u00ea-lo. E me guardareibem de duas calamidades: a pressa e a indecis\u00e3o.<\/p>\n<p>9. S\u00f3 por hoje ficarei bem firme na f\u00e9 de que a Divina Provid\u00eancia se ocupa de mim, mesmo se existisse s\u00f3 eu no mundo \u0096 ainda que as circunst\u00e2ncias manifestem o contr\u00e1rio.<\/p>\n<p>10. S\u00f3 por hoje n\u00e3o terei medo de nada. Em particular, n\u00e3o terei medo de gozar do que \u00e9 belo e n\u00e3o terei medo de crer na bondade.<\/p>\n<p>Papa Jo\u00e3o XXIII<\/p><\/div>\n<\/div>\n<p>Leia mais: <a href=\"http:\/\/grupo-de-jovens-jorc.webnode.com.br\/blog\/?utm_source=copy&amp;utm_medium=paste&amp;utm_campaign=copypaste&amp;utm_content=http%3A%2F%2Fgrupo-de-jovens-jorc.webnode.com.br%2Fblog%2F\"><span style=\"text-decoration: underline;\"><span style=\"color: #0066cc;\">http:\/\/grupo-de-jovens-jorc.webnode.com.br\/blog\/<\/span><\/span><\/a><br \/>\nCrie seu site gr\u00e1tis: <a href=\"http:\/\/www.webnode.com.br\/?utm_source=copy&amp;utm_medium=paste&amp;utm_campaign=copypaste&amp;utm_content=http%3A%2F%2Fgrupo-de-jovens-jorc.webnode.com.br%2Fblog%2F\"><span style=\"text-decoration: underline;\"><span style=\"color: #0066cc;\">http:\/\/www.webnode.com.br<\/span><\/span><\/a><\/div>\n<\/div>\n<div style=\"position: absolute; width: 1px; height: 1px; overflow: hidden; top: 645px; left: 20px;\">\n<div style=\"text-align: left; background-color: transparent; color: #000000; text-decoration: none;\">\n<h3><a href=\"http:\/\/catolicanet.com.br\/news\/os-10-mandamentos-da-serenidade-\/\"><strong><span style=\"color: #0066cc;\"><span style=\"text-decoration: underline;\">OS 10 MANDAMENTOS DA SERENIDADE <\/span><\/span><\/strong><\/a><\/h3>\n<p><span style=\"color: #000000;\"><ins><span style=\"text-decoration: underline;\">06\/08\/2012 13:10<\/span><\/ins> <\/span><\/p>\n<div class=\"articleContent\">\n1. S\u00f3 por hoje tratarei de viver exclusivamente este meu dia, sem querer resolver os problemas da minha vida todos de uma vez.<\/p>\n<p>2. S\u00f3 por hoje terei o m\u00e1ximo cuidado com o meu modo de tratar os outros:<br \/>\n-delicado nas minhas maneiras<br \/>\n-n\u00e3o criticar ningu\u00e9m<br \/>\n-n\u00e3o pretenderei melhorar ou disciplinar ningu\u00e9m sen\u00e3o a mim.<\/p>\n<div>\n3. S\u00f3 por hoje me sentirei feliz com a certeza de ter sido criado para ser feliz n\u00e3o s\u00f3 no outro mundo, mas tamb\u00e9m neste.<\/p>\n<p>4. S\u00f3 por hoje me adaptarei \u00e0s circunst\u00e2ncias, sem pretender que as circunst\u00e2ncias se adaptem todas aos meus desejos.<\/p>\n<p>5. S\u00f3 por hoje dedicarei dez minutos do meu tempo a uma boa leitura, lembrando-me que assim como \u00e9 preciso comer para sustentar meu corpo, assim tamb\u00e9m a leitura \u00e9 necess\u00e1ria para alimentar a vida da minha alma.<\/p>\n<p>6. S\u00f3 por hoje praticarei uma boa a\u00e7\u00e3o sem cont\u00e1-la a ningu\u00e9m.<\/p>\n<p>7. S\u00f3 por hoje farei uma coisa de que n\u00e3o gosto e se for ofendido nos meus sentimentos procurarei que ningu\u00e9m o saiba.<\/p>\n<p>8. S\u00f3 por hoje farei um programa bem completo do meu dia. Talvez n\u00e3o o execute perfeitamente, mas em todo o caso, vou faz\u00ea-lo. E me guardareibem de duas calamidades: a pressa e a indecis\u00e3o.<\/p>\n<p>9. S\u00f3 por hoje ficarei bem firme na f\u00e9 de que a Divina Provid\u00eancia se ocupa de mim, mesmo se existisse s\u00f3 eu no mundo \u0096 ainda que as circunst\u00e2ncias manifestem o contr\u00e1rio.<\/p>\n<p>10. S\u00f3 por hoje n\u00e3o terei medo de nada. Em particular, n\u00e3o terei medo de gozar do que \u00e9 belo e n\u00e3o terei medo de crer na bondade.<\/p>\n<p>Papa Jo\u00e3o XXIII<\/p><\/div>\n<\/div>\n<p>Leia mais: <a href=\"http:\/\/grupo-de-jovens-jorc.webnode.com.br\/blog\/?utm_source=copy&amp;utm_medium=paste&amp;utm_campaign=copypaste&amp;utm_content=http%3A%2F%2Fgrupo-de-jovens-jorc.webnode.com.br%2Fblog%2F\"><span style=\"text-decoration: underline;\"><span style=\"color: #0066cc;\">http:\/\/grupo-de-jovens-jorc.webnode.com.br\/blog\/<\/span><\/span><\/a><br \/>\nCrie seu site gr\u00e1tis: <a href=\"http:\/\/www.webnode.com.br\/?utm_source=copy&amp;utm_medium=paste&amp;utm_campaign=copypaste&amp;utm_content=http%3A%2F%2Fgrupo-de-jovens-jorc.webnode.com.br%2Fblog%2F\"><span style=\"text-decoration: underline;\"><span style=\"color: #0066cc;\">http:\/\/www.webnode.com.br<\/span><\/span><\/a><\/div>\n<\/div>\n<div style=\"position: absolute; width: 1px; height: 1px; overflow: hidden; top: 645px; left: 20px;\">\n<div style=\"text-align: left; background-color: transparent; color: #000000; text-decoration: none;\">\n<h3><a href=\"http:\/\/catolicanet.com.br\/news\/os-10-mandamentos-da-serenidade-\/\"><strong><span style=\"color: #0066cc;\"><span style=\"text-decoration: underline;\">OS 10 MANDAMENTOS DA SERENIDADE <\/span><\/span><\/strong><\/a><\/h3>\n<p><span style=\"color: #000000;\"><ins><span style=\"text-decoration: underline;\">06\/08\/2012 13:10<\/span><\/ins> <\/span><\/p>\n<div class=\"articleContent\">\n1. S\u00f3 por hoje tratarei de viver exclusivamente este meu dia, sem querer resolver os problemas da minha vida todos de uma vez.<\/p>\n<p>2. S\u00f3 por hoje terei o m\u00e1ximo cuidado com o meu modo de tratar os outros:<br \/>\n-delicado nas minhas maneiras<br \/>\n-n\u00e3o criticar ningu\u00e9m<br \/>\n-n\u00e3o pretenderei melhorar ou disciplinar ningu\u00e9m sen\u00e3o a mim.<\/p>\n<div>\n3. S\u00f3 por hoje me sentirei feliz com a certeza de ter sido criado para ser feliz n\u00e3o s\u00f3 no outro mundo, mas tamb\u00e9m neste.<\/p>\n<p>4. S\u00f3 por hoje me adaptarei \u00e0s circunst\u00e2ncias, sem pretender que as circunst\u00e2ncias se adaptem todas aos meus desejos.<\/p>\n<p>5. S\u00f3 por hoje dedicarei dez minutos do meu tempo a uma boa leitura, lembrando-me que assim como \u00e9 preciso comer para sustentar meu corpo, assim tamb\u00e9m a leitura \u00e9 necess\u00e1ria para alimentar a vida da minha alma.<\/p>\n<p>6. S\u00f3 por hoje praticarei uma boa a\u00e7\u00e3o sem cont\u00e1-la a ningu\u00e9m.<\/p>\n<p>7. S\u00f3 por hoje farei uma coisa de que n\u00e3o gosto e se for ofendido nos meus sentimentos procurarei que ningu\u00e9m o saiba.<\/p>\n<p>8. S\u00f3 por hoje farei um programa bem completo do meu dia. Talvez n\u00e3o o execute perfeitamente, mas em todo o caso, vou faz\u00ea-lo. E me guardareibem de duas calamidades: a pressa e a indecis\u00e3o.<\/p>\n<p>9. S\u00f3 por hoje ficarei bem firme na f\u00e9 de que a Divina Provid\u00eancia se ocupa de mim, mesmo se existisse s\u00f3 eu no mundo \u0096 ainda que as circunst\u00e2ncias manifestem o contr\u00e1rio.<\/p>\n<p>10. S\u00f3 por hoje n\u00e3o terei medo de nada. Em particular, n\u00e3o terei medo de gozar do que \u00e9 belo e n\u00e3o terei medo de crer na bondade.<\/p>\n<p>Papa Jo\u00e3o XXIII<\/p><\/div>\n<\/div>\n<p>Leia mais: <a href=\"http:\/\/grupo-de-jovens-jorc.webnode.com.br\/blog\/?utm_source=copy&amp;utm_medium=paste&amp;utm_campaign=copypaste&amp;utm_content=http%3A%2F%2Fgrupo-de-jovens-jorc.webnode.com.br%2Fblog%2F\"><span style=\"text-decoration: underline;\"><span style=\"color: #0066cc;\">http:\/\/grupo-de-jovens-jorc.webnode.com.br\/blog\/<\/span><\/span><\/a><br \/>\nCrie seu site gr\u00e1tis: <a href=\"http:\/\/www.webnode.com.br\/?utm_source=copy&amp;utm_medium=paste&amp;utm_campaign=copypaste&amp;utm_content=http%3A%2F%2Fgrupo-de-jovens-jorc.webnode.com.br%2Fblog%2F\"><span style=\"text-decoration: underline;\"><span style=\"color: #0066cc;\">http:\/\/www.webnode.com.br<\/span><\/span><\/a><\/div>\n<\/div>\n<div style=\"position: absolute; width: 1px; height: 1px; overflow: hidden; top: 645px; left: 20px;\">\n<div style=\"text-align: left; background-color: transparent; color: #000000; text-decoration: none;\">\n<h3><a href=\"http:\/\/catolicanet.com.br\/news\/os-10-mandamentos-da-serenidade-\/\"><strong><span style=\"color: #0066cc;\"><span style=\"text-decoration: underline;\">OS 10 MANDAMENTOS DA SERENIDADE <\/span><\/span><\/strong><\/a><\/h3>\n<p><span style=\"color: #000000;\"><ins><span style=\"text-decoration: underline;\">06\/08\/2012 13:10<\/span><\/ins> <\/span><\/p>\n<div class=\"articleContent\">\n1. S\u00f3 por hoje tratarei de viver exclusivamente este meu dia, sem querer resolver os problemas da minha vida todos de uma vez.<\/p>\n<p>2. S\u00f3 por hoje terei o m\u00e1ximo cuidado com o meu modo de tratar os outros:<br \/>\n-delicado nas minhas maneiras<br \/>\n-n\u00e3o criticar ningu\u00e9m<br \/>\n-n\u00e3o pretenderei melhorar ou disciplinar ningu\u00e9m sen\u00e3o a mim.<\/p>\n<div>\n3. S\u00f3 por hoje me sentirei feliz com a certeza de ter sido criado para ser feliz n\u00e3o s\u00f3 no outro mundo, mas tamb\u00e9m neste.<\/p>\n<p>4. S\u00f3 por hoje me adaptarei \u00e0s circunst\u00e2ncias, sem pretender que as circunst\u00e2ncias se adaptem todas aos meus desejos.<\/p>\n<p>5. S\u00f3 por hoje dedicarei dez minutos do meu tempo a uma boa leitura, lembrando-me que assim como \u00e9 preciso comer para sustentar meu corpo, assim tamb\u00e9m a leitura \u00e9 necess\u00e1ria para alimentar a vida da minha alma.<\/p>\n<p>6. S\u00f3 por hoje praticarei uma boa a\u00e7\u00e3o sem cont\u00e1-la a ningu\u00e9m.<\/p>\n<p>7. S\u00f3 por hoje farei uma coisa de que n\u00e3o gosto e se for ofendido nos meus sentimentos procurarei que ningu\u00e9m o saiba.<\/p>\n<p>8. S\u00f3 por hoje farei um programa bem completo do meu dia. Talvez n\u00e3o o execute perfeitamente, mas em todo o caso, vou faz\u00ea-lo. E me guardareibem de duas calamidades: a pressa e a indecis\u00e3o.<\/p>\n<p>9. S\u00f3 por hoje ficarei bem firme na f\u00e9 de que a Divina Provid\u00eancia se ocupa de mim, mesmo se existisse s\u00f3 eu no mundo \u0096 ainda que as circunst\u00e2ncias manifestem o contr\u00e1rio.<\/p>\n<p>10. S\u00f3 por hoje n\u00e3o terei medo de nada. Em particular, n\u00e3o terei medo de gozar do que \u00e9 belo e n\u00e3o terei medo de crer na bondade.<\/p>\n<p>Papa Jo\u00e3o XXIII<\/p><\/div>\n<\/div>\n<p>Leia mais: <a href=\"http:\/\/grupo-de-jovens-jorc.webnode.com.br\/blog\/?utm_source=copy&amp;utm_medium=paste&amp;utm_campaign=copypaste&amp;utm_content=http%3A%2F%2Fgrupo-de-jovens-jorc.webnode.com.br%2Fblog%2F\"><span style=\"text-decoration: underline;\"><span style=\"color: #0066cc;\">http:\/\/grupo-de-jovens-jorc.webnode.com.br\/blog\/<\/span><\/span><\/a><br \/>\nCrie seu site gr\u00e1tis: <a href=\"http:\/\/www.webnode.com.br\/?utm_source=copy&amp;utm_medium=paste&amp;utm_campaign=copypaste&amp;utm_content=http%3A%2F%2Fgrupo-de-jovens-jorc.webnode.com.br%2Fblog%2F\"><span style=\"text-decoration: underline;\"><span style=\"color: #0066cc;\">http:\/\/www.webnode.com.br<\/span><\/span><\/a><\/div>\n<\/div>\n<div style=\"position: absolute; width: 1px; height: 1px; overflow: hidden; top: 645px; left: 20px;\">\n<div style=\"text-align: left; background-color: transparent; color: #000000; text-decoration: none;\">\n<h3><a href=\"http:\/\/catolicanet.com.br\/news\/os-10-mandamentos-da-serenidade-\/\"><strong><span style=\"color: #0066cc;\"><span style=\"text-decoration: underline;\">OS 10 MANDAMENTOS DA SERENIDADE <\/span><\/span><\/strong><\/a><\/h3>\n<p><span style=\"color: #000000;\"><ins><span style=\"text-decoration: underline;\">06\/08\/2012 13:10<\/span><\/ins> <\/span><\/p>\n<div class=\"articleContent\">\n1. S\u00f3 por hoje tratarei de viver exclusivamente este meu dia, sem querer resolver os problemas da minha vida todos de uma vez.<\/p>\n<p>2. S\u00f3 por hoje terei o m\u00e1ximo cuidado com o meu modo de tratar os outros:<br \/>\n-delicado nas minhas maneiras<br \/>\n-n\u00e3o criticar ningu\u00e9m<br \/>\n-n\u00e3o pretenderei melhorar ou disciplinar ningu\u00e9m sen\u00e3o a mim.<\/p>\n<div>\n3. S\u00f3 por hoje me sentirei feliz com a certeza de ter sido criado para ser feliz n\u00e3o s\u00f3 no outro mundo, mas tamb\u00e9m neste.<\/p>\n<p>4. S\u00f3 por hoje me adaptarei \u00e0s circunst\u00e2ncias, sem pretender que as circunst\u00e2ncias se adaptem todas aos meus desejos.<\/p>\n<p>5. S\u00f3 por hoje dedicarei dez minutos do meu tempo a uma boa leitura, lembrando-me que assim como \u00e9 preciso comer para sustentar meu corpo, assim tamb\u00e9m a leitura \u00e9 necess\u00e1ria para alimentar a vida da minha alma.<\/p>\n<p>6. S\u00f3 por hoje praticarei uma boa a\u00e7\u00e3o sem cont\u00e1-la a ningu\u00e9m.<\/p>\n<p>7. S\u00f3 por hoje farei uma coisa de que n\u00e3o gosto e se for ofendido nos meus sentimentos procurarei que ningu\u00e9m o saiba.<\/p>\n<p>8. S\u00f3 por hoje farei um programa bem completo do meu dia. Talvez n\u00e3o o execute perfeitamente, mas em todo o caso, vou faz\u00ea-lo. E me guardareibem de duas calamidades: a pressa e a indecis\u00e3o.<\/p>\n<p>9. S\u00f3 por hoje ficarei bem firme na f\u00e9 de que a Divina Provid\u00eancia se ocupa de mim, mesmo se existisse s\u00f3 eu no mundo \u0096 ainda que as circunst\u00e2ncias manifestem o contr\u00e1rio.<\/p>\n<p>10. S\u00f3 por hoje n\u00e3o terei medo de nada. Em particular, n\u00e3o terei medo de gozar do que \u00e9 belo e n\u00e3o terei medo de crer na bondade.<\/p>\n<p>Papa Jo\u00e3o XXIII<\/p><\/div>\n<\/div>\n<p>Leia mais: <a href=\"http:\/\/grupo-de-jovens-jorc.webnode.com.br\/blog\/?utm_source=copy&amp;utm_medium=paste&amp;utm_campaign=copypaste&amp;utm_content=http%3A%2F%2Fgrupo-de-jovens-jorc.webnode.com.br%2Fblog%2F\"><span style=\"text-decoration: underline;\"><span style=\"color: #0066cc;\">http:\/\/grupo-de-jovens-jorc.webnode.com.br\/blog\/<\/span><\/span><\/a><br \/>\nCrie seu site gr\u00e1tis: <a href=\"http:\/\/www.webnode.com.br\/?utm_source=copy&amp;utm_medium=paste&amp;utm_campaign=copypaste&amp;utm_content=http%3A%2F%2Fgrupo-de-jovens-jorc.webnode.com.br%2Fblog%2F\"><span style=\"text-decoration: underline;\"><span style=\"color: #0066cc;\">http:\/\/www.webnode.com.br<\/span><\/span><\/a><\/div>\n<\/div>\n<div style=\"position: absolute; width: 1px; height: 1px; overflow: hidden; top: 645px; left: 20px;\">\n<div style=\"text-align: left; background-color: transparent; color: #000000; text-decoration: none;\">\n<h3><a href=\"http:\/\/catolicanet.com.br\/news\/os-10-mandamentos-da-serenidade-\/\"><strong><span style=\"color: #0066cc;\"><span style=\"text-decoration: underline;\">OS 10 MANDAMENTOS DA SERENIDADE <\/span><\/span><\/strong><\/a><\/h3>\n<p><span style=\"color: #000000;\"><ins><span style=\"text-decoration: underline;\">06\/08\/2012 13:10<\/span><\/ins> <\/span><\/p>\n<div class=\"articleContent\">\n1. S\u00f3 por hoje tratarei de viver exclusivamente este meu dia, sem querer resolver os problemas da minha vida todos de uma vez.<\/p>\n<p>2. S\u00f3 por hoje terei o m\u00e1ximo cuidado com o meu modo de tratar os outros:<br \/>\n-delicado nas minhas maneiras<br \/>\n-n\u00e3o criticar ningu\u00e9m<br \/>\n-n\u00e3o pretenderei melhorar ou disciplinar ningu\u00e9m sen\u00e3o a mim.<\/p>\n<div>\n3. S\u00f3 por hoje me sentirei feliz com a certeza de ter sido criado para ser feliz n\u00e3o s\u00f3 no outro mundo, mas tamb\u00e9m neste.<\/p>\n<p>4. S\u00f3 por hoje me adaptarei \u00e0s circunst\u00e2ncias, sem pretender que as circunst\u00e2ncias se adaptem todas aos meus desejos.<\/p>\n<p>5. S\u00f3 por hoje dedicarei dez minutos do meu tempo a uma boa leitura, lembrando-me que assim como \u00e9 preciso comer para sustentar meu corpo, assim tamb\u00e9m a leitura \u00e9 necess\u00e1ria para alimentar a vida da minha alma.<\/p>\n<p>6. S\u00f3 por hoje praticarei uma boa a\u00e7\u00e3o sem cont\u00e1-la a ningu\u00e9m.<\/p>\n<p>7. S\u00f3 por hoje farei uma coisa de que n\u00e3o gosto e se for ofendido nos meus sentimentos procurarei que ningu\u00e9m o saiba.<\/p>\n<p>8. S\u00f3 por hoje farei um programa bem completo do meu dia. Talvez n\u00e3o o execute perfeitamente, mas em todo o caso, vou faz\u00ea-lo. E me guardareibem de duas calamidades: a pressa e a indecis\u00e3o.<\/p>\n<p>9. S\u00f3 por hoje ficarei bem firme na f\u00e9 de que a Divina Provid\u00eancia se ocupa de mim, mesmo se existisse s\u00f3 eu no mundo \u0096 ainda que as circunst\u00e2ncias manifestem o contr\u00e1rio.<\/p>\n<p>10. S\u00f3 por hoje n\u00e3o terei medo de nada. Em particular, n\u00e3o terei medo de gozar do que \u00e9 belo e n\u00e3o terei medo de crer na bondade.<\/p>\n<p>Papa Jo\u00e3o XXIII<\/p><\/div>\n<\/div>\n<p>Leia mais: <a href=\"http:\/\/grupo-de-jovens-jorc.webnode.com.br\/blog\/?utm_source=copy&amp;utm_medium=paste&amp;utm_campaign=copypaste&amp;utm_content=http%3A%2F%2Fgrupo-de-jovens-jorc.webnode.com.br%2Fblog%2F\"><span style=\"text-decoration: underline;\"><span style=\"color: #0066cc;\">http:\/\/grupo-de-jovens-jorc.webnode.com.br\/blog\/<\/span><\/span><\/a><br \/>\nCrie seu site gr\u00e1tis: <a href=\"http:\/\/www.webnode.com.br\/?utm_source=copy&amp;utm_medium=paste&amp;utm_campaign=copypaste&amp;utm_content=http%3A%2F%2Fgrupo-de-jovens-jorc.webnode.com.br%2Fblog%2F\"><span style=\"text-decoration: underline;\"><span style=\"color: #0066cc;\">http:\/\/www.webnode.com.br<\/span><\/span><\/a><\/div>\n<\/div>\n<div style=\"position: absolute; width: 1px; height: 1px; overflow: hidden; top: 645px; left: 20px;\">\n<div style=\"text-align: left; background-color: transparent; color: #000000; text-decoration: none;\">\n<h3><a href=\"http:\/\/catolicanet.com.br\/news\/os-10-mandamentos-da-serenidade-\/\"><strong><span style=\"color: #0066cc;\"><span style=\"text-decoration: underline;\">OS 10 MANDAMENTOS DA SERENIDADE <\/span><\/span><\/strong><\/a><\/h3>\n<p><span style=\"color: #000000;\"><ins><span style=\"text-decoration: underline;\">06\/08\/2012 13:10<\/span><\/ins> <\/span><\/p>\n<div class=\"articleContent\">\n1. S\u00f3 por hoje tratarei de viver exclusivamente este meu dia, sem querer resolver os problemas da minha vida todos de uma vez.<\/p>\n<p>2. S\u00f3 por hoje terei o m\u00e1ximo cuidado com o meu modo de tratar os outros:<br \/>\n-delicado nas minhas maneiras<br \/>\n-n\u00e3o criticar ningu\u00e9m<br \/>\n-n\u00e3o pretenderei melhorar ou disciplinar ningu\u00e9m sen\u00e3o a mim.<\/p>\n<div>\n3. S\u00f3 por hoje me sentirei feliz com a certeza de ter sido criado para ser feliz n\u00e3o s\u00f3 no outro mundo, mas tamb\u00e9m neste.<\/p>\n<p>4. S\u00f3 por hoje me adaptarei \u00e0s circunst\u00e2ncias, sem pretender que as circunst\u00e2ncias se adaptem todas aos meus desejos.<\/p>\n<p>5. S\u00f3 por hoje dedicarei dez minutos do meu tempo a uma boa leitura, lembrando-me que assim como \u00e9 preciso comer para sustentar meu corpo, assim tamb\u00e9m a leitura \u00e9 necess\u00e1ria para alimentar a vida da minha alma.<\/p>\n<p>6. S\u00f3 por hoje praticarei uma boa a\u00e7\u00e3o sem cont\u00e1-la a ningu\u00e9m.<\/p>\n<p>7. S\u00f3 por hoje farei uma coisa de que n\u00e3o gosto e se for ofendido nos meus sentimentos procurarei que ningu\u00e9m o saiba.<\/p>\n<p>8. S\u00f3 por hoje farei um programa bem completo do meu dia. Talvez n\u00e3o o execute perfeitamente, mas em todo o caso, vou faz\u00ea-lo. E me guardareibem de duas calamidades: a pressa e a indecis\u00e3o.<\/p>\n<p>9. S\u00f3 por hoje ficarei bem firme na f\u00e9 de que a Divina Provid\u00eancia se ocupa de mim, mesmo se existisse s\u00f3 eu no mundo \u0096 ainda que as circunst\u00e2ncias manifestem o contr\u00e1rio.<\/p>\n<p>10. S\u00f3 por hoje n\u00e3o terei medo de nada. Em particular, n\u00e3o terei medo de gozar do que \u00e9 belo e n\u00e3o terei medo de crer na bondade.<\/p>\n<p>Papa Jo\u00e3o XXIII<\/p><\/div>\n<\/div>\n<p>Leia mais: <a href=\"http:\/\/grupo-de-jovens-jorc.webnode.com.br\/blog\/?utm_source=copy&amp;utm_medium=paste&amp;utm_campaign=copypaste&amp;utm_content=http%3A%2F%2Fgrupo-de-jovens-jorc.webnode.com.br%2Fblog%2F\"><span style=\"text-decoration: underline;\"><span style=\"color: #0066cc;\">http:\/\/grupo-de-jovens-jorc.webnode.com.br\/blog\/<\/span><\/span><\/a><br \/>\nCrie seu site gr\u00e1tis: <a href=\"http:\/\/www.webnode.com.br\/?utm_source=copy&amp;utm_medium=paste&amp;utm_campaign=copypaste&amp;utm_content=http%3A%2F%2Fgrupo-de-jovens-jorc.webnode.com.br%2Fblog%2F\"><span style=\"text-decoration: underline;\"><span style=\"color: #0066cc;\">http:\/\/www.webnode.com.br<\/span><\/span><\/a><\/div>\n<\/div>\n<div style=\"position: absolute; width: 1px; height: 1px; overflow: hidden; top: 1209px; left: 20px;\">\n<div style=\"text-align: left; background-color: transparent; color: #000000; text-decoration: none;\">\n<div style=\"position: absolute; width: 1px; height: 1px; overflow: hidden; top: 1209px; left: 20px;\">\n<div style=\"text-align: left; background-color: transparent; color: #000000; text-decoration: none;\">\n<h3><a href=\"http:\/\/catolicanet.com.br\/news\/os-10-mandamentos-da-serenidade-\/\"><strong><span style=\"color: #0066cc;\"><span style=\"text-decoration: underline;\">OS 10 MANDAMENTOS DA SERENIDADE <\/span><\/span><\/strong><\/a><\/h3>\n<p><span style=\"color: #000000;\"><ins><span style=\"text-decoration: underline;\">06\/08\/2012 13:10<\/span><\/ins> <\/span><\/p>\n<div class=\"articleContent\">\n1. S\u00f3 por hoje tratarei de viver exclusivamente este meu dia, sem querer resolver os problemas da minha vida todos de uma vez.<\/p>\n<p>2. S\u00f3 por hoje terei o m\u00e1ximo cuidado com o meu modo de tratar os outros:<br \/>\n-delicado nas minhas maneiras<br \/>\n-n\u00e3o criticar ningu\u00e9m<br \/>\n-n\u00e3o pretenderei melhorar ou disciplinar ningu\u00e9m sen\u00e3o a mim.<\/p>\n<div>\n3. S\u00f3 por hoje me sentirei feliz com a certeza de ter sido criado para ser feliz n\u00e3o s\u00f3 no outro mundo, mas tamb\u00e9m neste.<\/p>\n<p>4. S\u00f3 por hoje me adaptarei \u00e0s circunst\u00e2ncias, sem pretender que as circunst\u00e2ncias se adaptem todas aos meus desejos.<\/p>\n<p>5. S\u00f3 por hoje dedicarei dez minutos do meu tempo a uma boa leitura, lembrando-me que assim como \u00e9 preciso comer para sustentar meu corpo, assim tamb\u00e9m a leitura \u00e9 necess\u00e1ria para alimentar a vida da minha alma.<\/p>\n<p>6. S\u00f3 por hoje praticarei uma boa a\u00e7\u00e3o sem cont\u00e1-la a ningu\u00e9m.<\/p>\n<p>7. S\u00f3 por hoje farei uma coisa de que n\u00e3o gosto e se for ofendido nos meus sentimentos procurarei que ningu\u00e9m o saiba.<\/p>\n<p>8. S\u00f3 por hoje farei um programa bem completo do meu dia. Talvez n\u00e3o o execute perfeitamente, mas em todo o caso, vou faz\u00ea-lo. E me guardareibem de duas calamidades: a pressa e a indecis\u00e3o.<\/p>\n<p>9. S\u00f3 por hoje ficarei bem firme na f\u00e9 de que a Divina Provid\u00eancia se ocupa de mim, mesmo se existisse s\u00f3 eu no mundo \u0096 ainda que as circunst\u00e2ncias manifestem o contr\u00e1rio.<\/p>\n<p>10. S\u00f3 por hoje n\u00e3o terei medo de nada. Em particular, n\u00e3o terei medo de gozar do que \u00e9 belo e n\u00e3o terei medo de crer na bondade.<\/p>\n<\/div>\n<\/div>\n<p>Leia mais: <a href=\"http:\/\/grupo-de-jovens-jorc.webnode.com.br\/blog\/?utm_source=copy&amp;utm_medium=paste&amp;utm_campaign=copypaste&amp;utm_content=http%3A%2F%2Fgrupo-de-jovens-jorc.webnode.com.br%2Fblog%2F\"><span style=\"text-decoration: underline;\"><span style=\"color: #0066cc;\">http:\/\/grupo-de-jovens-jorc.webnode.com.br\/blog\/<\/span><\/span><\/a><br \/>\nCrie seu site gr\u00e1tis: <a href=\"http:\/\/www.webnode.com.br\/?utm_source=copy&amp;utm_medium=paste&amp;utm_campaign=copypaste&amp;utm_content=http%3A%2F%2Fgrupo-de-jovens-jorc.webnode.com.br%2Fblog%2F\"><span style=\"text-decoration: underline;\"><span style=\"color: #0066cc;\">http:\/\/www.webnode.com.br<\/span><\/span><\/a><\/div>\n<\/div>\n<\/div>\n<\/div>\n<div class=\"sharetools\" style=\"text-align: justify;\">Jo\u00e3o Batista de Rossi nasceu no dia 22 de fevereiro de 1698, em Voltagio, na prov\u00edncia de G\u00eanova, It\u00e1lia. Aos dez anos, foi trabalhar para uma fam\u00edlia muito rica em G\u00eanova como pajem, para poder estudar e manter-se. Tr\u00eas anos depois, transferiu-se, definitivamente, para Roma, morando na casa de um primo que j\u00e1 era sacerdote e estudando no Col\u00e9gio Romano dos jesu\u00edtas. L\u00e1 se doutorou em filosofia, convivendo com os melhores e mais preparados de sua gera\u00e7\u00e3o de cl\u00e9rigos. Depois, os cursos de teologia ele concluiu com os dominicanos de Minerva.<\/p>\n<p>A todo esse esfor\u00e7o intelectual Jo\u00e3o Batista acrescentava uma excessiva carga de atividade evangelizadora, mesmo antes de ser ordenado sacerdote, junto aos jovens e \u00e0s pessoas abandonadas e pobres. Com isso, teve um esgotamento f\u00edsico e psicol\u00f3gico t\u00e3o intenso que desencadearam os ataques epil\u00e9ticos e uma grave doen\u00e7a nos olhos. Nunca mais se recuperou e teve de conviver com essa situa\u00e7\u00e3o o resto da vida. Contudo ele nunca deixou de praticar a penit\u00eancia, concentrada na pouca alimenta\u00e7\u00e3o, minando ainda mais seu fr\u00e1gil organismo.<\/p>\n<p>Recebeu a un\u00e7\u00e3o sacerdotal em 1721. Nessa ocasi\u00e3o, devido \u00e0 experi\u00eancia adquirida na dire\u00e7\u00e3o dos grupos de estudantes, decidiu fundar a Pia Uni\u00e3o de Sacerdotes Seculares, que dirigiu durante alguns anos. Por l\u00e1, at\u00e9 o final de 1935, passaram ilustres personalidades do clero romano, alguns mais tarde a Igreja canonizou e outros foram eleitos para dirigi-la.<\/p>\n<p>Entretanto Jo\u00e3o Batista queria uma obra mais completa, por isso fundou e tamb\u00e9m dirigiu a Casa de Santa Gala, para rapazes carentes, e a Casa de S\u00e3o Luiz Gonzaga, para mo\u00e7as carentes. Ali\u00e1s, esse era seu santo preferido e exemplo que seguia no seu apostolado.<\/p>\n<p>O seu rebanho eram os mais pobres, doentes, encarcerados e pecadores. Tinha o dom do conselho, era atencioso e paciente com todos os fi\u00e9is, que formavam filas para se confessarem com ele. O tom de consola\u00e7\u00e3o, exorta\u00e7\u00e3o e orienta\u00e7\u00e3o com que tratava seus penitentes atra\u00eda crist\u00e3os de toda a cidade e de outras vizinhan\u00e7as. Jo\u00e3o Batista era incans\u00e1vel, dirigia tudo com do\u00e7ura e firmeza, e onde houvesse necessidade de algum socorro ali estava ele levando seu fervor e for\u00e7a espiritual.<\/p>\n<p>Quando seu primo c\u00f4nego morreu, ele foi eleito para suced\u00ea-lo em Santa Maria, em Cosmedin, Roma. Mas acabou sendo dispensado da obriga\u00e7\u00e3o do coro para poder dedicar-se com maior autonomia aos seus compromissos apost\u00f3licos.<\/p>\n<p>Aos sessenta e seis anos de idade, a doen\u00e7a finalmente o venceu e ele morreu no dia 23 de maio de 1764, t\u00e3o pobre que seu enterro foi custeado pela caridade dos devotos. Jo\u00e3o Batista de Rossi foi canonizado pelo papa Le\u00e3o XIII em 1881, que marcou sua celebra\u00e7\u00e3o para o dia de sua morte.<\/p><\/div>\n<p>&nbsp;<\/p>\n<p>S\u00e3o Jo\u00e3o Batista de Rossi, rogai por nos!<\/p>\n<p>&nbsp;<\/p>\n<div id=\"4d5ea122BQC8RWg29Lk2skI\"><\/div>\n","protected":false},"excerpt":{"rendered":"<p>OS 10 MANDAMENTOS DA SERENIDADE 06\/08\/2012 13:10 1. S\u00f3 por hoje tratarei de viver exclusivamente este meu dia, sem querer resolver os problemas da minha vida todos de uma vez. 2. S\u00f3 por hoje terei o m\u00e1ximo cuidado com o meu modo de tratar os outros: -delicado nas minhas maneiras -n\u00e3o criticar ningu\u00e9m -n\u00e3o pretenderei [&hellip;]<\/p>\n","protected":false},"author":1,"featured_media":22331,"comment_status":"closed","ping_status":"closed","sticky":false,"template":"","format":"standard","meta":{"footnotes":""},"categories":[32],"tags":[],"class_list":["post-2771","post","type-post","status-publish","format-standard","has-post-thumbnail","hentry","category-santo-do-dia"],"_links":{"self":[{"href":"https:\/\/catolicanet.net\/wp-cnet\/wp-json\/wp\/v2\/posts\/2771","targetHints":{"allow":["GET"]}}],"collection":[{"href":"https:\/\/catolicanet.net\/wp-cnet\/wp-json\/wp\/v2\/posts"}],"about":[{"href":"https:\/\/catolicanet.net\/wp-cnet\/wp-json\/wp\/v2\/types\/post"}],"author":[{"embeddable":true,"href":"https:\/\/catolicanet.net\/wp-cnet\/wp-json\/wp\/v2\/users\/1"}],"replies":[{"embeddable":true,"href":"https:\/\/catolicanet.net\/wp-cnet\/wp-json\/wp\/v2\/comments?post=2771"}],"version-history":[{"count":3,"href":"https:\/\/catolicanet.net\/wp-cnet\/wp-json\/wp\/v2\/posts\/2771\/revisions"}],"predecessor-version":[{"id":22330,"href":"https:\/\/catolicanet.net\/wp-cnet\/wp-json\/wp\/v2\/posts\/2771\/revisions\/22330"}],"wp:featuredmedia":[{"embeddable":true,"href":"https:\/\/catolicanet.net\/wp-cnet\/wp-json\/wp\/v2\/media\/22331"}],"wp:attachment":[{"href":"https:\/\/catolicanet.net\/wp-cnet\/wp-json\/wp\/v2\/media?parent=2771"}],"wp:term":[{"taxonomy":"category","embeddable":true,"href":"https:\/\/catolicanet.net\/wp-cnet\/wp-json\/wp\/v2\/categories?post=2771"},{"taxonomy":"post_tag","embeddable":true,"href":"https:\/\/catolicanet.net\/wp-cnet\/wp-json\/wp\/v2\/tags?post=2771"}],"curies":[{"name":"wp","href":"https:\/\/api.w.org\/{rel}","templated":true}]}}