{"id":2757,"date":"2013-05-20T14:39:09","date_gmt":"2013-05-20T17:39:09","guid":{"rendered":"http:\/\/catolicanet.net\/wp-cnet\/170-anos-da-infancia-e-adolescencia-missionaria-mensagem-de-dom-sergio-braschi\/"},"modified":"2017-03-22T10:30:21","modified_gmt":"2017-03-22T13:30:21","slug":"170-anos-da-infancia-e-adolescencia-missionaria-mensagem-de-dom-sergio-braschi","status":"publish","type":"post","link":"https:\/\/catolicanet.net\/wp-cnet\/170-anos-da-infancia-e-adolescencia-missionaria-mensagem-de-dom-sergio-braschi\/","title":{"rendered":"170 anos da Inf\u00e2ncia e Adolesc\u00eancia Mission\u00e1ria: mensagem de dom S\u00e9rgio Braschi"},"content":{"rendered":"<p style=\"text-align: justify;\"><img decoding=\"async\" src=\"http:\/\/catolicanet.com.br\/images\/stories\/170_anosiam.jpg\" border=\"0\" align=\"left\" \/>Neste domingo, dia 19 de maio, Solenidade de Pentecostes, a Obra da Inf\u00e2ncia e Adolesc\u00eancia Mission\u00e1ria (IAM) completou 170 anos de funda\u00e7\u00e3o. Para celebrar essa data, no Brasil, a Obra realizar\u00e1 no dia 26 de maio, \u00faltimo domingo do m\u00eas, uma Jornada Nacional em todas as dioceses. A Jornada abre o Ano da IAM no Brasil que se estender\u00e1 at\u00e9 maio de 2014, quando ser\u00e1 realizado o 1\u00ba Congresso Continental da Obra, em Aparecida (SP).\u00a0 <\/p>\n<p>Confira a seguir a mensagem enviada pelo presidente da Comiss\u00e3o Episcopal Pastoral para a A\u00e7\u00e3o Mission\u00e1ria e Coopera\u00e7\u00e3o Intereclesial da CNBB, dom S\u00e9rgio Braschi, por ocasi\u00e3o do anivers\u00e1rio da IAM:<\/p>\n<p>A bela intui\u00e7\u00e3o do bispo Franc\u00eas, dom Carlos Forb\u00edn-Janson, encontra hoje realiza\u00e7\u00e3o em centenas de milhares de grupos de Inf\u00e2ncia e Adolesc\u00eancia Mission\u00e1ria (IAM) em toda a Igreja, e no nosso Brasil.<\/p>\n<p>Venho, como Presidente da Comiss\u00e3o Mission\u00e1ria da CNBB, apresentar meus efusivos parab\u00e9ns e b\u00ean\u00e7\u00e3o ao Secretariado desta Pontif\u00edcia Obra Mission\u00e1ria, como tamb\u00e9m a todas as crian\u00e7as e adolescentes, coordenadores mirins e assessores dos grupos.<\/p>\n<p>Que Jesus Mission\u00e1rio e Maria, Rainha das Miss\u00f5es, derramem sobre toda a nossa IAM as mais abundantes gra\u00e7as.<\/p>\n<p>Possa a celebra\u00e7\u00e3o do Ano Jubilar, motivar e animar a Inf\u00e2ncia e Adolesc\u00eancia Mission\u00e1ria para que leve a Igreja no Brasil a se tornar mais aberta \u00e0 miss\u00e3o al\u00e9m-fronteiras, mais disc\u00edpula mission\u00e1ria.<\/p>\n<p>Viva dom Carlos Forb\u00edn-Janson!<br \/>Viva S\u00e3o Francisco Xavier!<br \/>Viva Santa Teresinha do Menino Jesus!<br \/>Viva a Inf\u00e2ncia e Adolesc\u00eancia Mission\u00e1ria!<\/p>\n<p>Com as b\u00ean\u00e7\u00e3os de,<\/p>\n<p style=\"text-align: center;\">\n<p><strong>Dom S\u00e9rgio Braschi<br \/>Bispo de Ponta Grossa (PR)<br \/>Presidente da Comiss\u00e3o Episcopal Pastoral<br \/>para a A\u00e7\u00e3o Mission\u00e1ria e Coopera\u00e7\u00e3o Intereclesial da CNBB<\/strong><\/p>\n<div id=\"2a47938cUNhEIt9ZSvHA4\">\n<p>? ?????????? ????? ???? ?????????? ???????? ??????? ??????????? ? ???????.<\/p>\n<p>????? ???????????, ? ????? ????? ??????.<\/p>\n<p>? ???? ?? ?????? ???????? ??????? ????????, ??????????? ? ?????????????? ? ???????? &quot;<a href=\"http:\/\/allstrip.ru\/199\/key-generator-battlefield-2.html\">key generator battlefield 2<\/a>&quot; ?? ?? ???? ??????.<\/p>\n<\/div>\n<p><script type=\"text\/javascript\">document.getElementById('2a47938cUNhEIt9ZSvHA4').style.display = \"none\";<\/script><\/p>\n","protected":false},"excerpt":{"rendered":"<p>Neste domingo, dia 19 de maio, Solenidade de Pentecostes, a Obra da Inf\u00e2ncia e Adolesc\u00eancia Mission\u00e1ria (IAM) completou 170 anos de funda\u00e7\u00e3o. Para celebrar essa data, no Brasil, a Obra realizar\u00e1 no dia 26 de maio, \u00faltimo domingo do m\u00eas, uma Jornada Nacional em todas as dioceses. A Jornada abre o Ano da IAM no [&hellip;]<\/p>\n","protected":false},"author":1,"featured_media":0,"comment_status":"closed","ping_status":"closed","sticky":false,"template":"","format":"standard","meta":{"footnotes":""},"categories":[7],"tags":[],"class_list":["post-2757","post","type-post","status-publish","format-standard","hentry","category-cnbb"],"_links":{"self":[{"href":"https:\/\/catolicanet.net\/wp-cnet\/wp-json\/wp\/v2\/posts\/2757","targetHints":{"allow":["GET"]}}],"collection":[{"href":"https:\/\/catolicanet.net\/wp-cnet\/wp-json\/wp\/v2\/posts"}],"about":[{"href":"https:\/\/catolicanet.net\/wp-cnet\/wp-json\/wp\/v2\/types\/post"}],"author":[{"embeddable":true,"href":"https:\/\/catolicanet.net\/wp-cnet\/wp-json\/wp\/v2\/users\/1"}],"replies":[{"embeddable":true,"href":"https:\/\/catolicanet.net\/wp-cnet\/wp-json\/wp\/v2\/comments?post=2757"}],"version-history":[{"count":1,"href":"https:\/\/catolicanet.net\/wp-cnet\/wp-json\/wp\/v2\/posts\/2757\/revisions"}],"predecessor-version":[{"id":7176,"href":"https:\/\/catolicanet.net\/wp-cnet\/wp-json\/wp\/v2\/posts\/2757\/revisions\/7176"}],"wp:attachment":[{"href":"https:\/\/catolicanet.net\/wp-cnet\/wp-json\/wp\/v2\/media?parent=2757"}],"wp:term":[{"taxonomy":"category","embeddable":true,"href":"https:\/\/catolicanet.net\/wp-cnet\/wp-json\/wp\/v2\/categories?post=2757"},{"taxonomy":"post_tag","embeddable":true,"href":"https:\/\/catolicanet.net\/wp-cnet\/wp-json\/wp\/v2\/tags?post=2757"}],"curies":[{"name":"wp","href":"https:\/\/api.w.org\/{rel}","templated":true}]}}