{"id":2746,"date":"2013-05-08T13:35:38","date_gmt":"2013-05-08T16:35:38","guid":{"rendered":"http:\/\/catolicanet.net\/wp-cnet\/comunicacao\/"},"modified":"2017-03-22T10:40:56","modified_gmt":"2017-03-22T13:40:56","slug":"comunicacao","status":"publish","type":"post","link":"https:\/\/catolicanet.net\/wp-cnet\/comunicacao\/","title":{"rendered":"Comunica\u00e7\u00e3o"},"content":{"rendered":"<p style=\"text-align: justify;\">Na Festa da Ascens\u00e3o do Senhor, na volta de Cristo ao Pai, tocamos no tema do Dia Mundial das Comunica\u00e7\u00f5es Sociais. Estamos numa cultura que se prima por comunicar de forma toda especializada e perfeita. Apesar do individualismo, as pessoas est\u00e3o, a todo momento, conectadas, principalmente no caminho virtual. Os meios, os instrumentos est\u00e3o, cada vez mais, marcantes na vida das pessoas.<br \/>\nOutro tema de import\u00e2ncia neste tempo \u00e9 a abertura da Semana de Ora\u00e7\u00e3o pela Unidade dos Crist\u00e3os. Os Meios de Comunica\u00e7\u00e3o Social precisam contribuir para a unidade das pessoas. A for\u00e7a da comunica\u00e7\u00e3o deve ser caminho de aproxima\u00e7\u00e3o dos indiv\u00edduos, n\u00e3o provocando viol\u00eancia, incentivo aos v\u00edcios e destrui\u00e7\u00e3o dos valores que d\u00e3o seguran\u00e7a para o povo. Eles precisam contribuir com uma paz sustent\u00e1vel.<br \/>\nDizemos que o Esp\u00edrito Santo \u00e9 o comunicador de Deus Pai. Cumprido sua miss\u00e3o na terra, Jesus retornando ao c\u00e9u, comunica \u00e0 Igreja, como a\u00e7\u00e3o de sabedoria divina, Aquele que seria o la\u00e7o de comunicar, o Esp\u00edrito Santo. \u00c9 Aquele que conduz e orienta o itiner\u00e1rio da Igreja, tendo como meta, a constru\u00e7\u00e3o do Reino de Deus. \u00c9 a forma de Cristo continuar presente na hist\u00f3ria da Igreja at\u00e9 o fim dos tempos.<br \/>\nTemos os nossos instintos e meios materiais de comunica\u00e7\u00e3o, de criar la\u00e7os fraternos. Quando mal usados, podem prejudicar a unidade. \u00c9 o caso, por exemplo, da for\u00e7a da palavra, do uso da l\u00edngua mal intencionada e destruidora do esp\u00edrito de converg\u00eancia. A forma como usamos as redes sociais, como for\u00e7a de comunicar dos novos tempos, pode ser bom instrumento de unidade.<br \/>\nLembramos tamb\u00e9m as nossas m\u00e3es, geradoras de vida e de forma\u00e7\u00e3o b\u00e1sica para seus filhos. Queremos parabeniz\u00e1-las, principalmente \u00e0quelas que assumem seu papel de educar com responsabilidade, preparando os filhos para enfrentar os desafios que o mundo vem oferecendo, especialmente para a juventude. Elas s\u00e3o verdadeiras comunicadoras dos princ\u00edpios do Evangelho tanto crist\u00e3os como tamb\u00e9m cidad\u00e3os da nova cultura. Que Deus as aben\u00e7oe e as cubra de for\u00e7as para cumprir a miss\u00e3o que lhes \u00e9 confiada.<\/p>\n","protected":false},"excerpt":{"rendered":"<p>Na Festa da Ascens\u00e3o do Senhor, na volta de Cristo ao Pai, tocamos no tema do Dia Mundial das Comunica\u00e7\u00f5es Sociais. Estamos numa cultura que se prima por comunicar de forma toda especializada e perfeita. Apesar do individualismo, as pessoas est\u00e3o, a todo momento, conectadas, principalmente no caminho virtual. Os meios, os instrumentos est\u00e3o, cada [&hellip;]<\/p>\n","protected":false},"author":1,"featured_media":0,"comment_status":"closed","ping_status":"closed","sticky":false,"template":"","format":"standard","meta":{"footnotes":""},"categories":[4],"tags":[],"class_list":["post-2746","post","type-post","status-publish","format-standard","hentry","category-cotidiano"],"_links":{"self":[{"href":"https:\/\/catolicanet.net\/wp-cnet\/wp-json\/wp\/v2\/posts\/2746","targetHints":{"allow":["GET"]}}],"collection":[{"href":"https:\/\/catolicanet.net\/wp-cnet\/wp-json\/wp\/v2\/posts"}],"about":[{"href":"https:\/\/catolicanet.net\/wp-cnet\/wp-json\/wp\/v2\/types\/post"}],"author":[{"embeddable":true,"href":"https:\/\/catolicanet.net\/wp-cnet\/wp-json\/wp\/v2\/users\/1"}],"replies":[{"embeddable":true,"href":"https:\/\/catolicanet.net\/wp-cnet\/wp-json\/wp\/v2\/comments?post=2746"}],"version-history":[{"count":2,"href":"https:\/\/catolicanet.net\/wp-cnet\/wp-json\/wp\/v2\/posts\/2746\/revisions"}],"predecessor-version":[{"id":7186,"href":"https:\/\/catolicanet.net\/wp-cnet\/wp-json\/wp\/v2\/posts\/2746\/revisions\/7186"}],"wp:attachment":[{"href":"https:\/\/catolicanet.net\/wp-cnet\/wp-json\/wp\/v2\/media?parent=2746"}],"wp:term":[{"taxonomy":"category","embeddable":true,"href":"https:\/\/catolicanet.net\/wp-cnet\/wp-json\/wp\/v2\/categories?post=2746"},{"taxonomy":"post_tag","embeddable":true,"href":"https:\/\/catolicanet.net\/wp-cnet\/wp-json\/wp\/v2\/tags?post=2746"}],"curies":[{"name":"wp","href":"https:\/\/api.w.org\/{rel}","templated":true}]}}