{"id":2742,"date":"2023-05-08T00:00:00","date_gmt":"2023-05-08T03:00:00","guid":{"rendered":"http:\/\/catolicanet.net\/wp-cnet\/sao-vitor\/"},"modified":"2023-01-02T18:57:38","modified_gmt":"2023-01-02T21:57:38","slug":"sao-vitor","status":"publish","type":"post","link":"https:\/\/catolicanet.net\/wp-cnet\/sao-vitor\/","title":{"rendered":"S\u00e3o Vitor"},"content":{"rendered":"<p style=\"text-align: justify;\">Hoje comemoramos o dia de S\u00e3o Vitor que era um soldado africano, proveniente da Maurit\u00e2nia, e encontrava-se em Mil\u00e3o junto com seus dois companheiros e tamb\u00e9m soldados, Nabor e F\u00e9lix, tendo sido preso e levado ao tribunal, como continuava declarando-se crist\u00e3o, foi colocado em uma pris\u00e3o e deixado como castigo seis dias sem comer ou beber.<\/p>\n<p>S\u00e3o V\u00edtor foi levado ao imperador Maximiliano H\u00e9rculo para ser interrogado e persistindo em confessar-se crist\u00e3o, foi flagelado e enviado para um c\u00e1rcere. Foi ali torturado com chumbo derretido derramado sobre suas feridas. Um dia aproveitando-se da distra\u00e7\u00e3o dos outros, conseguiu fugir e se esconder. Sua liberdade descoberta dias depois, foi decapitado.<\/p>\n<p>O corpo de S\u00e3o V\u00edtor ficou durante uma semana sem sepultura e vigiado por duas feras, foi quando S\u00e3o Materno o encontrou e lhe deu digna sepultura. Foi Santo Ambr\u00f3sio que descobriu a hist\u00f3ria do soldado africano. S\u00e3o Vitor \u00e9 um dos Santos mais populares de Mil\u00e3o. \u00c9 o patrono dos exilados.<\/p>\n<p style=\"text-align: justify;\">S\u00e3o Vitor, rogai por n\u00f3s!<\/p>\n","protected":false},"excerpt":{"rendered":"<p>Hoje comemoramos o dia de S\u00e3o Vitor que era um soldado africano, proveniente da Maurit\u00e2nia, e encontrava-se em Mil\u00e3o junto com seus dois companheiros e tamb\u00e9m soldados, Nabor e F\u00e9lix, tendo sido preso e levado ao tribunal, como continuava declarando-se crist\u00e3o, foi colocado em uma pris\u00e3o e deixado como castigo seis dias sem comer ou [&hellip;]<\/p>\n","protected":false},"author":1,"featured_media":22371,"comment_status":"closed","ping_status":"closed","sticky":false,"template":"","format":"standard","meta":{"footnotes":""},"categories":[32],"tags":[],"class_list":["post-2742","post","type-post","status-publish","format-standard","has-post-thumbnail","hentry","category-santo-do-dia"],"_links":{"self":[{"href":"https:\/\/catolicanet.net\/wp-cnet\/wp-json\/wp\/v2\/posts\/2742","targetHints":{"allow":["GET"]}}],"collection":[{"href":"https:\/\/catolicanet.net\/wp-cnet\/wp-json\/wp\/v2\/posts"}],"about":[{"href":"https:\/\/catolicanet.net\/wp-cnet\/wp-json\/wp\/v2\/types\/post"}],"author":[{"embeddable":true,"href":"https:\/\/catolicanet.net\/wp-cnet\/wp-json\/wp\/v2\/users\/1"}],"replies":[{"embeddable":true,"href":"https:\/\/catolicanet.net\/wp-cnet\/wp-json\/wp\/v2\/comments?post=2742"}],"version-history":[{"count":3,"href":"https:\/\/catolicanet.net\/wp-cnet\/wp-json\/wp\/v2\/posts\/2742\/revisions"}],"predecessor-version":[{"id":22372,"href":"https:\/\/catolicanet.net\/wp-cnet\/wp-json\/wp\/v2\/posts\/2742\/revisions\/22372"}],"wp:featuredmedia":[{"embeddable":true,"href":"https:\/\/catolicanet.net\/wp-cnet\/wp-json\/wp\/v2\/media\/22371"}],"wp:attachment":[{"href":"https:\/\/catolicanet.net\/wp-cnet\/wp-json\/wp\/v2\/media?parent=2742"}],"wp:term":[{"taxonomy":"category","embeddable":true,"href":"https:\/\/catolicanet.net\/wp-cnet\/wp-json\/wp\/v2\/categories?post=2742"},{"taxonomy":"post_tag","embeddable":true,"href":"https:\/\/catolicanet.net\/wp-cnet\/wp-json\/wp\/v2\/tags?post=2742"}],"curies":[{"name":"wp","href":"https:\/\/api.w.org\/{rel}","templated":true}]}}