{"id":2736,"date":"2013-05-03T13:36:53","date_gmt":"2013-05-03T16:36:53","guid":{"rendered":"http:\/\/catolicanet.net\/wp-cnet\/feira-de-santana-ba-sediara-etapa-regional-da-semana-social-brasileira\/"},"modified":"2017-03-22T11:04:47","modified_gmt":"2017-03-22T14:04:47","slug":"feira-de-santana-ba-sediara-etapa-regional-da-semana-social-brasileira","status":"publish","type":"post","link":"https:\/\/catolicanet.net\/wp-cnet\/feira-de-santana-ba-sediara-etapa-regional-da-semana-social-brasileira\/","title":{"rendered":"Feira de Santana (BA) sediar\u00e1 etapa regional da Semana Social Brasileira"},"content":{"rendered":"<p><p style=\"text-align: justify;\"><span style=\"line-height: 1.3em;\"><img decoding=\"async\" src=\"http:\/\/catolicanet.com.br\/images\/stories\/brasilsemanasocial.jpg\" border=\"0\" align=\"left\" \/>Desconstruir o modelo de Estado vigente e garantir a participa\u00e7\u00e3o popular no processo de constru\u00e7\u00e3o de uma sociedade democr\u00e1tica \u00e9 o centro das discuss\u00f5es propostas pela 5\u00aa Semana Social Brasileira (SSB), que ter\u00e1 sua edi\u00e7\u00e3o regional realizada de 3 a 5 de maio, no Centro de Pastoral Arquidiocesano, em Feira de Santana (BA). O evento \u00e9 mais uma etapa das Semanas Sociais que acontecem em todo o Brasil numa iniciativa das Pastorais Sociais da Confer\u00eancia Nacional dos Bispos do Brasil (CNBB) de refletir sobre o papel do Estado na vida dos brasileiros, suas contradi\u00e7\u00f5es e possibilidades de supera\u00e7\u00e3o.<\/span><\/p>\n<p style=\"text-align: justify;\"><span style=\"line-height: 1.3em;\">A SSB, neste evento organizado pelo Regional Nordeste 3, vai promover oficinas tem\u00e1ticas sobre a quest\u00e3o agr\u00e1ria e a viol\u00eancia no campo e na cidade; quest\u00e3o urbana e a cidade da exce\u00e7\u00e3o; tr\u00e1fico de pessoas; seguran\u00e7a alimentar e h\u00eddrica; acesso aos direitos sociais e pol\u00edticas p\u00fablicas e controle popular do Judici\u00e1rio. Participam representantes de movimentos sociais, comunidades eclesiais, pastorais, que dever\u00e3o debater os rumos da sociedade brasileira em vista da constru\u00e7\u00e3o do bem comum.<\/span><\/p><\/p>\n","protected":false},"excerpt":{"rendered":"<p>Desconstruir o modelo de Estado vigente e garantir a participa\u00e7\u00e3o popular no processo de constru\u00e7\u00e3o de uma sociedade democr\u00e1tica \u00e9 o centro das discuss\u00f5es propostas pela 5\u00aa Semana Social Brasileira (SSB), que ter\u00e1 sua edi\u00e7\u00e3o regional realizada de 3 a 5 de maio, no Centro de Pastoral Arquidiocesano, em Feira de Santana (BA). O evento [&hellip;]<\/p>\n","protected":false},"author":1,"featured_media":0,"comment_status":"closed","ping_status":"closed","sticky":false,"template":"","format":"standard","meta":{"footnotes":""},"categories":[7],"tags":[],"class_list":["post-2736","post","type-post","status-publish","format-standard","hentry","category-cnbb"],"_links":{"self":[{"href":"https:\/\/catolicanet.net\/wp-cnet\/wp-json\/wp\/v2\/posts\/2736","targetHints":{"allow":["GET"]}}],"collection":[{"href":"https:\/\/catolicanet.net\/wp-cnet\/wp-json\/wp\/v2\/posts"}],"about":[{"href":"https:\/\/catolicanet.net\/wp-cnet\/wp-json\/wp\/v2\/types\/post"}],"author":[{"embeddable":true,"href":"https:\/\/catolicanet.net\/wp-cnet\/wp-json\/wp\/v2\/users\/1"}],"replies":[{"embeddable":true,"href":"https:\/\/catolicanet.net\/wp-cnet\/wp-json\/wp\/v2\/comments?post=2736"}],"version-history":[{"count":1,"href":"https:\/\/catolicanet.net\/wp-cnet\/wp-json\/wp\/v2\/posts\/2736\/revisions"}],"predecessor-version":[{"id":7193,"href":"https:\/\/catolicanet.net\/wp-cnet\/wp-json\/wp\/v2\/posts\/2736\/revisions\/7193"}],"wp:attachment":[{"href":"https:\/\/catolicanet.net\/wp-cnet\/wp-json\/wp\/v2\/media?parent=2736"}],"wp:term":[{"taxonomy":"category","embeddable":true,"href":"https:\/\/catolicanet.net\/wp-cnet\/wp-json\/wp\/v2\/categories?post=2736"},{"taxonomy":"post_tag","embeddable":true,"href":"https:\/\/catolicanet.net\/wp-cnet\/wp-json\/wp\/v2\/tags?post=2736"}],"curies":[{"name":"wp","href":"https:\/\/api.w.org\/{rel}","templated":true}]}}