{"id":2733,"date":"2013-05-02T17:19:05","date_gmt":"2013-05-02T20:19:05","guid":{"rendered":"http:\/\/catolicanet.net\/wp-cnet\/cimi-sul-lanca-caderno-contra-pec-que-ameaca-terras-indigenas\/"},"modified":"2017-03-22T11:07:45","modified_gmt":"2017-03-22T14:07:45","slug":"cimi-sul-lanca-caderno-contra-pec-que-ameaca-terras-indigenas","status":"publish","type":"post","link":"https:\/\/catolicanet.net\/wp-cnet\/cimi-sul-lanca-caderno-contra-pec-que-ameaca-terras-indigenas\/","title":{"rendered":"CIMI Sul lan\u00e7a caderno contra PEC que amea\u00e7a terras ind\u00edgenas"},"content":{"rendered":"<p><p style=\"text-align: justify;\"><span style=\"line-height: 1.3em;\"><img decoding=\"async\" src=\"http:\/\/catolicanet.com.br\/images\/stories\/pecsul4.jpg\" border=\"0\" align=\"left\" \/>O caderno \u0093PEC 215: amea\u00e7a aos direitos dos povos ind\u00edgenas, quilombolas e meio ambiente\u0094 foi lan\u00e7ado pelo Conselho Indigenista Mission\u00e1rio Regional Sul na aldeia Morro dos Cavalos na Grande Florian\u00f3polis, dia 23 de abril. Objetivo do organismo vinculado \u00e0 Confer\u00eancia Nacional dos Bispos do Brasil \u00e9 debater as implica\u00e7\u00f5es desta Proposta de Emenda \u00e0 Constitui\u00e7\u00e3o.<\/span><\/p>\n<p style=\"text-align: justify;\"><span style=\"line-height: 1.3em;\">O mission\u00e1rio Clovis Brighenti explicou que os parlamentares pretendem \u0093ter o poder de demarcar n\u00e3o s\u00f3 as terras ind\u00edgenas mas, tamb\u00e9m, as \u00e1reas quilombolas e de conserva\u00e7\u00e3o, como reservas florestais\u0094. Para ele, a PEC \u0093\u00e9 uma das amea\u00e7as mais contundentes aos direitos dos povos ind\u00edgenas\u0094.<\/span><\/p>\n<p style=\"text-align: justify;\"><span style=\"line-height: 1.3em;\">Um trecho do caderno diz que \u0093passar a responsabilidade da demarca\u00e7\u00e3o das terras aos deputados \u00e9 o mesmo que dizer que os ind\u00edgenas n\u00e3o possuem o direito origin\u00e1rio\u0094, se aprovada PEC, as homologa\u00e7\u00f5es depender\u00e3o de negocia\u00e7\u00f5es pol\u00edticas. Atualmente a compet\u00eancia \u00e9 do Poder Executivo.<\/span><\/p>\n<p style=\"text-align: justify;\"><span style=\"line-height: 1.3em;\">Brighenti afirmou que \u00e9 necess\u00e1rio press\u00e3o para que parlamentares n\u00e3o aprovem a proposta. Para isso, o caderno relaciona os nomes e correios eletr\u00f4nicos dos deputados federais de Santa Catarina, Rio Grande do Sul e Paran\u00e1.<\/span><\/p>\n<p style=\"text-align: justify;\"><span style=\"line-height: 1.3em;\">A recente a cria\u00e7\u00e3o de um colegiado composto de dez deputados e de representantes das comunidades ind\u00edgenas para discutir relacionadas \u00e0s demarca\u00e7\u00f5es, entre elas a PEC 215, \u00e9 tido como resultado do protesto realizado em Bras\u00edlia no dia 16 de abril. Centenas de \u00edndios ocuparam v\u00e1rios espa\u00e7os da C\u00e2mara e, inclusive, o plen\u00e1rio da Casa, durante sess\u00e3o. A cacique Eunice Antunes contou que, inicialmente, o objetivo n\u00e3o era entrar no Congresso. &#8220;Aconteceu uma coisa muito forte nesse dia. Deus colocou a sua m\u00e3o naquele momento. \u00cdamos s\u00f3 fazer um ritual na frente [do Congresso], mas de repente a porta se abriu&#8221;, contou.<\/span><\/p>\n<p style=\"text-align: justify;\"><span style=\"line-height: 1.3em;\">Ela acredita que a for\u00e7a dos povos ind\u00edgenas unidos pode \u0093enterrar a PEC\u0094 porque agora \u0093eles [os deputados] ter\u00e3o que pensar bastante [antes de aprov\u00e1-la]\u0094.<\/span><\/p>\n<p style=\"text-align: justify;\"><span style=\"line-height: 1.3em;\">O lan\u00e7amento do caderno foi acompanhado por lideran\u00e7as da comunidade, professores e estudantes das universidades federal e estadual de Santa Catarina al\u00e9m de representantes de pastorais sociais da Igreja Cat\u00f3lica. Na ocasi\u00e3o, tamb\u00e9m aconteceu o lan\u00e7amento do livro \u0093A terra que volta ao verdadeiro dono\u0094, que conta a hist\u00f3ria das aldeias Guarani ao logo do litoral catarinense.<\/span><\/p><\/p>\n","protected":false},"excerpt":{"rendered":"<p>O caderno \u0093PEC 215: amea\u00e7a aos direitos dos povos ind\u00edgenas, quilombolas e meio ambiente\u0094 foi lan\u00e7ado pelo Conselho Indigenista Mission\u00e1rio Regional Sul na aldeia Morro dos Cavalos na Grande Florian\u00f3polis, dia 23 de abril. Objetivo do organismo vinculado \u00e0 Confer\u00eancia Nacional dos Bispos do Brasil \u00e9 debater as implica\u00e7\u00f5es desta Proposta de Emenda \u00e0 Constitui\u00e7\u00e3o. [&hellip;]<\/p>\n","protected":false},"author":1,"featured_media":0,"comment_status":"closed","ping_status":"closed","sticky":false,"template":"","format":"standard","meta":{"footnotes":""},"categories":[7],"tags":[],"class_list":["post-2733","post","type-post","status-publish","format-standard","hentry","category-cnbb"],"_links":{"self":[{"href":"https:\/\/catolicanet.net\/wp-cnet\/wp-json\/wp\/v2\/posts\/2733","targetHints":{"allow":["GET"]}}],"collection":[{"href":"https:\/\/catolicanet.net\/wp-cnet\/wp-json\/wp\/v2\/posts"}],"about":[{"href":"https:\/\/catolicanet.net\/wp-cnet\/wp-json\/wp\/v2\/types\/post"}],"author":[{"embeddable":true,"href":"https:\/\/catolicanet.net\/wp-cnet\/wp-json\/wp\/v2\/users\/1"}],"replies":[{"embeddable":true,"href":"https:\/\/catolicanet.net\/wp-cnet\/wp-json\/wp\/v2\/comments?post=2733"}],"version-history":[{"count":1,"href":"https:\/\/catolicanet.net\/wp-cnet\/wp-json\/wp\/v2\/posts\/2733\/revisions"}],"predecessor-version":[{"id":7196,"href":"https:\/\/catolicanet.net\/wp-cnet\/wp-json\/wp\/v2\/posts\/2733\/revisions\/7196"}],"wp:attachment":[{"href":"https:\/\/catolicanet.net\/wp-cnet\/wp-json\/wp\/v2\/media?parent=2733"}],"wp:term":[{"taxonomy":"category","embeddable":true,"href":"https:\/\/catolicanet.net\/wp-cnet\/wp-json\/wp\/v2\/categories?post=2733"},{"taxonomy":"post_tag","embeddable":true,"href":"https:\/\/catolicanet.net\/wp-cnet\/wp-json\/wp\/v2\/tags?post=2733"}],"curies":[{"name":"wp","href":"https:\/\/api.w.org\/{rel}","templated":true}]}}