{"id":2731,"date":"2013-05-02T17:02:25","date_gmt":"2013-05-02T20:02:25","guid":{"rendered":"http:\/\/catolicanet.net\/wp-cnet\/patriarca-maronita-visita-santuario-de-aparecida\/"},"modified":"2017-03-22T11:09:11","modified_gmt":"2017-03-22T14:09:11","slug":"patriarca-maronita-visita-santuario-de-aparecida","status":"publish","type":"post","link":"https:\/\/catolicanet.net\/wp-cnet\/patriarca-maronita-visita-santuario-de-aparecida\/","title":{"rendered":"Patriarca maronita visita Santu\u00e1rio de Aparecida"},"content":{"rendered":"<p><p style=\"text-align: justify;\"><span style=\"line-height: 1.3em;\"><img decoding=\"async\" src=\"http:\/\/catolicanet.com.br\/images\/stories\/cardealbechara.jpg\" border=\"0\" align=\"left\" \/>O Santu\u00e1rio Nacional de Aparecida acolheu nesta quarta-feira (1\u00ba) o Patriarca maronita Cardeal Bechara Boutros Ra\u00ed.<\/span><\/p>\n<p style=\"text-align: justify;\"><span style=\"line-height: 1.3em;\">O Cardeal Bechara Boutros Ra\u00ed foi recebido pelo Arcebispo de Aparecida, Cardeal Raymundo Damasceno Assis, pelo Bispo Auxiliar, Dom Darci Jos\u00e9, pelo reitor do Santu\u00e1rio, Padre Domingos S\u00e1vio e pelo Prefeito de Igreja, Padre Valdivino Guimaraes.<\/span><\/p>\n<p style=\"text-align: justify;\"><span style=\"line-height: 1.3em;\">A comitiva visitou a Capela dos Ap\u00f3stolos, espa\u00e7o reservado dentro do Santu\u00e1rio Nacional que abriga a Imagem de Nossa Senhora Aparecida, e depois participaram da Consagra\u00e7\u00e3o a Padroeira do Brasil no Altar Central.<\/span><\/p>\n<p style=\"text-align: justify;\"><span style=\"line-height: 1.3em;\">O Patriarca Maronita iniciou a sua visita ao Brasil no \u00faltimo domingo (28) e deve permanecer no pa\u00eds at\u00e9 17 de maio.<\/span><\/p>\n<p style=\"text-align: justify;\"><span style=\"line-height: 1.3em;\">O Brasil \u00e9 uma das etapas do Patriarca, que realiza uma visita Pastoral pela Am\u00e9rica Latina desde 12 de abril, quando chegou \u00e0 Argentina, para encontrar a comunidade maronita e libanesa.<\/span><\/p>\n<p style=\"text-align: justify;\"><span style=\"line-height: 1.3em;\">Na ter\u00e7a-feira (30), o Patriarca esteve no Paraguai, mas retornou ao Brasil no mesmo dia.<\/span><\/p>\n<p style=\"text-align: justify;\"><span style=\"line-height: 1.3em;\">Nesta quinta-feira, o Patriarca dever\u00e1 encontrar-se em S\u00e3o Paulo com o governador do Estado, Geraldo Alckmin, e tamb\u00e9m com a comunidade libanesa. No s\u00e1bado (04), est\u00e1 previsto um encontro com o Cardeal Odilo Scherer.<\/span><\/p>\n<p style=\"text-align: justify;\"><span style=\"line-height: 1.3em;\">No dia 07 de maio, em Bras\u00edlia, Bechara Boutros ser\u00e1 recebido pelo vice-presidente da Rep\u00fablica, Michel Temer, e visitar\u00e1 a Embaixada do L\u00edbano. No dia seguinte, haver\u00e1 o encontro com o N\u00fancio Apost\u00f3lico no Brasil, Dom Giovanni d\u0092Aniello. O Patriarca encerra a visita pelo pa\u00eds na cidade do Rio de Janeiro, de onde partir\u00e1 para a Venezuela no dia 11.<\/span><\/p><\/p>\n","protected":false},"excerpt":{"rendered":"<p>O Santu\u00e1rio Nacional de Aparecida acolheu nesta quarta-feira (1\u00ba) o Patriarca maronita Cardeal Bechara Boutros Ra\u00ed. O Cardeal Bechara Boutros Ra\u00ed foi recebido pelo Arcebispo de Aparecida, Cardeal Raymundo Damasceno Assis, pelo Bispo Auxiliar, Dom Darci Jos\u00e9, pelo reitor do Santu\u00e1rio, Padre Domingos S\u00e1vio e pelo Prefeito de Igreja, Padre Valdivino Guimaraes. A comitiva visitou [&hellip;]<\/p>\n","protected":false},"author":1,"featured_media":0,"comment_status":"closed","ping_status":"closed","sticky":false,"template":"","format":"standard","meta":{"footnotes":""},"categories":[3],"tags":[],"class_list":["post-2731","post","type-post","status-publish","format-standard","hentry","category-vaticano"],"_links":{"self":[{"href":"https:\/\/catolicanet.net\/wp-cnet\/wp-json\/wp\/v2\/posts\/2731","targetHints":{"allow":["GET"]}}],"collection":[{"href":"https:\/\/catolicanet.net\/wp-cnet\/wp-json\/wp\/v2\/posts"}],"about":[{"href":"https:\/\/catolicanet.net\/wp-cnet\/wp-json\/wp\/v2\/types\/post"}],"author":[{"embeddable":true,"href":"https:\/\/catolicanet.net\/wp-cnet\/wp-json\/wp\/v2\/users\/1"}],"replies":[{"embeddable":true,"href":"https:\/\/catolicanet.net\/wp-cnet\/wp-json\/wp\/v2\/comments?post=2731"}],"version-history":[{"count":1,"href":"https:\/\/catolicanet.net\/wp-cnet\/wp-json\/wp\/v2\/posts\/2731\/revisions"}],"predecessor-version":[{"id":7198,"href":"https:\/\/catolicanet.net\/wp-cnet\/wp-json\/wp\/v2\/posts\/2731\/revisions\/7198"}],"wp:attachment":[{"href":"https:\/\/catolicanet.net\/wp-cnet\/wp-json\/wp\/v2\/media?parent=2731"}],"wp:term":[{"taxonomy":"category","embeddable":true,"href":"https:\/\/catolicanet.net\/wp-cnet\/wp-json\/wp\/v2\/categories?post=2731"},{"taxonomy":"post_tag","embeddable":true,"href":"https:\/\/catolicanet.net\/wp-cnet\/wp-json\/wp\/v2\/tags?post=2731"}],"curies":[{"name":"wp","href":"https:\/\/api.w.org\/{rel}","templated":true}]}}