{"id":2730,"date":"2013-05-02T17:00:02","date_gmt":"2013-05-02T20:00:02","guid":{"rendered":"http:\/\/catolicanet.net\/wp-cnet\/reliquia-de-joao-paulo-ii-estara-presente-na-jmj-rio2013\/"},"modified":"2017-03-22T11:09:54","modified_gmt":"2017-03-22T14:09:54","slug":"reliquia-de-joao-paulo-ii-estara-presente-na-jmj-rio2013","status":"publish","type":"post","link":"https:\/\/catolicanet.net\/wp-cnet\/reliquia-de-joao-paulo-ii-estara-presente-na-jmj-rio2013\/","title":{"rendered":"Rel\u00edquia de Jo\u00e3o Paulo II estar\u00e1 presente na JMJ Rio2013"},"content":{"rendered":"<p><p style=\"text-align: justify;\"><span style=\"line-height: 1.3em;\"><img decoding=\"async\" src=\"http:\/\/catolicanet.com.br\/images\/stories\/reliquiajoaopii.jpg\" border=\"0\" align=\"left\" \/>Uma rel\u00edquia do Beato Jo\u00e3o Paulo II estar\u00e1 presente na Jornada Mundial da Juventude que se realizar\u00e1 de 23 a 28 de julho pr\u00f3ximo, no Rio de Janeiro. <\/span><\/p>\n<p style=\"text-align: justify;\"><span style=\"line-height: 1.3em;\">Parte do sangue do idealizador das Jornadas Mundiais da Juventude est\u00e1 guardada numa ampola, num livro prata, em um relic\u00e1rio pr\u00f3prio, e estar\u00e1 dispon\u00edvel para a venera\u00e7\u00e3o dos fi\u00e9is. A rel\u00edquia do Papa Wojtyla ser\u00e1 exposta durante os principais eventos da JMJ. <\/span><\/p>\n<p style=\"text-align: justify;\"><span style=\"line-height: 1.3em;\">Segundo Pe. Arnaldo Rodrigues, um dos respons\u00e1veis do Setor de Prepara\u00e7\u00e3o Pastoral do Comit\u00ea Organizador Local (COL), a rel\u00edquia de Jo\u00e3o Paulo II chegar\u00e1 ao Brasil no dia 7 de julho e permanecer\u00e1 no pa\u00eds at\u00e9 13 de outubro deste ano. &#8220;Ela ficar\u00e1 exposta para venera\u00e7\u00e3o na Catedral do Rio de Janeiro. Estamos tamb\u00e9m preparando um trabalho pastoral p\u00f3s-jornada para aproveitar a presen\u00e7a da rel\u00edquia aqui&#8221;, completou Pe. Arnaldo.<\/span><\/p>\n<p style=\"text-align: justify;\"><span style=\"line-height: 1.3em;\">A rel\u00edquia de Jo\u00e3o Paulo II n\u00e3o ser\u00e1 a \u00fanica presente nesse evento juvenil. O Setor de Prepara\u00e7\u00e3o Pastoral do COL est\u00e1 trabalhando para levar tamb\u00e9m ao Brasil as rel\u00edquias do Beato Pier Giorgio Frassati, de Santa Teresa de Lisieux, da Beata Chiara Luce Badano, do Beato Federico Ozanam, e do brasileiro Santo Ant\u00f4nio de Sant&#8217;Ana Galv\u00e3o, todos eles patronos e intercessores da JMJ Rio2013. (MJ\/www.rio2013.com)<\/span><\/p><\/p>\n","protected":false},"excerpt":{"rendered":"<p>Uma rel\u00edquia do Beato Jo\u00e3o Paulo II estar\u00e1 presente na Jornada Mundial da Juventude que se realizar\u00e1 de 23 a 28 de julho pr\u00f3ximo, no Rio de Janeiro. Parte do sangue do idealizador das Jornadas Mundiais da Juventude est\u00e1 guardada numa ampola, num livro prata, em um relic\u00e1rio pr\u00f3prio, e estar\u00e1 dispon\u00edvel para a venera\u00e7\u00e3o [&hellip;]<\/p>\n","protected":false},"author":1,"featured_media":0,"comment_status":"closed","ping_status":"closed","sticky":false,"template":"","format":"standard","meta":{"footnotes":""},"categories":[3],"tags":[],"class_list":["post-2730","post","type-post","status-publish","format-standard","hentry","category-vaticano"],"_links":{"self":[{"href":"https:\/\/catolicanet.net\/wp-cnet\/wp-json\/wp\/v2\/posts\/2730","targetHints":{"allow":["GET"]}}],"collection":[{"href":"https:\/\/catolicanet.net\/wp-cnet\/wp-json\/wp\/v2\/posts"}],"about":[{"href":"https:\/\/catolicanet.net\/wp-cnet\/wp-json\/wp\/v2\/types\/post"}],"author":[{"embeddable":true,"href":"https:\/\/catolicanet.net\/wp-cnet\/wp-json\/wp\/v2\/users\/1"}],"replies":[{"embeddable":true,"href":"https:\/\/catolicanet.net\/wp-cnet\/wp-json\/wp\/v2\/comments?post=2730"}],"version-history":[{"count":1,"href":"https:\/\/catolicanet.net\/wp-cnet\/wp-json\/wp\/v2\/posts\/2730\/revisions"}],"predecessor-version":[{"id":7199,"href":"https:\/\/catolicanet.net\/wp-cnet\/wp-json\/wp\/v2\/posts\/2730\/revisions\/7199"}],"wp:attachment":[{"href":"https:\/\/catolicanet.net\/wp-cnet\/wp-json\/wp\/v2\/media?parent=2730"}],"wp:term":[{"taxonomy":"category","embeddable":true,"href":"https:\/\/catolicanet.net\/wp-cnet\/wp-json\/wp\/v2\/categories?post=2730"},{"taxonomy":"post_tag","embeddable":true,"href":"https:\/\/catolicanet.net\/wp-cnet\/wp-json\/wp\/v2\/tags?post=2730"}],"curies":[{"name":"wp","href":"https:\/\/api.w.org\/{rel}","templated":true}]}}