{"id":2729,"date":"2013-05-02T16:57:58","date_gmt":"2013-05-02T19:57:58","guid":{"rendered":"http:\/\/catolicanet.net\/wp-cnet\/papa-lembra-os-desempregados-no-twitter\/"},"modified":"2017-03-22T11:10:56","modified_gmt":"2017-03-22T14:10:56","slug":"papa-lembra-os-desempregados-no-twitter","status":"publish","type":"post","link":"https:\/\/catolicanet.net\/wp-cnet\/papa-lembra-os-desempregados-no-twitter\/","title":{"rendered":"Papa lembra os desempregados no twitter"},"content":{"rendered":"<p><p style=\"text-align: justify;\"><span style=\"line-height: 1.3em;\"><img decoding=\"async\" src=\"http:\/\/catolicanet.com.br\/images\/stories\/twitter.png\" border=\"0\" align=\"left\" \/>Depois de celebrar o dia 1\u00ba de maio, Festa do Trabalhador, o Papa Francisco voltou ao tema esta quinta-feira atrav\u00e9s de dois tu\u00edtes. O primeiro \u00e9 da Secretaria de Estado, citando o Papa Francisco: \u0093Pe\u00e7o a todos que, no limite de suas possibilidades, se esforcem para criar postos de trabalho e dar esperan\u00e7a aos trabalhadores\u0094.<\/span><\/p>\n<p style=\"text-align: justify;\"><span style=\"line-height: 1.3em;\">O segunda, da conta @pontifex, o Pont\u00edfice escreve: \u0093Penso em todos os que est\u00e3o desempregados, frequentemente por causa duma mentalidade ego\u00edsta que procura o lucro a todo o custo\u0094.<\/span><\/p>\n<p style=\"text-align: justify;\">Na homilia da missa celebrada no dia 1\u00ba de maio, Francisco definiu como \u0093injusta\u0094 uma sociedade que n\u00e3o oferece trabalho ou explora os trabalhadores.<\/p><\/p>\n","protected":false},"excerpt":{"rendered":"<p>Depois de celebrar o dia 1\u00ba de maio, Festa do Trabalhador, o Papa Francisco voltou ao tema esta quinta-feira atrav\u00e9s de dois tu\u00edtes. O primeiro \u00e9 da Secretaria de Estado, citando o Papa Francisco: \u0093Pe\u00e7o a todos que, no limite de suas possibilidades, se esforcem para criar postos de trabalho e dar esperan\u00e7a aos trabalhadores\u0094. [&hellip;]<\/p>\n","protected":false},"author":1,"featured_media":0,"comment_status":"closed","ping_status":"closed","sticky":false,"template":"","format":"standard","meta":{"footnotes":""},"categories":[7],"tags":[],"class_list":["post-2729","post","type-post","status-publish","format-standard","hentry","category-cnbb"],"_links":{"self":[{"href":"https:\/\/catolicanet.net\/wp-cnet\/wp-json\/wp\/v2\/posts\/2729","targetHints":{"allow":["GET"]}}],"collection":[{"href":"https:\/\/catolicanet.net\/wp-cnet\/wp-json\/wp\/v2\/posts"}],"about":[{"href":"https:\/\/catolicanet.net\/wp-cnet\/wp-json\/wp\/v2\/types\/post"}],"author":[{"embeddable":true,"href":"https:\/\/catolicanet.net\/wp-cnet\/wp-json\/wp\/v2\/users\/1"}],"replies":[{"embeddable":true,"href":"https:\/\/catolicanet.net\/wp-cnet\/wp-json\/wp\/v2\/comments?post=2729"}],"version-history":[{"count":1,"href":"https:\/\/catolicanet.net\/wp-cnet\/wp-json\/wp\/v2\/posts\/2729\/revisions"}],"predecessor-version":[{"id":7200,"href":"https:\/\/catolicanet.net\/wp-cnet\/wp-json\/wp\/v2\/posts\/2729\/revisions\/7200"}],"wp:attachment":[{"href":"https:\/\/catolicanet.net\/wp-cnet\/wp-json\/wp\/v2\/media?parent=2729"}],"wp:term":[{"taxonomy":"category","embeddable":true,"href":"https:\/\/catolicanet.net\/wp-cnet\/wp-json\/wp\/v2\/categories?post=2729"},{"taxonomy":"post_tag","embeddable":true,"href":"https:\/\/catolicanet.net\/wp-cnet\/wp-json\/wp\/v2\/tags?post=2729"}],"curies":[{"name":"wp","href":"https:\/\/api.w.org\/{rel}","templated":true}]}}