{"id":2721,"date":"2013-04-30T12:05:50","date_gmt":"2013-04-30T15:05:50","guid":{"rendered":"http:\/\/catolicanet.net\/wp-cnet\/papa-francisco-aos-jovens-qarrisquem-a-vida-por-grandes-ideaisq\/"},"modified":"2017-03-21T16:33:21","modified_gmt":"2017-03-21T19:33:21","slug":"papa-francisco-aos-jovens-qarrisquem-a-vida-por-grandes-ideaisq","status":"publish","type":"post","link":"https:\/\/catolicanet.net\/wp-cnet\/papa-francisco-aos-jovens-qarrisquem-a-vida-por-grandes-ideaisq\/","title":{"rendered":"Papa Francisco aos jovens: &#8220;Arrisquem a vida por grandes ideais&#8221;"},"content":{"rendered":"<p><p style=\"text-align: justify;\"><span style=\"line-height: 1.3em;\"><img decoding=\"async\" src=\"http:\/\/catolicanet.com.br\/images\/stories\/papacrianca.jpg\" border=\"0\" align=\"left\" \/>Neste domingo, 28 de abril, Papa Francisco presidiu uma missa na qual crismou 44 jovens dos cinco continentes. A celebra\u00e7\u00e3o se insere na programa\u00e7\u00e3o organizada pelo Pontif\u00edcio Conselho para a Nova Evangeliza\u00e7\u00e3o no \u00e2mbito do Ano da F\u00e9. O forte sol e calor desta manh\u00e3 de primavera contribu\u00edram e a Pra\u00e7a S\u00e3o Pedro ficou tomada por 100 mil fi\u00e9is, em grande maioria, jovens.<\/span><\/p>\n<p style=\"text-align: justify;\"><span style=\"line-height: 1.3em;\">Na homilia, o Papa prop\u00f4s \u00e0 reflex\u00e3o tr\u00eas pensamentos, simples e breves, inspirados nas leituras do dia.<\/span><\/p>\n<p style=\"text-align: justify;\"><span style=\"line-height: 1.3em;\">O primeiro partiu da vis\u00e3o de S\u00e3o Jo\u00e3o da a\u00e7\u00e3o do Esp\u00edrito Santo, que ao trazer-nos a novidade de Deus, vem a n\u00f3s e faz novas todas as coisas: transforma-nos e atrav\u00e9s de n\u00f3s, quer transformar tamb\u00e9m o mundo onde vivemos. Prosseguindo, Francisco exortou:<\/span><\/p>\n<p style=\"text-align: justify;\"><span style=\"line-height: 1.3em;\">\u0093Abramos-Lhe a porta, fa\u00e7amo-nos guiar por Ele, deixemos que a a\u00e7\u00e3o cont\u00ednua de Deus nos torne homens e mulheres novos, animados pelo amor de Deus. Como seria belo se cada um de v\u00f3s pudesse, ao fim do dia, dizer: Hoje na escola, em casa, no trabalho, guiado por Deus, realizei um gesto de amor por um colega meu, pelos meus pais, por um idoso\u0094.<\/span><\/p>\n<p style=\"text-align: justify;\"><span style=\"line-height: 1.3em;\">A novidade de Deus, disse, \u0093n\u00e3o \u00e9 como as inova\u00e7\u00f5es do mundo, que s\u00e3o todas provis\u00f3rias, passam e procuramos outras sem cessar. A novidade que Deus d\u00e1 \u00e0 nossa vida \u00e9 definitiva; e n\u00e3o apenas no futuro quando estivermos com Ele, mas j\u00e1 hoje\u0094.<\/span><\/p>\n<p style=\"text-align: justify;\"><span style=\"line-height: 1.3em;\">O segundo pensamento se inspirou na Primeira Leitura, quando Paulo e Barnab\u00e9 afirmam que \u0093temos de sofrer muitas tribula\u00e7\u00f5es para entrarmos no Reino de Deus\u0094.<\/span><\/p>\n<p style=\"text-align: justify;\"><span style=\"line-height: 1.3em;\">\u0093O caminho da Igreja e tamb\u00e9m o nosso caminho pessoal de crist\u00e3os n\u00e3o s\u00e3o sempre f\u00e1ceis\u0094, disse, advertindo que \u0093seguir o Senhor, deixar que o seu Esp\u00edrito transforme nossas zonas sombrias, nossos comportamentos em desacordo com Deus e lave os nossos pecados \u00e9 um caminho que encontra obst\u00e1culos fora de n\u00f3s, no mundo onde vivemos e que muitas vezes n\u00e3o nos compreende\u0094.<\/span><\/p>\n<p style=\"text-align: justify;\"><span style=\"line-height: 1.3em;\">\u0093Mas as dificuldades e tribula\u00e7\u00f5es fazem parte da estrada para chegar \u00e0 gl\u00f3ria de Deus\u0094 &#8211; concluiu.<\/span><\/p>\n<p style=\"text-align: justify;\"><span style=\"line-height: 1.3em;\">No \u00faltimo ponto, Francisco convidou todos, especialmente os crismandos e crismandas, a permanecerem firmes no caminho da f\u00e9, com segura esperan\u00e7a no Senhor:<\/span><\/p>\n<p style=\"text-align: justify;\"><span style=\"line-height: 1.3em;\">\u0093Este \u00e9 o segredo do nosso caminho. Ele nos d\u00e1 coragem para ir contra a corrente: faz bem ao cora\u00e7\u00e3o, mas \u00e9 preciso coragem!\u0094. O Papa ressalvou que isto \u00e9 verdade principalmente quando nos sentimos pobres, fracos ou pecadores, porque Deus proporciona for\u00e7a \u00e0 nossa fraqueza, riqueza \u00e0 nossa pobreza, convers\u00e3o ao nosso pecado.<\/span><\/p>\n<p style=\"text-align: justify;\"><span style=\"line-height: 1.3em;\">Francisco terminou a homilia usando a mesma express\u00e3o de Papa Wojtyla, em 1978:<\/span><\/p>\n<p style=\"text-align: justify;\"><span style=\"line-height: 1.3em;\">\u0093Abramos \u0096 escancaremos &#8211; a porta da nossa vida \u00e0 novidade de Deus que nos d\u00e1 o Esp\u00edrito Santo, para que nos transforme, nos torne fortes nas tribula\u00e7\u00f5es, reforce a nossa uni\u00e3o com o Senhor, o nosso permanecer firmes Nele: aqui est\u00e1 a verdadeira alegria\u0094.<\/span><\/p>\n<p style=\"text-align: justify;\"><span style=\"line-height: 1.3em;\">Dirigindo-se ainda aos jovens, acrescentou: \u0093Joguem a vida por grandes ideais. Apostem em grandes ideais, em coisas grandes; n\u00e3o fomos escolhidos pelo Senhor para \u0091coisinhas pequenas\u0092, mas para coisas grandes!\u0094.<\/span><\/p>\n<p style=\"text-align: justify;\"><span style=\"line-height: 1.3em;\">Ap\u00f3s a homilia, os jovens se aproximaram do Pont\u00edfice para o rito da Confirma\u00e7\u00e3o. O brasileiro Victor Chaves Costa Lima, de 16 anos, foi um dos que nesta cerim\u00f4nia, expressaram a sua plena e livre decis\u00e3o de aderir \u00e0 f\u00e9 batismal.<\/span><\/p><\/p>\n","protected":false},"excerpt":{"rendered":"<p>Neste domingo, 28 de abril, Papa Francisco presidiu uma missa na qual crismou 44 jovens dos cinco continentes. A celebra\u00e7\u00e3o se insere na programa\u00e7\u00e3o organizada pelo Pontif\u00edcio Conselho para a Nova Evangeliza\u00e7\u00e3o no \u00e2mbito do Ano da F\u00e9. O forte sol e calor desta manh\u00e3 de primavera contribu\u00edram e a Pra\u00e7a S\u00e3o Pedro ficou tomada [&hellip;]<\/p>\n","protected":false},"author":1,"featured_media":0,"comment_status":"closed","ping_status":"closed","sticky":false,"template":"","format":"standard","meta":{"footnotes":""},"categories":[7],"tags":[],"class_list":["post-2721","post","type-post","status-publish","format-standard","hentry","category-cnbb"],"_links":{"self":[{"href":"https:\/\/catolicanet.net\/wp-cnet\/wp-json\/wp\/v2\/posts\/2721","targetHints":{"allow":["GET"]}}],"collection":[{"href":"https:\/\/catolicanet.net\/wp-cnet\/wp-json\/wp\/v2\/posts"}],"about":[{"href":"https:\/\/catolicanet.net\/wp-cnet\/wp-json\/wp\/v2\/types\/post"}],"author":[{"embeddable":true,"href":"https:\/\/catolicanet.net\/wp-cnet\/wp-json\/wp\/v2\/users\/1"}],"replies":[{"embeddable":true,"href":"https:\/\/catolicanet.net\/wp-cnet\/wp-json\/wp\/v2\/comments?post=2721"}],"version-history":[{"count":1,"href":"https:\/\/catolicanet.net\/wp-cnet\/wp-json\/wp\/v2\/posts\/2721\/revisions"}],"predecessor-version":[{"id":7123,"href":"https:\/\/catolicanet.net\/wp-cnet\/wp-json\/wp\/v2\/posts\/2721\/revisions\/7123"}],"wp:attachment":[{"href":"https:\/\/catolicanet.net\/wp-cnet\/wp-json\/wp\/v2\/media?parent=2721"}],"wp:term":[{"taxonomy":"category","embeddable":true,"href":"https:\/\/catolicanet.net\/wp-cnet\/wp-json\/wp\/v2\/categories?post=2721"},{"taxonomy":"post_tag","embeddable":true,"href":"https:\/\/catolicanet.net\/wp-cnet\/wp-json\/wp\/v2\/tags?post=2721"}],"curies":[{"name":"wp","href":"https:\/\/api.w.org\/{rel}","templated":true}]}}