{"id":2720,"date":"2013-04-30T12:01:24","date_gmt":"2013-04-30T15:01:24","guid":{"rendered":"http:\/\/catolicanet.net\/wp-cnet\/cefep-e-cnlb-promovem-encontro-de-politicos-catolicos\/"},"modified":"2017-03-21T16:32:39","modified_gmt":"2017-03-21T19:32:39","slug":"cefep-e-cnlb-promovem-encontro-de-politicos-catolicos","status":"publish","type":"post","link":"https:\/\/catolicanet.net\/wp-cnet\/cefep-e-cnlb-promovem-encontro-de-politicos-catolicos\/","title":{"rendered":"CEFEP e CNLB promovem encontro de pol\u00edticos cat\u00f3licos"},"content":{"rendered":"<p><p style=\"text-align: justify;\"><span style=\"line-height: 1.3em;\"><img decoding=\"async\" src=\"http:\/\/catolicanet.com.br\/images\/stories\/foto_politicos.jpg\" border=\"0\" align=\"left\" \/>Entre os dias 26 a 28 de abril de 2013, no Centro Cultural Mission\u00e1rio, (CCM), em Bras\u00edlia, houve um encontro de pol\u00edticos cat\u00f3licos. Participaram do evento cerca de 30 participantes entre vereadores e prefeitos cat\u00f3licos, eleitos, e candidatos n\u00e3o eleitos. O encontro foi promovido pelo Centro Nacional de F\u00e9 e Pol\u00edtica Dom Helder C\u00e2mara (CEFEP) e do Conselho Nacional dos leigos do Brasil (CNLB).<\/span><\/p>\n<p style=\"text-align: justify;\"><span style=\"line-height: 1.3em;\">\u0093O objetivo do encontro foi reunir alunos e ex-alunos do CEFEP e do CNLB, para aprofundar sobre a consci\u00eancia crist\u00e3 diante do compromisso de um mandato eletivo. Para que, posteriormente, a experi\u00eancia partilhada durante o encontro, seja levada para os diferentes regionais do Brasil\u0094, explicou o secret\u00e1rio-executivo do CEFEP, padre Jos\u00e9 Ernanne Pinheiro. \u0093O evento aconteceu num clima de reflex\u00e3o madura e de ora\u00e7\u00e3o. O trabalho se deu numa metodologia exigente, mas produtiva\u0094, completou.<\/span><\/p>\n<p style=\"text-align: justify;\"><span style=\"line-height: 1.3em;\">Durante a reuni\u00e3o, foi proposta uma Palestra sobre a Gaudium et Spes e a pol\u00edtica, seguida da hist\u00f3ria e desafios da 5\u00aa Semana Social Brasileira (SSB). Em seguida, houve um momento de partilha de experi\u00eancias. Na parte da tarde, foram realizadas tr\u00eas oficinas, explicitando a bela experi\u00eancia de mandato participativo, sobretudo em Guarapuava (PA), onde a vice-prefeita contou com um grande n\u00famero de mulheres.<\/span><\/p>\n<p style=\"text-align: justify;\"><span style=\"line-height: 1.3em;\">Uma segunda oficina tratou das fragilidades e desafios do legislativo municipal. Foram sugeridas audi\u00eancias p\u00fabicas, e Comiss\u00f5es tem\u00e1ticas, mais acess\u00edveis \u00e0 participa\u00e7\u00e3o do povo. A terceira oficina tratou do marketing pol\u00edtico. Na \u00faltima parte do encontro, foi feita uma reflex\u00e3o sobre o texto votado na \u00faltima Assembleia Geral da CNBB, chamado \u0091Igreja e Elei\u00e7\u00f5es\u0092.<\/span><\/p><\/p>\n","protected":false},"excerpt":{"rendered":"<p>Entre os dias 26 a 28 de abril de 2013, no Centro Cultural Mission\u00e1rio, (CCM), em Bras\u00edlia, houve um encontro de pol\u00edticos cat\u00f3licos. Participaram do evento cerca de 30 participantes entre vereadores e prefeitos cat\u00f3licos, eleitos, e candidatos n\u00e3o eleitos. O encontro foi promovido pelo Centro Nacional de F\u00e9 e Pol\u00edtica Dom Helder C\u00e2mara (CEFEP) [&hellip;]<\/p>\n","protected":false},"author":1,"featured_media":0,"comment_status":"closed","ping_status":"closed","sticky":false,"template":"","format":"standard","meta":{"footnotes":""},"categories":[7],"tags":[],"class_list":["post-2720","post","type-post","status-publish","format-standard","hentry","category-cnbb"],"_links":{"self":[{"href":"https:\/\/catolicanet.net\/wp-cnet\/wp-json\/wp\/v2\/posts\/2720","targetHints":{"allow":["GET"]}}],"collection":[{"href":"https:\/\/catolicanet.net\/wp-cnet\/wp-json\/wp\/v2\/posts"}],"about":[{"href":"https:\/\/catolicanet.net\/wp-cnet\/wp-json\/wp\/v2\/types\/post"}],"author":[{"embeddable":true,"href":"https:\/\/catolicanet.net\/wp-cnet\/wp-json\/wp\/v2\/users\/1"}],"replies":[{"embeddable":true,"href":"https:\/\/catolicanet.net\/wp-cnet\/wp-json\/wp\/v2\/comments?post=2720"}],"version-history":[{"count":1,"href":"https:\/\/catolicanet.net\/wp-cnet\/wp-json\/wp\/v2\/posts\/2720\/revisions"}],"predecessor-version":[{"id":7122,"href":"https:\/\/catolicanet.net\/wp-cnet\/wp-json\/wp\/v2\/posts\/2720\/revisions\/7122"}],"wp:attachment":[{"href":"https:\/\/catolicanet.net\/wp-cnet\/wp-json\/wp\/v2\/media?parent=2720"}],"wp:term":[{"taxonomy":"category","embeddable":true,"href":"https:\/\/catolicanet.net\/wp-cnet\/wp-json\/wp\/v2\/categories?post=2720"},{"taxonomy":"post_tag","embeddable":true,"href":"https:\/\/catolicanet.net\/wp-cnet\/wp-json\/wp\/v2\/tags?post=2720"}],"curies":[{"name":"wp","href":"https:\/\/api.w.org\/{rel}","templated":true}]}}