{"id":2719,"date":"2023-04-30T00:00:00","date_gmt":"2023-04-30T03:00:00","guid":{"rendered":"http:\/\/catolicanet.net\/wp-cnet\/sao-pio-v\/"},"modified":"2023-01-02T18:55:47","modified_gmt":"2023-01-02T21:55:47","slug":"sao-pio-v","status":"publish","type":"post","link":"https:\/\/catolicanet.net\/wp-cnet\/sao-pio-v\/","title":{"rendered":"S\u00e3o Pio V \/ S\u00e3o Jos\u00e9 Benedito Cottolengo"},"content":{"rendered":"<p><span style=\"line-height: 1.3em;\">O Papa Pio V \u00e9 venerado por ter unido a Europa, acabando com as guerras internas para que todos se voltassem contra o verdadeiro inimigo, os turcos, vencidos finalmente em 1571.<\/span><\/p>\n<p style=\"text-align: justify;\">Mas \u00e9 preciso lembrar que ele implantou reformas essenciais tamb\u00e9m dentro do cristianismo, acabando com o nepotismo na Igreja, um mal que at\u00e9 hoje afeta as comunidades no \u00e2mbito pol\u00edtico. Tamb\u00e9m n\u00e3o se pode esquecer que defendeu o catolicismo com corpo e alma, unhas e dentes, quando preciso, chegando a excomungar a Rainha Elisabete I, da Inglaterra.<\/p>\n<p style=\"text-align: justify;\">Miguel Ghisleri nasceu em 1504, em Bosco Marengo, na prov\u00edncia de Alexandria e, aos quatorze anos j\u00e1 ingressara na congrega\u00e7\u00e3o dos dominicanos. Depois que se ordenou sacerdote, sua carreira correu na Terra como um raio. Foi professor, prior de convento, superior provincial, inquisidor em Como e B\u00e9rgamo, bispo de Sutri e Nepi, depois cardeal, grande inquisidor, bispo de Mondovi e, finalmente, papa, em 1566, tomando o nome de Pio V.<\/p>\n<p style=\"text-align: justify;\"><span style=\"line-height: 1.3em;\">Assim que assumiu foi procurado em Roma por dezenas de parentes. N\u00e3o deu &#8220;emprego&#8221; a nenhum, afirmando ainda que um parente do papa, se n\u00e3o estiver na mis\u00e9ria, &#8220;j\u00e1 est\u00e1 bastante rico&#8221;. Implantou ainda outras mudan\u00e7as no campo pastoral, aprovadas no Conc\u00edlio de Trento: a obriga\u00e7\u00e3o de resid\u00eancia para os bispos, a clausura dos religiosos, o celibato e a santidade de vida dos sacerdotes, as visitas pastorais dos bispos, o incremento das miss\u00f5es e a censura das publica\u00e7\u00f5es, para que n\u00e3o contivessem material doutrin\u00e1rio n\u00e3o aprovado pela Igreja. Depois de conseguir a uni\u00e3o dos pa\u00edses cat\u00f3licos, com a conseq\u00fcente vit\u00f3ria sobre os turcos invasores e de ter decretado a excomunh\u00e3o e deposi\u00e7\u00e3o da pr\u00f3pria rainha da Inglaterra, o furac\u00e3o se extinguiu. Papa Pio V morreu em 1572, sendo canonizado em 1712.<\/span><\/p>\n<p style=\"text-align: justify;\"><span style=\"line-height: 1.3em;\">Sua mem\u00f3ria, antes homenageada em 5 de maio, com a reforma do calend\u00e1rio lit\u00fargico passou a ser festejada nesta data, 30 de abril.<\/span><\/p>\n<p style=\"text-align: justify;\">\n<p style=\"text-align: justify;\"><strong>S\u00e3o Jos\u00e9 Benedito Cottolengo <\/strong><\/p>\n<p style=\"text-align: justify;\"><img decoding=\"async\" src=\"http:\/\/catolicanet.com.br\/images\/stories\/santo\/388226a514ea62c3299b420dc2ecb124.jpg\" align=\"left\" border=\"0\" \/>Jos\u00e9 Benedito Cotolengo nasceu em Br\u00e1, na prov\u00edncia de Cuneo, no norte da It\u00e1lia, no dia 3 de maio de 1786. Era o mais velho dos doze filhos de uma fam\u00edlia crist\u00e3 muito piedosa. Ele tinha apenas cinco anos quando sua m\u00e3e o viu medindo os quartos da casa com uma vara, para saber quantos doentes pobres caberiam neles. Dizia que quando crescesse queria encher sua casa com esses necessitados, fazendo dela &#8220;seu hospital&#8221;. O epis\u00f3dio foi um gesto prof\u00e9tico. Na cidade de Br\u00e1, ainda se conserva esta casa.<\/p>\n<p style=\"text-align: justify;\"><span style=\"line-height: 1.3em;\">Com dezessete anos ingressou no semin\u00e1rio e aos vinte e cinco se ordenou sacerdote na diocese de Turim. Seu minist\u00e9rio foi marcado por uma profunda compaix\u00e3o pelos mais desprotegidos, esperando sempre a hora oportuna para concretizar os ideais de sua voca\u00e7\u00e3o.<\/span><\/p>\n<p style=\"text-align: justify;\"><span style=\"line-height: 1.3em;\">Em 1837, padre Jos\u00e9 Benedito foi chamado para ministrar os sacramentos \u00e0 uma mulher gr\u00e1vida, v\u00edtima de doen\u00e7a fatal. Ela estava morrendo e mesmo assim, os hospitais n\u00e3o a internaram, alegando que n\u00e3o havia leitos dispon\u00edveis para os pobres. Ele nada p\u00f4de fazer. Entretanto, depois que ela morreu e ter confortado os familiares, o padre se retirou para rezar. Ao terminar as ora\u00e7\u00f5es, mandou tocar os sinos e avisou a todos os fi\u00e9is que era chegada a hora de &#8220;ajudar a Provid\u00eancia Divina&#8221;.<\/span><\/p>\n<p style=\"text-align: justify;\"><span style=\"line-height: 1.3em;\">Alugou uma casa e conseguiu colocar nela leitos e rem\u00e9dios, onde passou a abrigar os doentes marginalizados, trabalhando ele mesmo como enfermeiro e buscando recursos para mant\u00ea-la, mas sem abandonar as fun\u00e7\u00f5es de p\u00e1roco. Era t\u00e3o dedicado aos seus fi\u00e9is a ponto de rezar uma missa \u00e0s tr\u00eas horas da madrugada, para que os camponeses pudessem ir para seus campos de trabalho com a palavra do Senhor cravada em seus cora\u00e7\u00f5es.<\/span><\/p>\n<p style=\"text-align: justify;\"><span style=\"line-height: 1.3em;\">Os pol\u00edticos da cidade, incomodados com sua atua\u00e7\u00e3o, conseguiram fechar a casa. Mas ele n\u00e3o desistiu. Fundou a Congrega\u00e7\u00e3o religiosa da Pequena Casa da Divina Provid\u00eancia e as Damas da Caridade ou Cotolenguinas, com a finalidade de servir aos pequeninos, aos deficientes e aos doentes. Os fundos deveriam vir apenas das doa\u00e7\u00f5es e da ajuda das pessoas simples. Padre Jos\u00e9 Benedito Cottolengo tinha como lema &#8220;caridade e confian\u00e7a&#8221;: fazer todo o bem poss\u00edvel e confiar sempre em Deus. Comprou uma hospedaria abandonada na periferia da cidade e reabriu com o nome de &#8220;Pequena Casa da Divina Provid\u00eancia&#8221;.<\/span><\/p>\n<p style=\"text-align: justify;\"><span style=\"line-height: 1.3em;\">Diante do Sant\u00edssimo Sacramento, padre Jos\u00e9 Benedito e todos os leigos e religiosos, que se uniram a ele nesta experi\u00eancia de Deus, buscavam for\u00e7as para bem servir os doentes desamparados, pois como ele mesmo dizia: &#8220;Se soubesses quem s\u00e3o os pobres, os servirias de joelhos!&#8221;. Morreu de fadiga, no dia 30 de abril de 1842, com cinq\u00fcenta e seis anos.<\/span><\/p>\n<p style=\"text-align: justify;\"><span style=\"line-height: 1.3em;\">A primeira casa passou a receber todos os tipos de renegados: portadores de doen\u00e7as contagiosas, f\u00edsicas e ps\u00edquicas, em estado terminal ou n\u00e3o. Ainda hoje abriga quase vinte mil pessoas, servidas por cerca de oitocentas irm\u00e3s religiosas e volunt\u00e1rias. A congrega\u00e7\u00e3o pode ser encontrada nos cinco continentes, e continua como a primeira: sem receber ajuda do Estado ou de qualquer outra Institui\u00e7\u00e3o. O padre Jos\u00e9 Benedito Cotolengo foi canonizado por Pio XI, em 1934, sua festa lit\u00fargica ocorre no dia 30 de abril.<\/span><\/p>\n<p>&nbsp;<\/p>\n","protected":false},"excerpt":{"rendered":"<p>O Papa Pio V \u00e9 venerado por ter unido a Europa, acabando com as guerras internas para que todos se voltassem contra o verdadeiro inimigo, os turcos, vencidos finalmente em 1571. Mas \u00e9 preciso lembrar que ele implantou reformas essenciais tamb\u00e9m dentro do cristianismo, acabando com o nepotismo na Igreja, um mal que at\u00e9 hoje [&hellip;]<\/p>\n","protected":false},"author":1,"featured_media":22212,"comment_status":"closed","ping_status":"closed","sticky":false,"template":"","format":"standard","meta":{"footnotes":""},"categories":[32],"tags":[],"class_list":["post-2719","post","type-post","status-publish","format-standard","has-post-thumbnail","hentry","category-santo-do-dia"],"_links":{"self":[{"href":"https:\/\/catolicanet.net\/wp-cnet\/wp-json\/wp\/v2\/posts\/2719","targetHints":{"allow":["GET"]}}],"collection":[{"href":"https:\/\/catolicanet.net\/wp-cnet\/wp-json\/wp\/v2\/posts"}],"about":[{"href":"https:\/\/catolicanet.net\/wp-cnet\/wp-json\/wp\/v2\/types\/post"}],"author":[{"embeddable":true,"href":"https:\/\/catolicanet.net\/wp-cnet\/wp-json\/wp\/v2\/users\/1"}],"replies":[{"embeddable":true,"href":"https:\/\/catolicanet.net\/wp-cnet\/wp-json\/wp\/v2\/comments?post=2719"}],"version-history":[{"count":3,"href":"https:\/\/catolicanet.net\/wp-cnet\/wp-json\/wp\/v2\/posts\/2719\/revisions"}],"predecessor-version":[{"id":22213,"href":"https:\/\/catolicanet.net\/wp-cnet\/wp-json\/wp\/v2\/posts\/2719\/revisions\/22213"}],"wp:featuredmedia":[{"embeddable":true,"href":"https:\/\/catolicanet.net\/wp-cnet\/wp-json\/wp\/v2\/media\/22212"}],"wp:attachment":[{"href":"https:\/\/catolicanet.net\/wp-cnet\/wp-json\/wp\/v2\/media?parent=2719"}],"wp:term":[{"taxonomy":"category","embeddable":true,"href":"https:\/\/catolicanet.net\/wp-cnet\/wp-json\/wp\/v2\/categories?post=2719"},{"taxonomy":"post_tag","embeddable":true,"href":"https:\/\/catolicanet.net\/wp-cnet\/wp-json\/wp\/v2\/tags?post=2719"}],"curies":[{"name":"wp","href":"https:\/\/api.w.org\/{rel}","templated":true}]}}